{"id":32015,"date":"2010-10-18T11:09:51","date_gmt":"2010-10-18T15:09:51","guid":{"rendered":"http:\/\/www.redenoticia.com.br\/noticia\/?p=32015"},"modified":"2010-10-18T11:09:51","modified_gmt":"2010-10-18T15:09:51","slug":"enem-2010-inscrito-recebera-cartao-para-a-prova-ate-2510","status":"publish","type":"post","link":"https:\/\/www.redenoticia.com.br\/noticia\/2010\/enem-2010-inscrito-recebera-cartao-para-a-prova-ate-2510\/32015","title":{"rendered":"Enem 2010 &#8211; inscrito receber\u00e1 cart\u00e3o para a prova at\u00e9 25\/10"},"content":{"rendered":"<p><strong><em><img loading=\"lazy\" decoding=\"async\" class=\"alignleft size-full wp-image-22504\" title=\"enem inscricao\" src=\"https:\/\/www.redenoticia.com.br\/noticia\/imagens\/enem-inscricao.jpg\" alt=\"\" width=\"300\" height=\"193\" srcset=\"https:\/\/www.redenoticia.com.br\/noticia\/imagens\/enem-inscricao.jpg 300w, https:\/\/www.redenoticia.com.br\/noticia\/imagens\/enem-inscricao-250x160.jpg 250w, https:\/\/www.redenoticia.com.br\/noticia\/imagens\/enem-inscricao-150x96.jpg 150w\" sizes=\"auto, (max-width: 300px) 100vw, 300px\" \/>Enem 2010 <\/em><\/strong>&#8211; o Exame Nacional do Ensino M\u00e9dio  (Enem) recebeu este ano 4,6 milh\u00f5es de inscri\u00e7\u00f5es. As <strong><em>provas <\/em><\/strong>ser\u00e3o aplicadas em  mais de 1.600 munic\u00edpios nos dias 6 e 7 de  novembro.\u00a0O cronograma do Enem 2010 est\u00e1 em pleno andamento. Os  <strong><em>cart\u00f5es de identifica\u00e7\u00e3o<\/em><\/strong> dos inscritos, que devem ser apresentados nos dias das  provas, j\u00e1 foram expedidos pelo Inep. Os primeiros tr\u00eas lotes de cart\u00f5es Enem 2010\u00a0foram  enviados para os estados mais distantes, especialmente das regi\u00f5es Norte,  Nordeste e Centro-Oeste.<\/p>\n<p>Depois foram expedidos os cart\u00f5es de  identifica\u00e7\u00e3o para os candidatos das regi\u00f5es Sul e Sudeste. Cada um dos 4,6  milh\u00f5es de alunos receber\u00e1 seu cart\u00e3o at\u00e9 dia 25 de outubro. As  provas, de acordo com o Inep, est\u00e3o em processo de impress\u00e3o.<\/p>\n<p>Em 2009,  dos 4,1 milh\u00f5es de inscritos, mais de 70% expressaram no question\u00e1rio  socioecon\u00f4mico que fariam a prova em busca de uma vaga em curso superior,  segundo levantamento do Instituto Nacional de Estudos e Pesquisas Educacionais  An\u00edsio Teixeira (Inep), autarquia do MEC que coordena o exame.<\/p>\n<p>Com as  notas do Enem, os estudantes podem buscar uma vaga na gradua\u00e7\u00e3o de diversas  formas: nas institui\u00e7\u00f5es federais de ensino superior, que re\u00fane universidades e  institutos federais de educa\u00e7\u00e3o, por meio do Sistema de Sele\u00e7\u00e3o Unificada  (Sisu); em institui\u00e7\u00f5es particulares de ensino superior com bolsas do Programa  Universidade para Todos (ProUni); em institui\u00e7\u00f5es p\u00fablicas estaduais e  municipais que usam a nota do Enem para a primeira etapa da sele\u00e7\u00e3o ou como  parte da nota de ingresso; e a partir de 2011 para obter o Fies.<\/p>\n<p>Dados da  Secretaria de Educa\u00e7\u00e3o Superior do MEC mostram que no primeiro semestre de 2010,  51 institui\u00e7\u00f5es federais de ensino superior aderiram ao Sisu e ofereceram, em  conjunto, 47,9 mil vagas; no segundo semestre, 15 universidades federais, 18  institutos federais de educa\u00e7\u00e3o e duas universidades estaduais ofereceram 16,5  mil vagas pelo Sisu.<\/p>\n<p>J\u00e1 o ProUni 2010 ofereceu 240,3 mil bolsas de  estudos integrais e parciais de 50% da mensalidade para que jovens fa\u00e7am uma  faculdade em institui\u00e7\u00e3o privada de ensino superior.<\/p>\n<p>Assessoria de  Comunica\u00e7\u00e3o Social<\/p>\n","protected":false},"excerpt":{"rendered":"<p>Enem 2010 &#8211; o Exame Nacional do Ensino M\u00e9dio (Enem) recebeu este ano 4,6 milh\u00f5es de inscri\u00e7\u00f5es. As provas ser\u00e3o aplicadas em mais de 1.600 munic\u00edpios nos dias 6 e 7 de novembro.\u00a0O cronograma do Enem 2010 est\u00e1 em pleno andamento. Os cart\u00f5es de identifica\u00e7\u00e3o dos inscritos, que devem ser apresentados nos dias das provas, [&hellip;]<\/p>\n","protected":false},"author":3,"featured_media":22504,"comment_status":"open","ping_status":"open","sticky":false,"template":"","format":"standard","meta":{"_genesis_hide_title":false,"_genesis_hide_breadcrumbs":false,"_genesis_hide_singular_image":false,"_genesis_hide_footer_widgets":false,"_genesis_custom_body_class":"","_genesis_custom_post_class":"","_genesis_layout":"","_jetpack_memberships_contains_paid_content":false,"footnotes":""},"categories":[22],"tags":[],"class_list":{"0":"post-32015","1":"post","2":"type-post","3":"status-publish","4":"format-standard","5":"has-post-thumbnail","7":"category-brasil","8":"entry","9":"gs-1","10":"gs-odd","11":"gs-even","12":"gs-featured-content-entry"},"jetpack_featured_media_url":"https:\/\/www.redenoticia.com.br\/noticia\/imagens\/enem-inscricao.jpg","jetpack_sharing_enabled":true,"jetpack_likes_enabled":true,"_links":{"self":[{"href":"https:\/\/www.redenoticia.com.br\/noticia\/wp-json\/wp\/v2\/posts\/32015","targetHints":{"allow":["GET"]}}],"collection":[{"href":"https:\/\/www.redenoticia.com.br\/noticia\/wp-json\/wp\/v2\/posts"}],"about":[{"href":"https:\/\/www.redenoticia.com.br\/noticia\/wp-json\/wp\/v2\/types\/post"}],"author":[{"embeddable":true,"href":"https:\/\/www.redenoticia.com.br\/noticia\/wp-json\/wp\/v2\/users\/3"}],"replies":[{"embeddable":true,"href":"https:\/\/www.redenoticia.com.br\/noticia\/wp-json\/wp\/v2\/comments?post=32015"}],"version-history":[{"count":0,"href":"https:\/\/www.redenoticia.com.br\/noticia\/wp-json\/wp\/v2\/posts\/32015\/revisions"}],"wp:featuredmedia":[{"embeddable":true,"href":"https:\/\/www.redenoticia.com.br\/noticia\/wp-json\/wp\/v2\/media\/22504"}],"wp:attachment":[{"href":"https:\/\/www.redenoticia.com.br\/noticia\/wp-json\/wp\/v2\/media?parent=32015"}],"wp:term":[{"taxonomy":"category","embeddable":true,"href":"https:\/\/www.redenoticia.com.br\/noticia\/wp-json\/wp\/v2\/categories?post=32015"},{"taxonomy":"post_tag","embeddable":true,"href":"https:\/\/www.redenoticia.com.br\/noticia\/wp-json\/wp\/v2\/tags?post=32015"}],"curies":[{"name":"wp","href":"https:\/\/api.w.org\/{rel}","templated":true}]}}