{"id":32013,"date":"2010-10-18T10:58:59","date_gmt":"2010-10-18T14:58:59","guid":{"rendered":"http:\/\/www.redenoticia.com.br\/noticia\/?p=32013"},"modified":"2010-10-18T10:58:59","modified_gmt":"2010-10-18T14:58:59","slug":"novo-grupo-de-pesquisa-em-ciencias-atmosfericas-e-espaciais","status":"publish","type":"post","link":"https:\/\/www.redenoticia.com.br\/noticia\/2010\/novo-grupo-de-pesquisa-em-ciencias-atmosfericas-e-espaciais\/32013","title":{"rendered":"Novo grupo de pesquisa em Ci\u00eancias Atmosf\u00e9ricas e Espaciais"},"content":{"rendered":"<p>Pesquisadores da UNIFESP (Universidade Federal de S\u00e3o Paulo), campus Diadema,  formaram um grupo de pesquisa espec\u00edfico para estudos em <strong><em>Ci\u00eancias Atmosf\u00e9ricas e  Espaciais <\/em><\/strong>(CAE). O objetivo \u00e9 desenvolver pesquisas de ponta, com relev\u00e2ncia  internacional, sobre F\u00edsica da Atmosfera, Astrof\u00edsica, Gravita\u00e7\u00e3o e \u00e1reas afins,  incluindo investiga\u00e7\u00f5es sobre polui\u00e7\u00e3o do ar e meteorologia.<\/p>\n<p>\u201cNo mundo todo h\u00e1 falta de cientistas, particularmente em F\u00edsica e  Astronomia. As atividades do grupo podem servir de inspira\u00e7\u00e3o e incentivo para  novos cientistas, al\u00e9m de atuar no fomento de eventos e interc\u00e2mbios e publicar  trabalhos em peri\u00f3dicos cient\u00edficos de primeira linha\u201d, diz a professora Nadja  Sim\u00e3o Magalh\u00e3es, do Departamento de Ci\u00eancias Exatas e da Terra da UNIFESP em  Diadema, l\u00edder do CAE.<\/p>\n<p>O grupo, que no futuro espera reunir pesquisadores, estudantes de gradua\u00e7\u00e3o e  de p\u00f3s-gradua\u00e7\u00e3o, al\u00e9m de p\u00f3s-doutores, \u00e9 cadastrado no CNPq (Conselho Nacional  de Desenvolvimento Cient\u00edfico e Tecnol\u00f3gico), \u00f3rg\u00e3o vinculado ao Minist\u00e9rio da  Ci\u00eancia e Tecnologia, e possui certifica\u00e7\u00e3o da UNIFESP.<\/p>\n<p>Entre os trabalhos a serem desenvolvidos pelo grupo est\u00e3o a busca por  explica\u00e7\u00f5es do funcionamento de pulsares (estrelas no final de sua vida);  composi\u00e7\u00e3o qu\u00edmica de estrelas mais jovens e estudos envolvendo a Relatividade  Geral de Einstein, que ajudam a compreender a estrutura de objetos celestes e  suas intera\u00e7\u00f5es, al\u00e9m da pr\u00f3pria hist\u00f3ria c\u00f3smica (cosmologia).<\/p>\n<p>O diferencial do CAE, segundo Nadja, est\u00e1 no car\u00e1ter de  interdisciplinaridade, visto que outros grupos de pesquisa cadastrados no CNPq  investigam a f\u00edsica da atmosfera de forma separada de estudos sobre o cosmos, os  objetos que o comp\u00f5em e a sua evolu\u00e7\u00e3o no tempo. Essa interdisciplinaridade vai  permitir que o grupo possa estudar de maneira mais abrangente a atmosfera de  outros planetas ou suas luas, por exemplo, e estudos relacionados ao Sol.<\/p>\n<p>\u201cEstamos abertos a contatos cient\u00edficos, tecnol\u00f3gicos ou educacionais com  pessoas e organiza\u00e7\u00f5es que tenham afinidade com nossas \u00e1reas de pesquisa\u201d, diz a  professora.<\/p>\n<p>Mais informa\u00e7\u00f5es podem ser obtidas no site do grupo  (http:\/\/dgp.cnpq.br\/buscaoperacional\/detalhegrupo.jsp?grupo=0062105T5LV7GO).<\/p>\n<p>O campus da Unifesp em Diadema est\u00e1 localizado pr\u00f3ximo ao Observat\u00f3rio  Municipal de Diadema, mantido pela Associa\u00e7\u00e3o de Astronomia e Astrof\u00edsica de  Diadema, localizado no segundo ponto mais elevado da Grande S\u00e3o Paulo.<\/p>\n<p>Unifesp em Diadema<\/p>\n<p>A Unifesp instalou-se em Diadema em 2007 tendo como foco cursos relacionados  ao Meio Ambiente, seguindo a voca\u00e7\u00e3o da regi\u00e3o onde a universidade come\u00e7ou a ser  instalada, no Jardim Eldorado, \u00e0s margens da represa Billings, e tamb\u00e9m visando  atender as necessidades do mercado de trabalho local.<\/p>\n<p>Atualmente s\u00e3o 1.330 alunos matriculados em sete cursos de Gradua\u00e7\u00e3o em  Diadema &#8211; Ci\u00eancias Ambientais; Ci\u00eancias Biol\u00f3gicas; Farm\u00e1cia e Bioqu\u00edmica;  Engenharia Qu\u00edmica; Licenciatura Plena em Ci\u00eancias, Qu\u00edmica e Qu\u00edmica  Industrial.<\/p>\n","protected":false},"excerpt":{"rendered":"<p>Pesquisadores da UNIFESP (Universidade Federal de S\u00e3o Paulo), campus Diadema, formaram um grupo de pesquisa espec\u00edfico para estudos em Ci\u00eancias Atmosf\u00e9ricas e Espaciais (CAE). O objetivo \u00e9 desenvolver pesquisas de ponta, com relev\u00e2ncia internacional, sobre F\u00edsica da Atmosfera, Astrof\u00edsica, Gravita\u00e7\u00e3o e \u00e1reas afins, incluindo investiga\u00e7\u00f5es sobre polui\u00e7\u00e3o do ar e meteorologia. \u201cNo mundo todo h\u00e1 [&hellip;]<\/p>\n","protected":false},"author":3,"featured_media":0,"comment_status":"open","ping_status":"open","sticky":false,"template":"","format":"standard","meta":{"_genesis_hide_title":false,"_genesis_hide_breadcrumbs":false,"_genesis_hide_singular_image":false,"_genesis_hide_footer_widgets":false,"_genesis_custom_body_class":"","_genesis_custom_post_class":"","_genesis_layout":"","_jetpack_memberships_contains_paid_content":false,"footnotes":""},"categories":[22],"tags":[],"class_list":{"0":"post-32013","1":"post","2":"type-post","3":"status-publish","4":"format-standard","6":"category-brasil","7":"entry","8":"gs-1","9":"gs-odd","10":"gs-even","11":"gs-featured-content-entry"},"jetpack_featured_media_url":"","jetpack_sharing_enabled":true,"jetpack_likes_enabled":true,"_links":{"self":[{"href":"https:\/\/www.redenoticia.com.br\/noticia\/wp-json\/wp\/v2\/posts\/32013","targetHints":{"allow":["GET"]}}],"collection":[{"href":"https:\/\/www.redenoticia.com.br\/noticia\/wp-json\/wp\/v2\/posts"}],"about":[{"href":"https:\/\/www.redenoticia.com.br\/noticia\/wp-json\/wp\/v2\/types\/post"}],"author":[{"embeddable":true,"href":"https:\/\/www.redenoticia.com.br\/noticia\/wp-json\/wp\/v2\/users\/3"}],"replies":[{"embeddable":true,"href":"https:\/\/www.redenoticia.com.br\/noticia\/wp-json\/wp\/v2\/comments?post=32013"}],"version-history":[{"count":0,"href":"https:\/\/www.redenoticia.com.br\/noticia\/wp-json\/wp\/v2\/posts\/32013\/revisions"}],"wp:attachment":[{"href":"https:\/\/www.redenoticia.com.br\/noticia\/wp-json\/wp\/v2\/media?parent=32013"}],"wp:term":[{"taxonomy":"category","embeddable":true,"href":"https:\/\/www.redenoticia.com.br\/noticia\/wp-json\/wp\/v2\/categories?post=32013"},{"taxonomy":"post_tag","embeddable":true,"href":"https:\/\/www.redenoticia.com.br\/noticia\/wp-json\/wp\/v2\/tags?post=32013"}],"curies":[{"name":"wp","href":"https:\/\/api.w.org\/{rel}","templated":true}]}}