{"id":32006,"date":"2010-10-17T18:13:15","date_gmt":"2010-10-17T22:13:15","guid":{"rendered":"http:\/\/www.redenoticia.com.br\/noticia\/?p=32006"},"modified":"2010-10-18T13:24:47","modified_gmt":"2010-10-18T17:24:47","slug":"meteorologia-%e2%80%93-previsao-do-tempo-para-esta-segunda-feira-1710","status":"publish","type":"post","link":"https:\/\/www.redenoticia.com.br\/noticia\/2010\/meteorologia-%e2%80%93-previsao-do-tempo-para-esta-segunda-feira-1710\/32006","title":{"rendered":"Meteorologia \u2013 previs\u00e3o do tempo para esta segunda-feira 17\/10"},"content":{"rendered":"<p><img loading=\"lazy\" decoding=\"async\" class=\"alignleft size-full wp-image-28409\" title=\"previsao do tempo e temperatura\" src=\"https:\/\/www.redenoticia.com.br\/noticia\/imagens\/previsao-do-tempo-e-temperatura.jpg\" alt=\"\" width=\"300\" height=\"193\" srcset=\"https:\/\/www.redenoticia.com.br\/noticia\/imagens\/previsao-do-tempo-e-temperatura.jpg 300w, https:\/\/www.redenoticia.com.br\/noticia\/imagens\/previsao-do-tempo-e-temperatura-250x160.jpg 250w, https:\/\/www.redenoticia.com.br\/noticia\/imagens\/previsao-do-tempo-e-temperatura-150x96.jpg 150w\" sizes=\"auto, (max-width: 300px) 100vw, 300px\" \/>Previs\u00e3o do tempo \u2013 a <strong><em>meteorologia<\/em><\/strong> divulgou a <strong><em>previs\u00e3o do tempo<\/em><\/strong> e <strong><em>temperatura<\/em><\/strong> para esta segunda-feira (18\/10) e informa que deve ocorrer pancadas de chuva em grande parte do pa\u00eds, que vir\u00e3o acompanhadas de raios e ventos fortes. Segundo a previs\u00e3o do tempo o sol aparece em grande parte do Nordeste, com possibilidade de pancadas de chuva localizadas no interior, e tempo inst\u00e1vel, com aberturas de sol e chuva a qualquer hora no leste. Dados da previs\u00e3o do tempo indicam que tempo inst\u00e1vel tamb\u00e9m no leste do RS. No sul da BA, ES, sudoeste do MT, MS, centro-oeste do PR, norte e leste de SC o dia ser\u00e1 nublado com chuvas isoladas. A previs\u00e3o do tempo destaca que nebulosidade vari\u00e1vel entre o oeste de SC e demais \u00e1reas do RS. As temperaturas ficar\u00e3o baixas no sul do pa\u00eds.<\/p>\n<p>Vale do Para\u00edba \u2013 previs\u00e3o do tempo em 18\/10, o dia ser\u00e1 nublado com per\u00edodos de chuva em toda regi\u00e3o. Ainda h\u00e1 risco de chuva forte. As temperaturas estar\u00e3o em decl\u00ednio.<\/p>\n<p>Regi\u00e3o Centro-Oeste \u2013 previs\u00e3o do tempo em 18\/10\/2010: No sul de MT e em MS: nublado com chuva isolada. Nas demais \u00e1reas da Regi\u00e3o: sol com varia\u00e7\u00e3o de nuvens e pancadas de chuva, localmente fortes. Temperaturas em decl\u00ednio em MS e sul de MT. Temperatura M\u00ednima: 15C no sul de MS. Temperatura M\u00e1xima: 41C no nordeste de MT.<\/p>\n<p>Regi\u00e3o Nordeste \u2013 previs\u00e3o do tempo em 18\/10\/2010: Na faixa leste da Regi\u00e3o: tempo inst\u00e1vel. No centro-sul do MA, centro-sul do PI e noroeste da BA: sol e poucas nuvens. Nas demais \u00e1reas da Regi\u00e3o: possibilidade de pancadas de chuva. Temperaturas est\u00e1veis. Temperatura m\u00e1xima: 39C no PI. Temperatura m\u00ednima: 18C no interior da BA.<\/p>\n<p>Regi\u00e3o Norte \u2013 previs\u00e3o do tempo em 18\/10\/2010: No nordeste do PA e centro-leste do AP: sol com varia\u00e7\u00e3o de nuvens e pequena chance de pancadas de chuva. No sudoeste do AM, no AC e em RO: pancadas de chuva. No centro-sudoeste do PA e nas demais \u00e1reas do AM, sudoeste do TO e em RR: nublado com pancadas de chuva. Nas demais \u00e1reas da Regi\u00e3o: sol com varia\u00e7\u00e3o de nuvens e pancadas de chuva. Temperaturas elevadas. Temperatura m\u00e1xima: 41C no leste do AM. Temperatura m\u00ednima: 16C no norte de RR.<\/p>\n<p>Regi\u00e3o Sudeste \u2013 previs\u00e3o do tempo em 18\/10\/2010: No oeste de SP: chuva isolada. No nordeste de MG e no ES: chuva isolada. No norte de MG: possibilidade de pancadas de chuva. Nas demais \u00e1reas da Regi\u00e3o: dia nublado com pancadas de chuva. Temperaturas em queda em SP. Temperatura m\u00e1xima: 32C no norte de MG. Temperatura m\u00ednima: 15C na Serra da Mantiqueira.<\/p>\n<p>Regi\u00e3o Sul \u2013 previs\u00e3o do tempo em 18\/10\/2010: No centro-oeste do PR e nordeste de SC: muitas nuvens e chuva isolada. No extremo leste do PR: nublado com pancadas de chuva. No centro-noroeste do RS, centro-oeste de SC e extremo sudoeste do PR: nebulosidade vari\u00e1vel. No sudeste do RS: tempo inst\u00e1vel. Temperaturas em queda no RS. Temperatura m\u00e1xima: 26C no norte do PR. Temperatura m\u00ednima: 5C nas Serras do RS e de SC.<\/p>\n<p>Previs\u00e3o do tempo e temperatura CPTEC<\/p>\n","protected":false},"excerpt":{"rendered":"<p>Previs\u00e3o do tempo \u2013 a meteorologia divulgou a previs\u00e3o do tempo e temperatura para esta segunda-feira (18\/10) e informa que deve ocorrer pancadas de chuva em grande parte do pa\u00eds, que vir\u00e3o acompanhadas de raios e ventos fortes. Segundo a previs\u00e3o do tempo o sol aparece em grande parte do Nordeste, com possibilidade de pancadas [&hellip;]<\/p>\n","protected":false},"author":3,"featured_media":28409,"comment_status":"open","ping_status":"open","sticky":false,"template":"","format":"standard","meta":{"_genesis_hide_title":false,"_genesis_hide_breadcrumbs":false,"_genesis_hide_singular_image":false,"_genesis_hide_footer_widgets":false,"_genesis_custom_body_class":"","_genesis_custom_post_class":"","_genesis_layout":"","_jetpack_memberships_contains_paid_content":false,"footnotes":""},"categories":[22],"tags":[],"class_list":{"0":"post-32006","1":"post","2":"type-post","3":"status-publish","4":"format-standard","5":"has-post-thumbnail","7":"category-brasil","8":"entry","9":"gs-1","10":"gs-odd","11":"gs-even","12":"gs-featured-content-entry"},"jetpack_featured_media_url":"https:\/\/www.redenoticia.com.br\/noticia\/imagens\/previsao-do-tempo-e-temperatura.jpg","jetpack_sharing_enabled":true,"jetpack_likes_enabled":true,"_links":{"self":[{"href":"https:\/\/www.redenoticia.com.br\/noticia\/wp-json\/wp\/v2\/posts\/32006","targetHints":{"allow":["GET"]}}],"collection":[{"href":"https:\/\/www.redenoticia.com.br\/noticia\/wp-json\/wp\/v2\/posts"}],"about":[{"href":"https:\/\/www.redenoticia.com.br\/noticia\/wp-json\/wp\/v2\/types\/post"}],"author":[{"embeddable":true,"href":"https:\/\/www.redenoticia.com.br\/noticia\/wp-json\/wp\/v2\/users\/3"}],"replies":[{"embeddable":true,"href":"https:\/\/www.redenoticia.com.br\/noticia\/wp-json\/wp\/v2\/comments?post=32006"}],"version-history":[{"count":0,"href":"https:\/\/www.redenoticia.com.br\/noticia\/wp-json\/wp\/v2\/posts\/32006\/revisions"}],"wp:featuredmedia":[{"embeddable":true,"href":"https:\/\/www.redenoticia.com.br\/noticia\/wp-json\/wp\/v2\/media\/28409"}],"wp:attachment":[{"href":"https:\/\/www.redenoticia.com.br\/noticia\/wp-json\/wp\/v2\/media?parent=32006"}],"wp:term":[{"taxonomy":"category","embeddable":true,"href":"https:\/\/www.redenoticia.com.br\/noticia\/wp-json\/wp\/v2\/categories?post=32006"},{"taxonomy":"post_tag","embeddable":true,"href":"https:\/\/www.redenoticia.com.br\/noticia\/wp-json\/wp\/v2\/tags?post=32006"}],"curies":[{"name":"wp","href":"https:\/\/api.w.org\/{rel}","templated":true}]}}