{"id":32002,"date":"2010-10-16T19:36:00","date_gmt":"2010-10-16T23:36:00","guid":{"rendered":"http:\/\/www.redenoticia.com.br\/noticia\/?p=32002"},"modified":"2010-10-17T15:35:08","modified_gmt":"2010-10-17T19:35:08","slug":"meteorologia-%e2%80%93-previsao-do-tempo-para-este-domingo-1710","status":"publish","type":"post","link":"https:\/\/www.redenoticia.com.br\/noticia\/2010\/meteorologia-%e2%80%93-previsao-do-tempo-para-este-domingo-1710\/32002","title":{"rendered":"Meteorologia \u2013 previs\u00e3o do tempo para este domingo 17\/10"},"content":{"rendered":"<p><img loading=\"lazy\" decoding=\"async\" class=\"alignleft size-full wp-image-28409\" title=\"previsao do tempo e temperatura\" src=\"https:\/\/www.redenoticia.com.br\/noticia\/imagens\/previsao-do-tempo-e-temperatura.jpg\" alt=\"\" width=\"300\" height=\"193\" srcset=\"https:\/\/www.redenoticia.com.br\/noticia\/imagens\/previsao-do-tempo-e-temperatura.jpg 300w, https:\/\/www.redenoticia.com.br\/noticia\/imagens\/previsao-do-tempo-e-temperatura-250x160.jpg 250w, https:\/\/www.redenoticia.com.br\/noticia\/imagens\/previsao-do-tempo-e-temperatura-150x96.jpg 150w\" sizes=\"auto, (max-width: 300px) 100vw, 300px\" \/>Previs\u00e3o do tempo \u2013 a <strong><em>meteorologia<\/em><\/strong> divulgou a <strong><em>previs\u00e3o do tempo<\/em><\/strong> e <strong><em>temperatura<\/em><\/strong> para domingo (17\/10)\u00a0e informa que\u00a0haver\u00e1 muitas nuvens e pancadas de chuva em grande parte do pa\u00eds, que vir\u00e3o acompanhadas de raios e ventos fortes. O sol aparece em grande parte do Nordeste e parte do oeste da Regi\u00e3o Norte. Segundo a previs\u00e3o do tempo no leste entre PB e SE e no sudeste do RS o tempo fica inst\u00e1vel, com aberturas de sol e chuva a qualquer hora. Dados da previs\u00e3o do tempo indicam que no centro-sul do RS o dia ser\u00e1 com nebulosidade vari\u00e1vel. A previs\u00e3o do tempo destaca que as temperaturas ficam relativamente baixas no centro-sul do pa\u00eds.<\/p>\n<p>Vale do Para\u00edba \u2013 previs\u00e3o do tempo em 17\/10 haver\u00e1 muitas nuvens, aberturas de sol e pancadas de chuva em toda regi\u00e3o, que poder\u00e3o ser localmente fortes. As temperaturas m\u00e1ximas estar\u00e3o em pequeno decl\u00ednio, devido ao aumento de nuvens e chuva.<\/p>\n<p>Regi\u00e3o Centro-Oeste \u2013 previs\u00e3o do tempo em 17\/10\/2010: No noroeste de MS: Nublado com possibilidade de chuva. Nas demais \u00e1reas de MS: chuva isolada. No norte de GO e nordeste de MT: sol e pancadas de chuva. Nas demais \u00e1reas da Regi\u00e3o: sol entre nuvens com pancadas de chuva. Temperaturas em decl\u00ednio no sul e oeste de MS. Temperatura m\u00e1xima: 40C no nordeste do MT. Temperatura m\u00ednima: 19C no DF e no sul de MS.<\/p>\n<p>Regi\u00e3o Nordeste \u2013 previs\u00e3o do tempo em 17\/10\/2010: No norte do MA: possibilidade de pancadas de chuva. No leste da BA: sol e varia\u00e7\u00e3o de nuvens. No leste de SE, AL, PE e PB: tempo inst\u00e1vel. Nas demais \u00e1reas da Regi\u00e3o: dia de sol e poucas nuvens. Temperaturas est\u00e1veis. Temperatura m\u00e1xima: 38C no PI. Temperatura m\u00ednima: 17C no interior da BA.<\/p>\n<p>Regi\u00e3o Norte \u2013 previs\u00e3o do tempo em 17\/10\/2010: No leste do AP e nordeste do PA: possibilidade de pancadas de chuva. No sudoeste do AM, no AC, centro-noroeste e sudeste do PA e no TO: sol com varia\u00e7\u00e3o de nuvens e pancadas de chuva. Nas demais \u00e1reas da Regi\u00e3o: nublado com pancadas de chuva. Temperaturas est\u00e1veis. Temperatura m\u00e1xima: 40C no leste do AM. Temperatura m\u00ednima: 16C no norte de RR.<\/p>\n<p>Regi\u00e3o Sudeste \u2013 previs\u00e3o do tempo em 17\/10\/2010: No oeste de SP: pancadas de chuva. No centro-sul e oeste de MG ,no RJ e demais \u00e1reas de SP: dia nublado com pancadas de chuva localmente forte. No extremo nordeste de MG e norte do ES: sol com nebulosidade vari\u00e1vel. Nas demais \u00e1reas de MG e do ES: sol com varia\u00e7\u00e3o de nuvens e pancadas de chuva. Temperaturas est\u00e1veis. Temperatura m\u00e1xima: 34C no norte de MG. Temperatura m\u00ednima: 13C na Serra da Mantiqueira.<\/p>\n<p>Regi\u00e3o Sul \u2013 previs\u00e3o do tempo em 17\/10\/2010: No centro-norte do PR: sol com varia\u00e7\u00e3o de nuvens e pancadas de chuva. No sul do PR, centro-oeste de SC e norte do RS: dia nublado com possibilidade de chuva. No leste de SC e nordeste do RS: muitas nuvens com chuva isolada. Nas demais \u00e1reas do RS: sol com nebulosidade vari\u00e1vel. Temperaturas em queda no RS. Temperatura m\u00e1xima: 26C no norte do PR. Temperatura m\u00ednima: 14C nas Serras do RS e de SC.<\/p>\n<p>Previs\u00e3o do tempo e temperatura CPTEC<\/p>\n","protected":false},"excerpt":{"rendered":"<p>Previs\u00e3o do tempo \u2013 a meteorologia divulgou a previs\u00e3o do tempo e temperatura para domingo (17\/10)\u00a0e informa que\u00a0haver\u00e1 muitas nuvens e pancadas de chuva em grande parte do pa\u00eds, que vir\u00e3o acompanhadas de raios e ventos fortes. O sol aparece em grande parte do Nordeste e parte do oeste da Regi\u00e3o Norte. Segundo a previs\u00e3o [&hellip;]<\/p>\n","protected":false},"author":3,"featured_media":28409,"comment_status":"open","ping_status":"open","sticky":false,"template":"","format":"standard","meta":{"_genesis_hide_title":false,"_genesis_hide_breadcrumbs":false,"_genesis_hide_singular_image":false,"_genesis_hide_footer_widgets":false,"_genesis_custom_body_class":"","_genesis_custom_post_class":"","_genesis_layout":"","_jetpack_memberships_contains_paid_content":false,"footnotes":""},"categories":[22],"tags":[],"class_list":{"0":"post-32002","1":"post","2":"type-post","3":"status-publish","4":"format-standard","5":"has-post-thumbnail","7":"category-brasil","8":"entry","9":"gs-1","10":"gs-odd","11":"gs-even","12":"gs-featured-content-entry"},"jetpack_featured_media_url":"https:\/\/www.redenoticia.com.br\/noticia\/imagens\/previsao-do-tempo-e-temperatura.jpg","jetpack_sharing_enabled":true,"jetpack_likes_enabled":true,"_links":{"self":[{"href":"https:\/\/www.redenoticia.com.br\/noticia\/wp-json\/wp\/v2\/posts\/32002","targetHints":{"allow":["GET"]}}],"collection":[{"href":"https:\/\/www.redenoticia.com.br\/noticia\/wp-json\/wp\/v2\/posts"}],"about":[{"href":"https:\/\/www.redenoticia.com.br\/noticia\/wp-json\/wp\/v2\/types\/post"}],"author":[{"embeddable":true,"href":"https:\/\/www.redenoticia.com.br\/noticia\/wp-json\/wp\/v2\/users\/3"}],"replies":[{"embeddable":true,"href":"https:\/\/www.redenoticia.com.br\/noticia\/wp-json\/wp\/v2\/comments?post=32002"}],"version-history":[{"count":0,"href":"https:\/\/www.redenoticia.com.br\/noticia\/wp-json\/wp\/v2\/posts\/32002\/revisions"}],"wp:featuredmedia":[{"embeddable":true,"href":"https:\/\/www.redenoticia.com.br\/noticia\/wp-json\/wp\/v2\/media\/28409"}],"wp:attachment":[{"href":"https:\/\/www.redenoticia.com.br\/noticia\/wp-json\/wp\/v2\/media?parent=32002"}],"wp:term":[{"taxonomy":"category","embeddable":true,"href":"https:\/\/www.redenoticia.com.br\/noticia\/wp-json\/wp\/v2\/categories?post=32002"},{"taxonomy":"post_tag","embeddable":true,"href":"https:\/\/www.redenoticia.com.br\/noticia\/wp-json\/wp\/v2\/tags?post=32002"}],"curies":[{"name":"wp","href":"https:\/\/api.w.org\/{rel}","templated":true}]}}