{"id":31985,"date":"2010-10-15T22:05:47","date_gmt":"2010-10-16T02:05:47","guid":{"rendered":"http:\/\/www.redenoticia.com.br\/noticia\/?p=31985"},"modified":"2010-10-16T11:39:09","modified_gmt":"2010-10-16T15:39:09","slug":"meteorologia-%e2%80%93-previsao-do-tempo-para-este-sabado-1610","status":"publish","type":"post","link":"https:\/\/www.redenoticia.com.br\/noticia\/2010\/meteorologia-%e2%80%93-previsao-do-tempo-para-este-sabado-1610\/31985","title":{"rendered":"Meteorologia \u2013 previs\u00e3o do tempo para este s\u00e1bado 16\/10"},"content":{"rendered":"<p><img loading=\"lazy\" decoding=\"async\" class=\"alignleft size-full wp-image-28410\" title=\"previsao do tempo temperatura\" src=\"https:\/\/www.redenoticia.com.br\/noticia\/imagens\/previsao-do-tempo-temperatura.jpg\" alt=\"\" width=\"300\" height=\"193\" srcset=\"https:\/\/www.redenoticia.com.br\/noticia\/imagens\/previsao-do-tempo-temperatura.jpg 300w, https:\/\/www.redenoticia.com.br\/noticia\/imagens\/previsao-do-tempo-temperatura-250x160.jpg 250w, https:\/\/www.redenoticia.com.br\/noticia\/imagens\/previsao-do-tempo-temperatura-150x96.jpg 150w\" sizes=\"auto, (max-width: 300px) 100vw, 300px\" \/>Previs\u00e3o do tempo \u2013 a <strong><em>meteorologia<\/em><\/strong> divulgou a <strong><em>previs\u00e3o do tempo<\/em><\/strong> e <strong><em>temperatura<\/em><\/strong> para s\u00e1bado 16\/10\u00a0e informa que\u00a0um canal de umidade deixar\u00e1 o dia com muitas nuvens e pancadas de chuva no PR, SP, RJ, centro-sul de MG e Tri\u00e2ngulo Mineiro, Regi\u00e3o Centro-Oeste, RO, AC, AM, RR, faixa oeste e sul do PA. A previs\u00e3o do tempo destaca que poder\u00e1 chover localmente forte nesta \u00e1rea. \u00c1reas de instabilidade atingir\u00e3o SC e o dia ter\u00e1 varia\u00e7\u00e3o de nebulosidade e pancadas de chuva isoladas, tamb\u00e9m poder\u00e1 chover forte, principalmente, no centro-norte do Estado. Haver\u00e1 pequena chance de chuva entre o AP, Ilha do Maraj\u00f3, nordeste do PA, norte de GO, DF e no norte e oeste do RS. Dados da previs\u00e3o do tempo indicam que entre o Rec\u00f4ncavo Baiano e o sul da BA haver\u00e1 muita nebulosidade e per\u00edodos com chuva isolada. O sol aparece, mas haver\u00e1 per\u00edodos com aumento de nuvens nas demais \u00e1reas do RS. Segundo a previs\u00e3o do tempo o\u00a0sol segue predominando no interior da Regi\u00e3o Nordeste do pa\u00eds.<\/p>\n<p>Vale do Para\u00edba \u2013 previs\u00e3o do tempo em 16\/10 o dia estar\u00e1 nublado, per\u00edodos de aberturas de sol e pancadas de chuva na regi\u00e3o, principalmente entre a tarde e a noite. Poder\u00e1 chover forte em alguns pontos da regi\u00e3o. A temperatura n\u00e3o ter\u00e1 mudan\u00e7a significativa.<\/p>\n<p>Regi\u00e3o Centro-Oeste \u2013 previs\u00e3o do tempo em 16\/10\/2010: No norte de GO: dia de sol com varia\u00e7\u00e3o de nuvens e pequena chance de pancadas de chuva. No extremo nordeste de GO e extremo nordeste do MT: sol e poucas nuvens. No centro-oeste de GO e centro-leste e norte do MT: sol com varia\u00e7\u00e3o de nuvens e pancadas de chuva. No centro-sudeste do MT, sul de GO e no MS: nublado com pancadas de chuva localmente forte. Temperaturas est\u00e1veis. Temperatura m\u00e1xima: 39C no sudoeste do MT. Temperatura m\u00ednima: 19C no DF.<\/p>\n<p>Regi\u00e3o Nordeste \u2013 previs\u00e3o do tempo em 16\/10\/2010: No sudeste da BA: muitas nuvens com chuva isolada. No sul da BA: dia nublado. No noroeste do MA: possibilidade de pancadas de chuva \u00e0 partir da tarde. No extremo leste do MA, interior do PI, centro-sul do CE, oeste do PE e noroeste da BA: predom\u00ednio de sol. Nas demais \u00e1reas da Regi\u00e3o: sol e poucas nuvens. Temperaturas est\u00e1veis. Temperatura m\u00e1xima: 38C no PI. Temperatura m\u00ednima: 18C no interior da BA.<\/p>\n<p>Regi\u00e3o Norte \u2013 previs\u00e3o do tempo em 16\/10\/2010: No nordeste do PA e leste do AP: sol com varia\u00e7\u00e3o de nuvens e pequena chance de pancadas de chuva a tarde. Nas demais \u00e1reas do AP, centro-leste do PA, e maior parte do TO: sol e poucas nuvens. No extremo sudoeste do TO: possibilidade de pancadas de chuva. Na maior parte de RO, no AC e centro-leste do AM: dia nublado com pancadas de chuva, que podem ser localmente fortes. Nas demais \u00e1reas da Regi\u00e3o: sol com varia\u00e7\u00e3o de nuvens e pancadas de chuva. Temperaturas est\u00e1veis. Temperatura m\u00e1xima: 42C no leste do AM. Temperatura m\u00ednima: 18C no norte de RR.<\/p>\n<p>Regi\u00e3o Sudeste \u2013 previs\u00e3o do tempo em 16\/10\/2010: No extremo norte de MG: dia de sol e poucas nuvens. No nordeste de MG e norte do ES: dia nublado. No centro-sudeste de MG, no RJ e demais \u00e1reas do ES: sol com varia\u00e7\u00e3o de nuvens e pancadas de chuva localmente forte. No sudoeste de MG e em SP: dia nublado com pancadas de chuva, podendo ser forte em algumas localidades. Temperaturas est\u00e1veis. Temperatura m\u00e1xima: 34C no norte de MG. Temperatura m\u00ednima: 15C na Serra da Mantiqueira.<\/p>\n<p>Regi\u00e3o Sul \u2013 previs\u00e3o do tempo em 16\/10\/2010: Em SC, no sudoeste do PR e extremo norte do RS: sol e varia\u00e7\u00e3o de nuvens com pancadas de chuva, que poder\u00e3o ser localmente forte. Nas demais \u00e1reas do PR: dia nublado com pancadas de chuva localmente forte. No norte do RS: sol com varia\u00e7\u00e3o de nuvens e pequena chance de pancadas de chuva. No leste e sul do RS: sol com varia\u00e7\u00e3o de nuvens. Nas demais \u00e1reas do RS: sol e poucas nuvens. Temperaturas amenas no RS. Temperatura m\u00e1xima: 26C no norte do PR. Temperatura m\u00ednima: 13C nas Serras do RS e de SC.<\/p>\n<p>Previs\u00e3o do tempo e temperatura CPTEC<\/p>\n","protected":false},"excerpt":{"rendered":"<p>Previs\u00e3o do tempo \u2013 a meteorologia divulgou a previs\u00e3o do tempo e temperatura para s\u00e1bado 16\/10\u00a0e informa que\u00a0um canal de umidade deixar\u00e1 o dia com muitas nuvens e pancadas de chuva no PR, SP, RJ, centro-sul de MG e Tri\u00e2ngulo Mineiro, Regi\u00e3o Centro-Oeste, RO, AC, AM, RR, faixa oeste e sul do PA. A previs\u00e3o [&hellip;]<\/p>\n","protected":false},"author":3,"featured_media":28410,"comment_status":"open","ping_status":"open","sticky":false,"template":"","format":"standard","meta":{"_genesis_hide_title":false,"_genesis_hide_breadcrumbs":false,"_genesis_hide_singular_image":false,"_genesis_hide_footer_widgets":false,"_genesis_custom_body_class":"","_genesis_custom_post_class":"","_genesis_layout":"","_jetpack_memberships_contains_paid_content":false,"footnotes":""},"categories":[22],"tags":[],"class_list":{"0":"post-31985","1":"post","2":"type-post","3":"status-publish","4":"format-standard","5":"has-post-thumbnail","7":"category-brasil","8":"entry","9":"gs-1","10":"gs-odd","11":"gs-even","12":"gs-featured-content-entry"},"jetpack_featured_media_url":"https:\/\/www.redenoticia.com.br\/noticia\/imagens\/previsao-do-tempo-temperatura.jpg","jetpack_sharing_enabled":true,"jetpack_likes_enabled":true,"_links":{"self":[{"href":"https:\/\/www.redenoticia.com.br\/noticia\/wp-json\/wp\/v2\/posts\/31985","targetHints":{"allow":["GET"]}}],"collection":[{"href":"https:\/\/www.redenoticia.com.br\/noticia\/wp-json\/wp\/v2\/posts"}],"about":[{"href":"https:\/\/www.redenoticia.com.br\/noticia\/wp-json\/wp\/v2\/types\/post"}],"author":[{"embeddable":true,"href":"https:\/\/www.redenoticia.com.br\/noticia\/wp-json\/wp\/v2\/users\/3"}],"replies":[{"embeddable":true,"href":"https:\/\/www.redenoticia.com.br\/noticia\/wp-json\/wp\/v2\/comments?post=31985"}],"version-history":[{"count":0,"href":"https:\/\/www.redenoticia.com.br\/noticia\/wp-json\/wp\/v2\/posts\/31985\/revisions"}],"wp:featuredmedia":[{"embeddable":true,"href":"https:\/\/www.redenoticia.com.br\/noticia\/wp-json\/wp\/v2\/media\/28410"}],"wp:attachment":[{"href":"https:\/\/www.redenoticia.com.br\/noticia\/wp-json\/wp\/v2\/media?parent=31985"}],"wp:term":[{"taxonomy":"category","embeddable":true,"href":"https:\/\/www.redenoticia.com.br\/noticia\/wp-json\/wp\/v2\/categories?post=31985"},{"taxonomy":"post_tag","embeddable":true,"href":"https:\/\/www.redenoticia.com.br\/noticia\/wp-json\/wp\/v2\/tags?post=31985"}],"curies":[{"name":"wp","href":"https:\/\/api.w.org\/{rel}","templated":true}]}}