{"id":31977,"date":"2010-10-14T14:35:13","date_gmt":"2010-10-14T18:35:13","guid":{"rendered":"http:\/\/www.redenoticia.com.br\/noticia\/?p=31977"},"modified":"2010-10-14T14:35:13","modified_gmt":"2010-10-14T18:35:13","slug":"forum-inovacao-propoe-tecnologia-para-erradicar-a-fome","status":"publish","type":"post","link":"https:\/\/www.redenoticia.com.br\/noticia\/2010\/forum-inovacao-propoe-tecnologia-para-erradicar-a-fome\/31977","title":{"rendered":"F\u00f3rum Inova\u00e7\u00e3o prop\u00f5e tecnologia para erradicar a fome"},"content":{"rendered":"<p>&#8220;A fome no mundo n\u00e3o \u00e9 um dado estat\u00edstico. Para quem vive hoje nas grandes  cidades \u00e9 dif\u00edcil compreender esta realidade: a fome d\u00f3i, degrada e mata as  pessoas. A cada cinco minutos, uma crian\u00e7a com menos de cinco anos morre de fome  no mundo&#8221;.\u00a0O alerta \u00e9 de Helder Muteia, representante da Organiza\u00e7\u00e3o das  Na\u00e7\u00f5es Unidas para Agricultura e Alimenta\u00e7\u00e3o (FAO), que participou hoje (14\/10)  do I <strong><em>F\u00f3rum Inova\u00e7\u00e3o Agricultura e Alimentos<\/em><\/strong> para o Futuro Sustent\u00e1vel, realizado  em S\u00e3o Paulo-SP. O F\u00f3rum \u00e9 uma iniciativa da FAO, da Associa\u00e7\u00e3o Brasileira do  Agroneg\u00f3cio (ABAG) e da ANDEF (Associa\u00e7\u00e3o Nacional de Defesa Vegetal).<\/p>\n<p>Na abertura do evento, Jo\u00e3o Sereno Lammel, presidente do Conselho Diretor da  ANDEF e diretor da ABAG, destacou que o grande desafio da agricultura mundial  ser\u00e1 o de aumentar em 70% a produ\u00e7\u00e3o agr\u00edcola at\u00e9 2050 para atender uma  popula\u00e7\u00e3o estimada em 9 bilh\u00f5es de habitantes.<\/p>\n<p>&#8220;O Brasil \u00e9 um grande laborat\u00f3rio para o mundo devido \u00e0 din\u00e2mica e \u00e0  diversidade do seu agroneg\u00f3cio&#8221;, disse Helder Muteia. Segundo ele, os modelos de  pol\u00edticas de inclus\u00e3o social e a tecnologia agr\u00edcola desenvolvidos por aqui  podem ser replicados para outras partes do mundo.<\/p>\n<p>Antonio Roque Dechen, diretor da Escola Superior de Agricultura Luiz de  Queiroz (Esalq), da Universidade de S\u00e3o Paulo, disse que o Brasil est\u00e1 vivendo  sua terceira revolu\u00e7\u00e3o verde que \u00e9 a expans\u00e3o do plantio direto, t\u00e9cnica que  permite aumentar a produ\u00e7\u00e3o com sustentabilidade.<\/p>\n<p>Eduardo Daher, diretor executivo da ANDEF, citou o exemplo do movimento  &#8220;Farming First&#8221;, coaliz\u00e3o de produtores rurais, agr\u00f4nomos, cientistas, entidades  e ind\u00fastrias de todo o mundo que est\u00e1 partilhando conhecimentos com pequenos  agricultores da \u00c1frica, onde a fome atinge quase 1 bilh\u00e3o de pessoas.<\/p>\n<p>O Farming First prop\u00f5e seis pilares na guerra contra a fome: preserva\u00e7\u00e3o de  recursos naturais, educa\u00e7\u00e3o e extens\u00e3o rural, acesso ao cr\u00e9dito e insumos  modernos, prote\u00e7\u00e3o das culturas, acesso ao mercado e prioridade \u00e0 pesquisa. Para  Elisio Contini, da Empresa Brasileira de Pesquisa Agropecu\u00e1ria (Embrapa), o  forte crescimento dos \u00edndices de produtividade da agricultura brasileira nos  \u00faltimos 20 anos comprova a efici\u00eancia da pesquisa e tecnologia.<\/p>\n","protected":false},"excerpt":{"rendered":"<p>&#8220;A fome no mundo n\u00e3o \u00e9 um dado estat\u00edstico. Para quem vive hoje nas grandes cidades \u00e9 dif\u00edcil compreender esta realidade: a fome d\u00f3i, degrada e mata as pessoas. A cada cinco minutos, uma crian\u00e7a com menos de cinco anos morre de fome no mundo&#8221;.\u00a0O alerta \u00e9 de Helder Muteia, representante da Organiza\u00e7\u00e3o das Na\u00e7\u00f5es [&hellip;]<\/p>\n","protected":false},"author":3,"featured_media":0,"comment_status":"open","ping_status":"open","sticky":false,"template":"","format":"standard","meta":{"_genesis_hide_title":false,"_genesis_hide_breadcrumbs":false,"_genesis_hide_singular_image":false,"_genesis_hide_footer_widgets":false,"_genesis_custom_body_class":"","_genesis_custom_post_class":"","_genesis_layout":"","_jetpack_memberships_contains_paid_content":false,"footnotes":""},"categories":[22],"tags":[],"class_list":{"0":"post-31977","1":"post","2":"type-post","3":"status-publish","4":"format-standard","6":"category-brasil","7":"entry","8":"gs-1","9":"gs-odd","10":"gs-even","11":"gs-featured-content-entry"},"jetpack_featured_media_url":"","jetpack_sharing_enabled":true,"jetpack_likes_enabled":true,"_links":{"self":[{"href":"https:\/\/www.redenoticia.com.br\/noticia\/wp-json\/wp\/v2\/posts\/31977","targetHints":{"allow":["GET"]}}],"collection":[{"href":"https:\/\/www.redenoticia.com.br\/noticia\/wp-json\/wp\/v2\/posts"}],"about":[{"href":"https:\/\/www.redenoticia.com.br\/noticia\/wp-json\/wp\/v2\/types\/post"}],"author":[{"embeddable":true,"href":"https:\/\/www.redenoticia.com.br\/noticia\/wp-json\/wp\/v2\/users\/3"}],"replies":[{"embeddable":true,"href":"https:\/\/www.redenoticia.com.br\/noticia\/wp-json\/wp\/v2\/comments?post=31977"}],"version-history":[{"count":0,"href":"https:\/\/www.redenoticia.com.br\/noticia\/wp-json\/wp\/v2\/posts\/31977\/revisions"}],"wp:attachment":[{"href":"https:\/\/www.redenoticia.com.br\/noticia\/wp-json\/wp\/v2\/media?parent=31977"}],"wp:term":[{"taxonomy":"category","embeddable":true,"href":"https:\/\/www.redenoticia.com.br\/noticia\/wp-json\/wp\/v2\/categories?post=31977"},{"taxonomy":"post_tag","embeddable":true,"href":"https:\/\/www.redenoticia.com.br\/noticia\/wp-json\/wp\/v2\/tags?post=31977"}],"curies":[{"name":"wp","href":"https:\/\/api.w.org\/{rel}","templated":true}]}}