{"id":31970,"date":"2010-10-14T14:23:58","date_gmt":"2010-10-14T18:23:58","guid":{"rendered":"http:\/\/www.redenoticia.com.br\/noticia\/?p=31970"},"modified":"2010-10-14T14:23:58","modified_gmt":"2010-10-14T18:23:58","slug":"scheidt-volta-a-competir-na-preparacao-para-londres2012","status":"publish","type":"post","link":"https:\/\/www.redenoticia.com.br\/noticia\/2010\/scheidt-volta-a-competir-na-preparacao-para-londres2012\/31970","title":{"rendered":"Scheidt volta a competir na prepara\u00e7\u00e3o para Londres\/2012"},"content":{"rendered":"<p>Embalados pelo t\u00edtulo do <strong><em>Campeonato Italiano<\/em><\/strong> da classe Star, no \u00faltimo dia  26, o velejador <strong><em>Robert Scheidt <\/em><\/strong>e o proeiro Bruno Prada est\u00e3o prontos para dar  sequ\u00eancia \u00e0 campanha para os Jogos de Londres, a partir desta sexta-feira, na  44\u00aa Ta\u00e7a Amizade, em Castelletto di Brenzone, no Lago di Garda, na It\u00e1lia.<\/p>\n<p>&#8220;\u00c9 uma competi\u00e7\u00e3o tradicional aqui em Garda. Geralmente, o evento \u00e9 pequeno,  mas, este ano, muitos estrangeiros de alto n\u00edvel v\u00e3o estar na disputa&#8221;, diz  Scheidt, vice-campe\u00e3o ol\u00edmpico em Pequim\/2008, na Star, em dupla com Prada. Como  os brasileiros, v\u00e1rias duplas come\u00e7am a intensificar a prepara\u00e7\u00e3o para a  Olimp\u00edada de 2012.<\/p>\n<p>Entre os principais advers\u00e1rios em Castelletto, Scheidt cita o austr\u00edaco Hans  Spitzhauer, vice-campe\u00e3o no Italiano, o sueco Fredrik Loof, prata na Skandia  Sail for Gold 2010 (em Weymouth, Inglaterra, na raia que ser\u00e1 usada nos Jogos de  Londres), e o su\u00ed\u00e7o Flavio Marazzi, vice-campe\u00e3o mundial. &#8220;Sem esquecer  italianos como Negri, Celon e Santoni&#8221;, enumera. &#8220;Creio que teremos entre 20 e  25 barcos. Portanto, ser\u00e1 uma regata de bom n\u00edvel t\u00e9cnico.&#8221;<\/p>\n<p>As condi\u00e7\u00f5es do clima em Castelletto, mais na parte sul do Lago di Garda,  tamb\u00e9m podem ajudar Scheidt e Prada a aprimorar a prepara\u00e7\u00e3o. &#8220;Na regi\u00e3o, venta  forte pela manh\u00e3 e bem fraco \u00e0 tarde. Assim, devemos ter v\u00e1rias situa\u00e7\u00f5es  diferentes, o que \u00e9 bom&#8221;, analisa Scheidt. &#8220;Para n\u00f3s, tamb\u00e9m \u00e9 importante  enfrentar duplas de alto n\u00edvel nessas condi\u00e7\u00f5es, buscando a melhoria constante  de velocidade, ajuste de velas e manobras.&#8221;<\/p>\n<p>Para a Ta\u00e7a Amizade, que segue at\u00e9 domingo (17\/10), est\u00e3o previstas cinco  regatas. Com quatro provas disputadas, os competidores ter\u00e3o direito ao descarte  do pior resultado.<\/p>\n<p>Encerrada a competi\u00e7\u00e3o em Castelletto, Scheidt e Prada seguem para Malcesine,  tamb\u00e9m em Garda, onde j\u00e1 t\u00eam treinos programados de segunda a quinta-feira. Na  sexta-feira, estreiam na Ta\u00e7a Balardi, em Malcesine, competi\u00e7\u00e3o que segue at\u00e9  domingo (24\/10).<\/p>\n<p>Em novembro, Scheidt e Prada estar\u00e3o de volta ao Brasil. V\u00e3o disputar a Ta\u00e7a  Royal Thames, de 12 a 15, e o Campeonato Brasileiro de Star, de 19 a 21, os dois  no Rio de Janeiro.<\/p>\n<p>Robert Scheidt tem patroc\u00ednio do Banco do Brasil, Prada e Rolex. Robert  Scheidt e Bruno Prada t\u00eam o apoio do Comit\u00ea Ol\u00edmpico Brasileiro e da  Confedera\u00e7\u00e3o Brasileira de Vela e Motor.<\/p>\n","protected":false},"excerpt":{"rendered":"<p>Embalados pelo t\u00edtulo do Campeonato Italiano da classe Star, no \u00faltimo dia 26, o velejador Robert Scheidt e o proeiro Bruno Prada est\u00e3o prontos para dar sequ\u00eancia \u00e0 campanha para os Jogos de Londres, a partir desta sexta-feira, na 44\u00aa Ta\u00e7a Amizade, em Castelletto di Brenzone, no Lago di Garda, na It\u00e1lia. &#8220;\u00c9 uma competi\u00e7\u00e3o [&hellip;]<\/p>\n","protected":false},"author":3,"featured_media":0,"comment_status":"open","ping_status":"open","sticky":false,"template":"","format":"standard","meta":{"_genesis_hide_title":false,"_genesis_hide_breadcrumbs":false,"_genesis_hide_singular_image":false,"_genesis_hide_footer_widgets":false,"_genesis_custom_body_class":"","_genesis_custom_post_class":"","_genesis_layout":"","_jetpack_memberships_contains_paid_content":false,"footnotes":""},"categories":[22],"tags":[],"class_list":{"0":"post-31970","1":"post","2":"type-post","3":"status-publish","4":"format-standard","6":"category-brasil","7":"entry","8":"gs-1","9":"gs-odd","10":"gs-even","11":"gs-featured-content-entry"},"jetpack_featured_media_url":"","jetpack_sharing_enabled":true,"jetpack_likes_enabled":true,"_links":{"self":[{"href":"https:\/\/www.redenoticia.com.br\/noticia\/wp-json\/wp\/v2\/posts\/31970","targetHints":{"allow":["GET"]}}],"collection":[{"href":"https:\/\/www.redenoticia.com.br\/noticia\/wp-json\/wp\/v2\/posts"}],"about":[{"href":"https:\/\/www.redenoticia.com.br\/noticia\/wp-json\/wp\/v2\/types\/post"}],"author":[{"embeddable":true,"href":"https:\/\/www.redenoticia.com.br\/noticia\/wp-json\/wp\/v2\/users\/3"}],"replies":[{"embeddable":true,"href":"https:\/\/www.redenoticia.com.br\/noticia\/wp-json\/wp\/v2\/comments?post=31970"}],"version-history":[{"count":0,"href":"https:\/\/www.redenoticia.com.br\/noticia\/wp-json\/wp\/v2\/posts\/31970\/revisions"}],"wp:attachment":[{"href":"https:\/\/www.redenoticia.com.br\/noticia\/wp-json\/wp\/v2\/media?parent=31970"}],"wp:term":[{"taxonomy":"category","embeddable":true,"href":"https:\/\/www.redenoticia.com.br\/noticia\/wp-json\/wp\/v2\/categories?post=31970"},{"taxonomy":"post_tag","embeddable":true,"href":"https:\/\/www.redenoticia.com.br\/noticia\/wp-json\/wp\/v2\/tags?post=31970"}],"curies":[{"name":"wp","href":"https:\/\/api.w.org\/{rel}","templated":true}]}}