{"id":31950,"date":"2010-10-13T10:13:33","date_gmt":"2010-10-13T14:13:33","guid":{"rendered":"http:\/\/www.redenoticia.com.br\/noticia\/?p=31950"},"modified":"2010-10-13T12:19:35","modified_gmt":"2010-10-13T16:19:35","slug":"brasil-e-reeleito-para-o-conselho-da-uit","status":"publish","type":"post","link":"https:\/\/www.redenoticia.com.br\/noticia\/2010\/brasil-e-reeleito-para-o-conselho-da-uit\/31950","title":{"rendered":"Brasil \u00e9 reeleito para o Conselho da UIT"},"content":{"rendered":"<p>O Brasil foi reeleito para o Conselho da Uni\u00e3o Internacional de  <strong><em>Telecomunica\u00e7\u00f5es<\/em><\/strong> (<strong><em>UIT<\/em><\/strong>), em elei\u00e7\u00e3o realizada na \u00faltima segunda-feira, 11,  durante a Confer\u00eancia de Plenipotenci\u00e1rios 2010 (PP-10).<\/p>\n<p>A UIT \u00e9 a estrutura mais importante da Organiza\u00e7\u00e3o das Na\u00e7\u00f5es Unidas em  rela\u00e7\u00e3o \u00e0s tecnologias da informa\u00e7\u00e3o e comunica\u00e7\u00f5es. Na qualidade de cordenador  mundial de governos e setor privado, a UIT atua em tr\u00eas \u00e1reas:  radiocomunica\u00e7\u00f5es, normaliza\u00e7\u00e3o e desenvolvimento.<\/p>\n<p>A Confer\u00eancia de Plenipotenci\u00e1rios, \u00f3rg\u00e3o superior da UIT, \u00e9 realizada em  Guadalajara, M\u00e9xico. Ocorre a cada quatro anos para estabelecer pol\u00edticas  gerais, aprovar o plano estrat\u00e9gico, revisar seus textos fundamentais e eleger o  corpo diretivo da UIT.<\/p>\n<p>O Conselho \u00e9 composto por 25% do n\u00famero total de Estados Membros, com  distribui\u00e7\u00e3o equitativa dos postos entre as cinco regi\u00f5es do mundo: 1) Am\u00e9ricas;  2) Europa Ocidental; 3) Europa Oriental; 4) \u00c1frica e 5) \u00c1sia e Austral\u00e1sia. O  Conselho atual \u00e9 composto por 46 membros.<\/p>\n<p>O Conselho tem, entre outras atribui\u00e7\u00f5es, garantir o bom funcionamento da  UIT, por meio da coordena\u00e7\u00e3o dos programas de trabalho. Tem a responsabilidade  de examinar, no intervalo entre as confer\u00eancias de plenipotenci\u00e1rios, assuntos  gerais de pol\u00edtica da telecomunica\u00e7\u00f5es para garantir que as atividades da UIT  correspondam plenamente ao panorama atual das telecomunicac\u00f5es, setor din\u00e2mico e  em r\u00e1pida evolu\u00e7\u00e3o.<\/p>\n<p>Clique nos links abaixo para ter acesso ao resultado das elei\u00e7\u00f5es.<\/p>\n<p><a href=\"http:\/\/www.itu.int\/plenipotentiary\/2010\/elections\/results\/index.html#council\" target=\"_blank\">http:\/\/www.itu.int\/plenipotentiary\/2010\/elections\/results\/index.html#council<\/a><\/p>\n<p><a href=\"http:\/\/www.itu.int\/plenipotentiary\/2010\/elections\/results\/index.html#rrb\" target=\"_blank\">http:\/\/www.itu.int\/plenipotentiary\/2010\/elections\/results\/index.html#rrb<\/a><\/p>\n","protected":false},"excerpt":{"rendered":"<p>O Brasil foi reeleito para o Conselho da Uni\u00e3o Internacional de Telecomunica\u00e7\u00f5es (UIT), em elei\u00e7\u00e3o realizada na \u00faltima segunda-feira, 11, durante a Confer\u00eancia de Plenipotenci\u00e1rios 2010 (PP-10). A UIT \u00e9 a estrutura mais importante da Organiza\u00e7\u00e3o das Na\u00e7\u00f5es Unidas em rela\u00e7\u00e3o \u00e0s tecnologias da informa\u00e7\u00e3o e comunica\u00e7\u00f5es. Na qualidade de cordenador mundial de governos e [&hellip;]<\/p>\n","protected":false},"author":3,"featured_media":0,"comment_status":"open","ping_status":"open","sticky":false,"template":"","format":"standard","meta":{"_genesis_hide_title":false,"_genesis_hide_breadcrumbs":false,"_genesis_hide_singular_image":false,"_genesis_hide_footer_widgets":false,"_genesis_custom_body_class":"","_genesis_custom_post_class":"","_genesis_layout":"","_jetpack_memberships_contains_paid_content":false,"footnotes":""},"categories":[22],"tags":[],"class_list":{"0":"post-31950","1":"post","2":"type-post","3":"status-publish","4":"format-standard","6":"category-brasil","7":"entry","8":"gs-1","9":"gs-odd","10":"gs-even","11":"gs-featured-content-entry"},"jetpack_featured_media_url":"","jetpack_sharing_enabled":true,"jetpack_likes_enabled":true,"_links":{"self":[{"href":"https:\/\/www.redenoticia.com.br\/noticia\/wp-json\/wp\/v2\/posts\/31950","targetHints":{"allow":["GET"]}}],"collection":[{"href":"https:\/\/www.redenoticia.com.br\/noticia\/wp-json\/wp\/v2\/posts"}],"about":[{"href":"https:\/\/www.redenoticia.com.br\/noticia\/wp-json\/wp\/v2\/types\/post"}],"author":[{"embeddable":true,"href":"https:\/\/www.redenoticia.com.br\/noticia\/wp-json\/wp\/v2\/users\/3"}],"replies":[{"embeddable":true,"href":"https:\/\/www.redenoticia.com.br\/noticia\/wp-json\/wp\/v2\/comments?post=31950"}],"version-history":[{"count":0,"href":"https:\/\/www.redenoticia.com.br\/noticia\/wp-json\/wp\/v2\/posts\/31950\/revisions"}],"wp:attachment":[{"href":"https:\/\/www.redenoticia.com.br\/noticia\/wp-json\/wp\/v2\/media?parent=31950"}],"wp:term":[{"taxonomy":"category","embeddable":true,"href":"https:\/\/www.redenoticia.com.br\/noticia\/wp-json\/wp\/v2\/categories?post=31950"},{"taxonomy":"post_tag","embeddable":true,"href":"https:\/\/www.redenoticia.com.br\/noticia\/wp-json\/wp\/v2\/tags?post=31950"}],"curies":[{"name":"wp","href":"https:\/\/api.w.org\/{rel}","templated":true}]}}