{"id":31947,"date":"2010-10-12T19:08:23","date_gmt":"2010-10-12T23:08:23","guid":{"rendered":"http:\/\/www.redenoticia.com.br\/noticia\/?p=31947"},"modified":"2010-10-13T14:00:34","modified_gmt":"2010-10-13T18:00:34","slug":"meteorologia-%e2%80%93-previsao-do-tempo-para-quarta-feira-1310","status":"publish","type":"post","link":"https:\/\/www.redenoticia.com.br\/noticia\/2010\/meteorologia-%e2%80%93-previsao-do-tempo-para-quarta-feira-1310\/31947","title":{"rendered":"Meteorologia \u2013 previs\u00e3o do tempo para quarta-feira 13\/10"},"content":{"rendered":"<p><img loading=\"lazy\" decoding=\"async\" class=\"alignleft size-full wp-image-28410\" title=\"previsao do tempo temperatura\" src=\"https:\/\/www.redenoticia.com.br\/noticia\/imagens\/previsao-do-tempo-temperatura.jpg\" alt=\"\" width=\"300\" height=\"193\" srcset=\"https:\/\/www.redenoticia.com.br\/noticia\/imagens\/previsao-do-tempo-temperatura.jpg 300w, https:\/\/www.redenoticia.com.br\/noticia\/imagens\/previsao-do-tempo-temperatura-250x160.jpg 250w, https:\/\/www.redenoticia.com.br\/noticia\/imagens\/previsao-do-tempo-temperatura-150x96.jpg 150w\" sizes=\"auto, (max-width: 300px) 100vw, 300px\" \/><\/p>\n<p>Previs\u00e3o do tempo \u2013 a <strong><em>meteorologia<\/em><\/strong> divulgou a <strong><em>previs\u00e3o do tempo<\/em><\/strong> e <strong><em>temperatura <\/em><\/strong>para esta quarta-feira (13\/10) e informa que \u00e1reas de instabilidade provocar\u00e3o pancadas de chuva em quase toda a Regi\u00e3o Norte e Centro-Oeste. Apenas em MS e em RR \u00e9 que o tempo permanecer\u00e1 seco. Segundo a previs\u00e3o do tempo dia ensolarado tamb\u00e9m em grande parte da Regi\u00e3o Nordeste. No litoral sul da BA ainda haver\u00e1 muitas nuvens e chuva isolada. No oeste do RS o dia ter\u00e1 sol, aumento de nebulosidade e pancadas de chuva no per\u00edodo da tarde. Dados da previs\u00e3o do tempo indicam que no nordeste de MG e no ES haver\u00e1 sol entre nuvens. Nas demais \u00e1reas do pa\u00eds o dia ter\u00e1 sol e pouca nebulosidade. A temperatura m\u00ednima ficar\u00e1 baixa na Serra Ga\u00facha e Catarinense e tamb\u00e9m na Serra da Mantiqueira. A previs\u00e3o do tempo destaca que a ter\u00e7a-feira ser\u00e1 um dia nublado no norte fluminense, leste de MG, e com chuvas isoladas no sul e oeste do ES. J\u00e1 no leste do ES e sul da BA haver\u00e1 per\u00edodos de chuva. A temperatura m\u00e1xima estar\u00e1 em gradativa eleva\u00e7\u00e3o no leste e sul do Sudeste e no Sul do pa\u00eds, por\u00e9m ainda estar\u00e1 amena.<\/p>\n<p>Vale do Para\u00edba \u2013 previs\u00e3o do tempo em 13\/10 ter\u00e1 varia\u00e7\u00e3o de nebulosidade no Litoral Norte. No Vale e na Serra o dia ter\u00e1 c\u00e9u parcialmente nublado. A temperatura m\u00e1xima estar\u00e1 em gradativa eleva\u00e7\u00e3o. A temperatura m\u00ednima estar\u00e1 baixa na Serra da Mantiqueira.<\/p>\n<p>Regi\u00e3o Centro-Oeste \u2013 previs\u00e3o do tempo em 13\/10\/2010: No centro-sudeste de MS: sol entre nuvens. No nordeste de MS e no sul de MT e de GO: sol entre nebulosidade vari\u00e1vel e possibilidade de pancadas de chuva a tarde. No sudoeste de MT e nas demais \u00e1reas de MS: sol entre pouca nebulosidade. Nas demais \u00e1reas da Regi\u00e3o: sol entre nebulosidade vari\u00e1vel e pancadas de chuva isolada. Temperaturas est\u00e1veis. Temperatura m\u00e1xima: 39C no noroeste do MS. Temperatura m\u00ednima: 14C no sudeste de MS.<\/p>\n<p>Regi\u00e3o Nordeste \u2013 previs\u00e3o do tempo em 13\/10\/2010: No norte do MA: sol com nebulosidade vari\u00e1vel e com pequena chance de pancadas de chuva a tarde. No oeste do MA: sol com varia\u00e7\u00e3o de nuvens e pancadas de chuva. No sul da BA: dia nublado. No leste da BA: nublado com chuva isolada. Nas demais \u00e1reas da Regi\u00e3o: sol e poucas nuvens. Temperaturas amenas no sul da BA. Temperatura m\u00e1xima: 37C no norte do PI. Temperatura m\u00ednima: 17C no interior da BA.<\/p>\n<p>Regi\u00e3o Norte \u2013 previs\u00e3o do tempo em 13\/10\/2010: No centro-sul de RO: sol entre poucas nuvens e com possibilidade de pancadas de chuva a tarde. No AP e no norte do PA: sol e poucas nuvens. Nas demais \u00e1reas da Regi\u00e3o: sol com nebulosidade vari\u00e1vel e com pancadas de chuva isolada. Temperaturas elevadas na Regi\u00e3o. Temperatura m\u00e1xima: 38C no interior do PA. Temperatura m\u00ednima: 16C no norte de RR.<\/p>\n<p>Regi\u00e3o Sudeste \u2013 previs\u00e3o do tempo em 13\/10\/2010: No noroeste de MG: nebulosidade vari\u00e1vel com pancadas de chuva isoladas. No centro-nordeste de MG e norte do ES: dia nublado. No Tri\u00e2ngulo Mineiro: sol entre nebulosidade vari\u00e1vel e possibilidade de pancadas de chuva. No litoral de SP, norte do RJ, sul do ES e faixa central de MG: sol com varia\u00e7\u00e3o de nuvens. No Tri\u00e2ngulo Mineiro e demais \u00e1reas de SP: sol e poucas nuvens. Temperaturas m\u00ednimas baixas nas \u00e1reas de Serra. Temperatura m\u00e1xima: 35C no Tri\u00e2ngulo Mineiro. Temperatura m\u00ednima: 5C no sul de MG.<\/p>\n<p>Regi\u00e3o Sul \u2013 previs\u00e3o do tempo em 13\/10\/2010: No oeste do RS: sol com nebulosidade vari\u00e1vel e pancadas de chuva \u00e0 tarde. No leste do RS e sudeste de SC: sol e poucas nuvens. No nordeste do PR: sol entre poucas nuvens. No centro-sudoeste do PR, extremo oeste de SC e faixa central do RS sol com varia\u00e7\u00e3o de nuvens e pequena chance de pancadas de chuva a tarde. Nas demais \u00e1reas da Regi\u00e3o: sol com varia\u00e7\u00e3o de nuvens. Ventos intensos no litoral do RS. Temperaturas m\u00ednimas baixas nas \u00e1reas de Serra. Temperatura m\u00e1xima: 26C no oeste do RS. Temperatura m\u00ednima: 6C nas Serras do RS e de SC.<\/p>\n<p>Previs\u00e3o do tempo e temperatura CPTEC<\/p>\n","protected":false},"excerpt":{"rendered":"<p>Previs\u00e3o do tempo \u2013 a meteorologia divulgou a previs\u00e3o do tempo e temperatura para esta quarta-feira (13\/10) e informa que \u00e1reas de instabilidade provocar\u00e3o pancadas de chuva em quase toda a Regi\u00e3o Norte e Centro-Oeste. Apenas em MS e em RR \u00e9 que o tempo permanecer\u00e1 seco. Segundo a previs\u00e3o do tempo dia ensolarado tamb\u00e9m [&hellip;]<\/p>\n","protected":false},"author":3,"featured_media":28410,"comment_status":"open","ping_status":"open","sticky":false,"template":"","format":"standard","meta":{"_genesis_hide_title":false,"_genesis_hide_breadcrumbs":false,"_genesis_hide_singular_image":false,"_genesis_hide_footer_widgets":false,"_genesis_custom_body_class":"","_genesis_custom_post_class":"","_genesis_layout":"","_jetpack_memberships_contains_paid_content":false,"footnotes":""},"categories":[22],"tags":[],"class_list":{"0":"post-31947","1":"post","2":"type-post","3":"status-publish","4":"format-standard","5":"has-post-thumbnail","7":"category-brasil","8":"entry","9":"gs-1","10":"gs-odd","11":"gs-even","12":"gs-featured-content-entry"},"jetpack_featured_media_url":"https:\/\/www.redenoticia.com.br\/noticia\/imagens\/previsao-do-tempo-temperatura.jpg","jetpack_sharing_enabled":true,"jetpack_likes_enabled":true,"_links":{"self":[{"href":"https:\/\/www.redenoticia.com.br\/noticia\/wp-json\/wp\/v2\/posts\/31947","targetHints":{"allow":["GET"]}}],"collection":[{"href":"https:\/\/www.redenoticia.com.br\/noticia\/wp-json\/wp\/v2\/posts"}],"about":[{"href":"https:\/\/www.redenoticia.com.br\/noticia\/wp-json\/wp\/v2\/types\/post"}],"author":[{"embeddable":true,"href":"https:\/\/www.redenoticia.com.br\/noticia\/wp-json\/wp\/v2\/users\/3"}],"replies":[{"embeddable":true,"href":"https:\/\/www.redenoticia.com.br\/noticia\/wp-json\/wp\/v2\/comments?post=31947"}],"version-history":[{"count":0,"href":"https:\/\/www.redenoticia.com.br\/noticia\/wp-json\/wp\/v2\/posts\/31947\/revisions"}],"wp:featuredmedia":[{"embeddable":true,"href":"https:\/\/www.redenoticia.com.br\/noticia\/wp-json\/wp\/v2\/media\/28410"}],"wp:attachment":[{"href":"https:\/\/www.redenoticia.com.br\/noticia\/wp-json\/wp\/v2\/media?parent=31947"}],"wp:term":[{"taxonomy":"category","embeddable":true,"href":"https:\/\/www.redenoticia.com.br\/noticia\/wp-json\/wp\/v2\/categories?post=31947"},{"taxonomy":"post_tag","embeddable":true,"href":"https:\/\/www.redenoticia.com.br\/noticia\/wp-json\/wp\/v2\/tags?post=31947"}],"curies":[{"name":"wp","href":"https:\/\/api.w.org\/{rel}","templated":true}]}}