{"id":31935,"date":"2010-10-11T20:01:01","date_gmt":"2010-10-12T00:01:01","guid":{"rendered":"http:\/\/www.redenoticia.com.br\/noticia\/?p=31935"},"modified":"2010-10-12T14:16:26","modified_gmt":"2010-10-12T18:16:26","slug":"meteorologia-%e2%80%93-previsao-do-tempo-para-esta-terca-feira-1210","status":"publish","type":"post","link":"https:\/\/www.redenoticia.com.br\/noticia\/2010\/meteorologia-%e2%80%93-previsao-do-tempo-para-esta-terca-feira-1210\/31935","title":{"rendered":"Meteorologia \u2013 previs\u00e3o do tempo para esta ter\u00e7a-feira 12\/10"},"content":{"rendered":"<p><img loading=\"lazy\" decoding=\"async\" class=\"alignleft size-full wp-image-28410\" title=\"previsao do tempo temperatura\" src=\"https:\/\/www.redenoticia.com.br\/noticia\/imagens\/previsao-do-tempo-temperatura.jpg\" alt=\"\" width=\"300\" height=\"193\" srcset=\"https:\/\/www.redenoticia.com.br\/noticia\/imagens\/previsao-do-tempo-temperatura.jpg 300w, https:\/\/www.redenoticia.com.br\/noticia\/imagens\/previsao-do-tempo-temperatura-250x160.jpg 250w, https:\/\/www.redenoticia.com.br\/noticia\/imagens\/previsao-do-tempo-temperatura-150x96.jpg 150w\" sizes=\"auto, (max-width: 300px) 100vw, 300px\" \/><\/p>\n<p>Previs\u00e3o do tempo \u2013 a meteorologia divulgou a previs\u00e3o do tempo e temperatura para este feriado (12\/10) e informa que o sol aparecer\u00e1 entre poucas nuvens na maior parte das Regi\u00f5es Nordeste e Sul do Brasil. Segundo a previs\u00e3o do tempo um canal de umidade e a alta temperatura manter\u00e1 as condi\u00e7\u00f5es de pancadas de chuva sobre o Norte do pa\u00eds, em GO, incluindo o DF e centro-norte de MT. Dados da previs\u00e3o do tempo indicam que a ter\u00e7a-feira ser\u00e1 mais um dia encoberto com chuva isolada no norte fluminense, leste de MG, no ES e sul da BA. A previs\u00e3o do tempo destaca que no leste de SP o dia ficar\u00e1 nublado e ainda h\u00e1 pequena possibilidade de chuva. A temperatura m\u00e1xima estar\u00e1 em gradativa eleva\u00e7\u00e3o no leste do Sudeste.<\/p>\n<p>Vale do Para\u00edba \u2013 previs\u00e3o do tempo em 12\/10 haver\u00e1 muitas nuvens, r\u00e1pidas aberturas de sol e ainda condi\u00e7\u00f5es para chuvas fracas e isoladas. Temperaturas amenas.<\/p>\n<p>Regi\u00e3o Centro-Oeste \u2013 previs\u00e3o do tempo em 12\/10\/2010: No centro-norte de MT e de GO: sol entre nebulosidade vari\u00e1vel e com pancadas de chuva. No sul de MS: predom\u00ednio de sol. Nas demais \u00e1reas da Regi\u00e3o: sol e varia\u00e7\u00e3o de nuvens. Temperaturas amenas no leste de MS. Temperatura m\u00e1xima: 39C no noroeste do MT. Temperatura m\u00ednima: 17C no leste de MS.<\/p>\n<p>Regi\u00e3o Nordeste \u2013 previs\u00e3o do tempo em 12\/10\/2010: Na faixa central e leste da BA: nublado com chuva isolada. No sul da BA: encoberto com chuva isolada. No litoral sul da BA: nublado com chuva. Na maior parte do MA: sol com nebulosidade vari\u00e1vel e pancadas de chuva isolada. Nas demais \u00e1reas da Regi\u00e3o: sol e poucas nuvens. Temperaturas amenas no sul da BA. Temperatura m\u00e1xima: 38C no PI. Temperatura m\u00ednima: 18C no sul da BA.<\/p>\n<p>Regi\u00e3o Norte \u2013 previs\u00e3o do tempo em 12\/10\/2010: No noroeste do PA e no AP: sol e poucas nuvens. No nordeste do PA e no sul de RO: sol entre poucas nuvens e com possibilidade de pancadas de chuva. No AC: sol e varia\u00e7\u00e3o de nuvens. Nas demais \u00e1reas da Regi\u00e3o: sol entre poucas nuvens e pancadas de chuva. Temperaturas elevadas na Regi\u00e3o. Temperatura m\u00e1xima: 41C no norte de RO. Temperatura m\u00ednima: 20C no sul do PA.<\/p>\n<p>Regi\u00e3o Sudeste \u2013 previs\u00e3o do tempo em 12\/10\/2010: No ES, no leste de MG e no norte e leste do RJ: encoberto com chuva isolada, com ventos intensos no litoral norte do RJ e centro-sul do ES. Nas demais \u00e1reas do RJ, no leste de SP e no norte e sudeste de MG: nublado com chuva isolada. No nordeste de SP e no sul de MG: dia nublado. No oeste de SP: predom\u00ednio de sol. Nas demais \u00e1reas de SP e no Tri\u00e2ngulo Mineiro: sol com varia\u00e7\u00e3o de nuvens. Nas demais \u00e1reas de MG: sol com varia\u00e7\u00e3o de nebulosidade e pancadas de chuva isolada. Temperaturas amenas no leste da Regi\u00e3o. Temperatura m\u00e1xima: 31C no oeste de MG. Temperatura m\u00ednima: 7C na Serra da Mantiqueira.<\/p>\n","protected":false},"excerpt":{"rendered":"<p>Previs\u00e3o do tempo \u2013 a meteorologia divulgou a previs\u00e3o do tempo e temperatura para este feriado (12\/10) e informa que o sol aparecer\u00e1 entre poucas nuvens na maior parte das Regi\u00f5es Nordeste e Sul do Brasil. Segundo a previs\u00e3o do tempo um canal de umidade e a alta temperatura manter\u00e1 as condi\u00e7\u00f5es de pancadas de [&hellip;]<\/p>\n","protected":false},"author":3,"featured_media":28410,"comment_status":"open","ping_status":"open","sticky":false,"template":"","format":"standard","meta":{"_genesis_hide_title":false,"_genesis_hide_breadcrumbs":false,"_genesis_hide_singular_image":false,"_genesis_hide_footer_widgets":false,"_genesis_custom_body_class":"","_genesis_custom_post_class":"","_genesis_layout":"","_jetpack_memberships_contains_paid_content":false,"footnotes":""},"categories":[22],"tags":[],"class_list":{"0":"post-31935","1":"post","2":"type-post","3":"status-publish","4":"format-standard","5":"has-post-thumbnail","7":"category-brasil","8":"entry","9":"gs-1","10":"gs-odd","11":"gs-even","12":"gs-featured-content-entry"},"jetpack_featured_media_url":"https:\/\/www.redenoticia.com.br\/noticia\/imagens\/previsao-do-tempo-temperatura.jpg","jetpack_sharing_enabled":true,"jetpack_likes_enabled":true,"_links":{"self":[{"href":"https:\/\/www.redenoticia.com.br\/noticia\/wp-json\/wp\/v2\/posts\/31935","targetHints":{"allow":["GET"]}}],"collection":[{"href":"https:\/\/www.redenoticia.com.br\/noticia\/wp-json\/wp\/v2\/posts"}],"about":[{"href":"https:\/\/www.redenoticia.com.br\/noticia\/wp-json\/wp\/v2\/types\/post"}],"author":[{"embeddable":true,"href":"https:\/\/www.redenoticia.com.br\/noticia\/wp-json\/wp\/v2\/users\/3"}],"replies":[{"embeddable":true,"href":"https:\/\/www.redenoticia.com.br\/noticia\/wp-json\/wp\/v2\/comments?post=31935"}],"version-history":[{"count":0,"href":"https:\/\/www.redenoticia.com.br\/noticia\/wp-json\/wp\/v2\/posts\/31935\/revisions"}],"wp:featuredmedia":[{"embeddable":true,"href":"https:\/\/www.redenoticia.com.br\/noticia\/wp-json\/wp\/v2\/media\/28410"}],"wp:attachment":[{"href":"https:\/\/www.redenoticia.com.br\/noticia\/wp-json\/wp\/v2\/media?parent=31935"}],"wp:term":[{"taxonomy":"category","embeddable":true,"href":"https:\/\/www.redenoticia.com.br\/noticia\/wp-json\/wp\/v2\/categories?post=31935"},{"taxonomy":"post_tag","embeddable":true,"href":"https:\/\/www.redenoticia.com.br\/noticia\/wp-json\/wp\/v2\/tags?post=31935"}],"curies":[{"name":"wp","href":"https:\/\/api.w.org\/{rel}","templated":true}]}}