{"id":31926,"date":"2010-10-09T17:01:18","date_gmt":"2010-10-09T21:01:18","guid":{"rendered":"http:\/\/www.redenoticia.com.br\/noticia\/?p=31926"},"modified":"2010-10-10T11:47:35","modified_gmt":"2010-10-10T15:47:35","slug":"meteorologia-%e2%80%93-previsao-do-tempo-para-este-domingo-1010","status":"publish","type":"post","link":"https:\/\/www.redenoticia.com.br\/noticia\/2010\/meteorologia-%e2%80%93-previsao-do-tempo-para-este-domingo-1010\/31926","title":{"rendered":"Meteorologia \u2013 previs\u00e3o do tempo para este domingo 10\/10"},"content":{"rendered":"<p><img loading=\"lazy\" decoding=\"async\" class=\"alignleft size-full wp-image-28410\" title=\"previsao do tempo temperatura\" src=\"https:\/\/www.redenoticia.com.br\/noticia\/imagens\/previsao-do-tempo-temperatura.jpg\" alt=\"\" width=\"300\" height=\"193\" srcset=\"https:\/\/www.redenoticia.com.br\/noticia\/imagens\/previsao-do-tempo-temperatura.jpg 300w, https:\/\/www.redenoticia.com.br\/noticia\/imagens\/previsao-do-tempo-temperatura-250x160.jpg 250w, https:\/\/www.redenoticia.com.br\/noticia\/imagens\/previsao-do-tempo-temperatura-150x96.jpg 150w\" sizes=\"auto, (max-width: 300px) 100vw, 300px\" \/>Previs\u00e3o do tempo \u2013 a <strong><em>meteorologia<\/em><\/strong> divulgou a <strong><em>previs\u00e3o do tempo<\/em><\/strong> e <strong><em>temperatura<\/em><\/strong> para este domingo 10\/10 e informa que, os ventos \u00famidos vindos do mar deixar\u00e3o o c\u00e9u nublado e ocorrer\u00e1 per\u00edodos com chuva isolada e de fraca intensidade na faixa litor\u00e2nea entre SC at\u00e9 o sul da BA Segundo a previs\u00e3o do tempo \u00e1reas de instabilidade provocar\u00e3o pancadas de chuva em quase toda a Regi\u00e3o Norte, no noroeste e norte de MG, centro-norte de GO e de MT, com chance de chuva localmente forte nestas \u00e1reas. Dados da previs\u00e3o do tempo indicam que haver\u00e1 pequena possibilidade de pancadas de chuva no nordeste do PA, no centro e leste da BA e RO. A previs\u00e3o do tempo destaca que o sol predominar\u00e1 no interior do Nordeste e no centro-norte de MS. Nas demais \u00e1reas do pa\u00eds o sol aparece entre poucas nuvens. A temperatura m\u00ednima ficar\u00e1 baixa no RS.<\/p>\n<p>Vale do Para\u00edba previs\u00e3o do tempo em 10\/10 ainda haver\u00e1 muitas nuvens na regi\u00e3o, apesar do surgimento do sol em alguns instantes, principalmente no Vale e Serra. H\u00e1 chance de chuva \u00e9 pequena e de forma bem isolada. No Litoral Norte a quantidade de nuvens ser\u00e1 um pouco maior e haver\u00e1 chance para chuva fraca e chuvisco em alguns instantes do dia, mesmo que de forma localizada. As temperaturas estar\u00e3o amenas.<\/p>\n<p>Regi\u00e3o Centro-Oeste \u2013 previs\u00e3o do tempo em 10\/10\/2010: No leste e norte de MT e no centro-norte de GO: sol entre nebulosidade vari\u00e1vel e com fortes pancadas de chuva. No sul de MT e de GO e em todas as \u00e1reas de MS: sol e varia\u00e7\u00e3o de nuvens. Nas demais \u00e1reas da Regi\u00e3o: sol entre nebulosidade vari\u00e1vel e com possibilidade de pancadas de chuva. Temperaturas est\u00e1veis. Temperatura m\u00e1xima: 38C no norte do MT. Temperatura m\u00ednima: 13C no sul de MS.<\/p>\n<p>Regi\u00e3o Nordeste \u2013 previs\u00e3o do tempo em 10\/10\/2010: No sul da BA: nublado com chuva. No centro-leste da BA: nublado com chuva isolada. No sudoeste e oeste da BA e no sul do PI e do MA: sol, varia\u00e7\u00e3o de nuvens e pancadas de chuva. No noroeste da BA e no Rec\u00f4ncavo baiano e no oeste do MA e no centro-sudeste do PI: sol entre poucas nuvens e com possibilidade de pancadas de chuva. No sert\u00e3o Nordeste: predom\u00ednio de sol. No norte do MA: sol e varia\u00e7\u00e3o de nuvens. Nas demais \u00e1reas da Regi\u00e3o: sol e poucas nuvens. Temperaturas em decl\u00ednio no sul da BA. Temperatura m\u00e1xima: 40C no PI. Temperatura m\u00ednima: 18C na faixa leste da Regi\u00e3o.<\/p>\n<p>Regi\u00e3o Norte \u2013 previs\u00e3o do tempo em 10\/10\/2010: No centro-sul de RO e no nordeste do PA: sol entre poucas nuvens e com possibilidade de pancadas de chuva. No norte do PA e no AP: sol e poucas nuvens. Nas demais \u00e1reas da Regi\u00e3o: sol com nebulosidade vari\u00e1vel e pancadas de chuva isolada. Em alguns pontos poder\u00e1 chover forte. Temperaturas elevadas na Regi\u00e3o. Temperatura m\u00e1xima: 40C no oeste do TO. Temperatura m\u00ednima: 22C no leste do PA.<\/p>\n<p>Regi\u00e3o Sudeste \u2013 previs\u00e3o do tempo em 10\/10\/2010: No ES e no leste de MG: nublado com chuva isolada. No oeste de SP e no Tri\u00e2ngulo Mineiro: sol e varia\u00e7\u00e3o de nuvens. No litoral de SP e do RJ: nublado com uma pequena chance de chuvisco. No centro-norte de MG: sol entre nebulosidade vari\u00e1vel e com pancadas de chuva isolada. Poder\u00e1 chover forte em alguns pontos do norte de MG. Nas demais \u00e1reas da Regi\u00e3o: muitas nuvens e uma pequena chance de chuva fraca e isolada. Ventos intensos na faixa litor\u00e2nea do ES. Temperaturas amenas no leste da Regi\u00e3o. Temperatura m\u00e1xima: 32C no norte de MG. Temperatura m\u00ednima: 7C na Serra da Mantiqueira.<\/p>\n<p>Regi\u00e3o Sul \u2013 previs\u00e3o do tempo em 10\/10\/2010: No nordeste do RS, na faixa central de SC e no leste do PR: dia nublado com possibilidade de chuva leve e de forma isolada. No centro-leste de SC: nublado com possibilidade de chuvisco a qualquer hora. Na sudeste do RS e nas demais \u00e1reas de SC e do PR: sol e varia\u00e7\u00e3o de nuvens. Nas demais \u00e1reas do RS: sol e poucas nuvens. Temperaturas m\u00ednimas baixas no RS. Temperatura m\u00e1xima: 25C no noroeste do PR. Temperatura m\u00ednima: 6C na Serra Geral.<\/p>\n<p>Previs\u00e3o do tempo e temperatura CPTEC<\/p>\n","protected":false},"excerpt":{"rendered":"<p>Previs\u00e3o do tempo \u2013 a meteorologia divulgou a previs\u00e3o do tempo e temperatura para este domingo 10\/10 e informa que, os ventos \u00famidos vindos do mar deixar\u00e3o o c\u00e9u nublado e ocorrer\u00e1 per\u00edodos com chuva isolada e de fraca intensidade na faixa litor\u00e2nea entre SC at\u00e9 o sul da BA Segundo a previs\u00e3o do tempo [&hellip;]<\/p>\n","protected":false},"author":3,"featured_media":28410,"comment_status":"open","ping_status":"open","sticky":false,"template":"","format":"standard","meta":{"_genesis_hide_title":false,"_genesis_hide_breadcrumbs":false,"_genesis_hide_singular_image":false,"_genesis_hide_footer_widgets":false,"_genesis_custom_body_class":"","_genesis_custom_post_class":"","_genesis_layout":"","_jetpack_memberships_contains_paid_content":false,"footnotes":""},"categories":[22],"tags":[],"class_list":{"0":"post-31926","1":"post","2":"type-post","3":"status-publish","4":"format-standard","5":"has-post-thumbnail","7":"category-brasil","8":"entry","9":"gs-1","10":"gs-odd","11":"gs-even","12":"gs-featured-content-entry"},"jetpack_featured_media_url":"https:\/\/www.redenoticia.com.br\/noticia\/imagens\/previsao-do-tempo-temperatura.jpg","jetpack_sharing_enabled":true,"jetpack_likes_enabled":true,"_links":{"self":[{"href":"https:\/\/www.redenoticia.com.br\/noticia\/wp-json\/wp\/v2\/posts\/31926","targetHints":{"allow":["GET"]}}],"collection":[{"href":"https:\/\/www.redenoticia.com.br\/noticia\/wp-json\/wp\/v2\/posts"}],"about":[{"href":"https:\/\/www.redenoticia.com.br\/noticia\/wp-json\/wp\/v2\/types\/post"}],"author":[{"embeddable":true,"href":"https:\/\/www.redenoticia.com.br\/noticia\/wp-json\/wp\/v2\/users\/3"}],"replies":[{"embeddable":true,"href":"https:\/\/www.redenoticia.com.br\/noticia\/wp-json\/wp\/v2\/comments?post=31926"}],"version-history":[{"count":0,"href":"https:\/\/www.redenoticia.com.br\/noticia\/wp-json\/wp\/v2\/posts\/31926\/revisions"}],"wp:featuredmedia":[{"embeddable":true,"href":"https:\/\/www.redenoticia.com.br\/noticia\/wp-json\/wp\/v2\/media\/28410"}],"wp:attachment":[{"href":"https:\/\/www.redenoticia.com.br\/noticia\/wp-json\/wp\/v2\/media?parent=31926"}],"wp:term":[{"taxonomy":"category","embeddable":true,"href":"https:\/\/www.redenoticia.com.br\/noticia\/wp-json\/wp\/v2\/categories?post=31926"},{"taxonomy":"post_tag","embeddable":true,"href":"https:\/\/www.redenoticia.com.br\/noticia\/wp-json\/wp\/v2\/tags?post=31926"}],"curies":[{"name":"wp","href":"https:\/\/api.w.org\/{rel}","templated":true}]}}