{"id":31917,"date":"2010-10-08T17:33:56","date_gmt":"2010-10-08T21:33:56","guid":{"rendered":"http:\/\/www.redenoticia.com.br\/noticia\/?p=31917"},"modified":"2010-10-08T17:33:56","modified_gmt":"2010-10-08T21:33:56","slug":"manifestantes-prometem-fechar-a-usina-de-jirau-ro","status":"publish","type":"post","link":"https:\/\/www.redenoticia.com.br\/noticia\/2010\/manifestantes-prometem-fechar-a-usina-de-jirau-ro\/31917","title":{"rendered":"Manifestantes prometem fechar a Usina de Jirau (RO)"},"content":{"rendered":"<p><img loading=\"lazy\" decoding=\"async\" class=\"alignleft size-full wp-image-31918\" title=\"Manifestacao na Usina Jirau - Porto Velho (RO)\" src=\"https:\/\/www.redenoticia.com.br\/noticia\/imagens\/Manifestacao-na-Usina-Jirau-Porto-Velho-RO.jpg\" alt=\"\" width=\"400\" height=\"266\" srcset=\"https:\/\/www.redenoticia.com.br\/noticia\/imagens\/Manifestacao-na-Usina-Jirau-Porto-Velho-RO.jpg 400w, https:\/\/www.redenoticia.com.br\/noticia\/imagens\/Manifestacao-na-Usina-Jirau-Porto-Velho-RO-250x166.jpg 250w, https:\/\/www.redenoticia.com.br\/noticia\/imagens\/Manifestacao-na-Usina-Jirau-Porto-Velho-RO-150x99.jpg 150w\" sizes=\"auto, (max-width: 400px) 100vw, 400px\" \/>Os moradores de Mutum-Paran\u00e1 realizaram uma manifesta\u00e7\u00e3o na manh\u00e3 de quinta-feira (7), na vila de Nova Mutum, distante 120 km da capital de Rond\u00f4nia Porto Velho.<br \/>\nEles reivindicam uma a\u00e7\u00e3o mais criteriosa na avalia\u00e7\u00e3o do valor de suas propriedades por parte da empresa Energia Sustent\u00e1vel do Brasil, respons\u00e1vel pela constru\u00e7\u00e3o da Usina de Jirau, obra do PAC, que est\u00e1 sendo constru\u00edda No Rio Madeira.<br \/>\nDe acordo com os moradores a usina est\u00e1 subavaliando as propriedades, n\u00e3o cumprindo os acordos que foram firmados nas audi\u00eancias p\u00fablicas, realizadas na \u00e9poca do licenciamento das obras.  A promessa era que os moradores receberiam as indeniza\u00e7\u00f5es n\u00e3o s\u00f3 pelo valor material de suas benfeitorias, mas tamb\u00e9m pelo transtorno causado por terem que abandonar um local onde tinham uma viv\u00eancia e uma hist\u00f3ria de desbravamento de trinta anos.<br \/>\nA Energia Sustent\u00e1vel do Brasil emitiu uma nota onde afirmava que \u201ca reuni\u00e3o do Grupo de Trabalho de Remanejamento Rural, marcada para esta quinta-feira, dia 07 de outubro, foi adiada devido \u00e0 emin\u00eancia de uma manifesta\u00e7\u00e3o em Nova Mutum Paran\u00e1, localidade planejada e constru\u00edda pela empresa.\u201d, alegando \u201cincompatibilidade de a\u00e7\u00f5es\u201d.<br \/>\nA atitude da empresa enfureceu os moradores que realizaram uma assembl\u00e9ia entre os presentes e resolveram ent\u00e3o fazer seu protesto junto ao Minist\u00e9rio P\u00fablico Federal e ao Minist\u00e9rio P\u00fablico Estadual. Maic Castro da diretoria da AGRIPOANAM, Associa\u00e7\u00e3o dos Garimpeiros, Produtores Rurais e Ribeirinhos extrativistas, que organizou a manifesta\u00e7\u00e3o, disse \u201cN\u00f3s viemos realizar uma manifesta\u00e7\u00e3o pac\u00edfica e ordeira e fomos tratados como cidad\u00e3os de segunda classe pela dire\u00e7\u00e3o da usina, agora vamos ao minist\u00e9rio p\u00fablico e se as autoridades n\u00e3o resolverem nossa situa\u00e7\u00e3o vamos fechar a usina\u201d, disparou.<br \/>\nA manifesta\u00e7\u00e3o foi engrossada pela presen\u00e7a da Presidente do sindicato dos Garimpeiros do Estado de Rond\u00f4nia, Iraci de Oliveira Sena, pelo Presidente da FENAG, Federa\u00e7\u00e3o Nacional dos Garimpeiros Jos\u00e9 Alves da Silva e pelo advogado Arcelino Leon que tem a\u00e7\u00f5es contra a usina.<br \/>\nO presidente da FENAG, Jos\u00e9 Alves, afirmou que \u201ca Federa\u00e7\u00e3o est\u00e1 dando todo o apoio \u00e0 luta dos moradores de Mutum Paran\u00e1, composta por milhares de garimpeiros, pois se trata de uma luta justa, e n\u00e3o \u00e9 poss\u00edvel que uma empresa como a Energia Sustent\u00e1vel do Brasil queira subavaliar as pequenas propriedades daqueles moradores que enfrentaram intemp\u00e9ries, mal\u00e1ria, isolamento, e agora v\u00eaem tudo isso ser reduzido a poucos reais\u201d.<br \/>\nO movimento vai realizar manifesta\u00e7\u00f5es na manh\u00e3 de hoje no Minist\u00e9rio P\u00fablico Federal, onde pretende entregar a pauta de reivindica\u00e7\u00f5es n\u00e3o atendidas pela empresa e pedir que o Minist\u00e9rio abra uma a\u00e7\u00e3o civil p\u00fablica para o esclarecimento dos fatos.<br \/>\n<em>Fonte: Alex Sakai<\/em><\/p>\n","protected":false},"excerpt":{"rendered":"<p>Os moradores de Mutum-Paran\u00e1 realizaram uma manifesta\u00e7\u00e3o na manh\u00e3 de quinta-feira (7), na vila de Nova Mutum, distante 120 km da capital de Rond\u00f4nia Porto Velho. Eles reivindicam uma a\u00e7\u00e3o mais criteriosa na avalia\u00e7\u00e3o do valor de suas propriedades por parte da empresa Energia Sustent\u00e1vel do Brasil, respons\u00e1vel pela constru\u00e7\u00e3o da Usina de Jirau, obra [&hellip;]<\/p>\n","protected":false},"author":2,"featured_media":31918,"comment_status":"open","ping_status":"open","sticky":false,"template":"","format":"standard","meta":{"_genesis_hide_title":false,"_genesis_hide_breadcrumbs":false,"_genesis_hide_singular_image":false,"_genesis_hide_footer_widgets":false,"_genesis_custom_body_class":"","_genesis_custom_post_class":"","_genesis_layout":"","_jetpack_memberships_contains_paid_content":false,"footnotes":""},"categories":[388],"tags":[],"class_list":{"0":"post-31917","1":"post","2":"type-post","3":"status-publish","4":"format-standard","5":"has-post-thumbnail","7":"category-destaques","8":"entry","9":"gs-1","10":"gs-odd","11":"gs-even","12":"gs-featured-content-entry"},"jetpack_featured_media_url":"https:\/\/www.redenoticia.com.br\/noticia\/imagens\/Manifestacao-na-Usina-Jirau-Porto-Velho-RO.jpg","jetpack_sharing_enabled":true,"jetpack_likes_enabled":true,"_links":{"self":[{"href":"https:\/\/www.redenoticia.com.br\/noticia\/wp-json\/wp\/v2\/posts\/31917","targetHints":{"allow":["GET"]}}],"collection":[{"href":"https:\/\/www.redenoticia.com.br\/noticia\/wp-json\/wp\/v2\/posts"}],"about":[{"href":"https:\/\/www.redenoticia.com.br\/noticia\/wp-json\/wp\/v2\/types\/post"}],"author":[{"embeddable":true,"href":"https:\/\/www.redenoticia.com.br\/noticia\/wp-json\/wp\/v2\/users\/2"}],"replies":[{"embeddable":true,"href":"https:\/\/www.redenoticia.com.br\/noticia\/wp-json\/wp\/v2\/comments?post=31917"}],"version-history":[{"count":0,"href":"https:\/\/www.redenoticia.com.br\/noticia\/wp-json\/wp\/v2\/posts\/31917\/revisions"}],"wp:featuredmedia":[{"embeddable":true,"href":"https:\/\/www.redenoticia.com.br\/noticia\/wp-json\/wp\/v2\/media\/31918"}],"wp:attachment":[{"href":"https:\/\/www.redenoticia.com.br\/noticia\/wp-json\/wp\/v2\/media?parent=31917"}],"wp:term":[{"taxonomy":"category","embeddable":true,"href":"https:\/\/www.redenoticia.com.br\/noticia\/wp-json\/wp\/v2\/categories?post=31917"},{"taxonomy":"post_tag","embeddable":true,"href":"https:\/\/www.redenoticia.com.br\/noticia\/wp-json\/wp\/v2\/tags?post=31917"}],"curies":[{"name":"wp","href":"https:\/\/api.w.org\/{rel}","templated":true}]}}