{"id":31912,"date":"2010-10-08T17:22:29","date_gmt":"2010-10-08T21:22:29","guid":{"rendered":"http:\/\/www.redenoticia.com.br\/noticia\/?p=31912"},"modified":"2010-10-08T17:24:16","modified_gmt":"2010-10-08T21:24:16","slug":"ulisses-matozinho-realiza-feira-de-conhecimentos-em-ji-parana-ro","status":"publish","type":"post","link":"https:\/\/www.redenoticia.com.br\/noticia\/2010\/ulisses-matozinho-realiza-feira-de-conhecimentos-em-ji-parana-ro\/31912","title":{"rendered":"Ulisses Matozinho realiza Feira de Conhecimentos em Ji-Paran\u00e1 (RO)"},"content":{"rendered":"<p><img loading=\"lazy\" decoding=\"async\" class=\"alignleft size-full wp-image-31913\" title=\"Feira do conhecimento na Ulisses Matozinho\" src=\"https:\/\/www.redenoticia.com.br\/noticia\/imagens\/Feira-do-conhecimento-na-Ulisses-Matozinho.jpg\" alt=\"\" width=\"300\" height=\"200\" srcset=\"https:\/\/www.redenoticia.com.br\/noticia\/imagens\/Feira-do-conhecimento-na-Ulisses-Matozinho.jpg 300w, https:\/\/www.redenoticia.com.br\/noticia\/imagens\/Feira-do-conhecimento-na-Ulisses-Matozinho-250x166.jpg 250w, https:\/\/www.redenoticia.com.br\/noticia\/imagens\/Feira-do-conhecimento-na-Ulisses-Matozinho-150x100.jpg 150w\" sizes=\"auto, (max-width: 300px) 100vw, 300px\" \/>Aconteceu ontem (07), na Escola P\u00f3lo Municipal Ulisses Matozinho, a 2\u00aa Feira de Conhecimentos, que envolveu cerca de 250 alunos, o 6\u00ba ao 9\u00ba ano, al\u00e9m de alunos da extens\u00e3o B\u00e1rbara, localizada na 4\u00aa Linha da Gleba G.<br \/>\nSegundo informa\u00e7\u00f5es do diretor da escola, que est\u00e1 localizada no KM- 17, estrada de Nova Londrina &#8211; Ji-Paran\u00e1 (RO), Elecimar da Silveira, foram abordadas diversas v\u00e1rias \u00e1reas do conhecimento, como portugu\u00eas, matem\u00e1tica, m\u00eddia, jogos interativos, jogos esportivos, al\u00e9m da distribui\u00e7\u00e3o de 80 mudas de \u00e1rvores nativas para a popula\u00e7\u00e3o local.<br \/>\n\u201c\u00c9 a nossa segunda experi\u00eancia e acreditamos que a cada ano vamos aperfei\u00e7oando mais e surgindo inova\u00e7\u00f5es. Estamos muito felizes com o resultado e agradecemos a toda a equipe de trabalho da Ulisses Matozinho que n\u00e3o mediu esfor\u00e7os para a realiza\u00e7\u00e3o da feira\u201d, comentou Elecimar.<br \/>\nA feira teve in\u00edcio com apresenta\u00e7\u00f5es art\u00edsticas, entre elas a da \u201cAmigos da Orquestra\u201d, e  de dan\u00e7a dos alunos da escola. Iniciada \u00e0s 9 horas, teve seu encerramento por volta das 16 horas com um desfile de modas.<\/p>\n","protected":false},"excerpt":{"rendered":"<p>Aconteceu ontem (07), na Escola P\u00f3lo Municipal Ulisses Matozinho, a 2\u00aa Feira de Conhecimentos, que envolveu cerca de 250 alunos, o 6\u00ba ao 9\u00ba ano, al\u00e9m de alunos da extens\u00e3o B\u00e1rbara, localizada na 4\u00aa Linha da Gleba G. Segundo informa\u00e7\u00f5es do diretor da escola, que est\u00e1 localizada no KM- 17, estrada de Nova Londrina &#8211; [&hellip;]<\/p>\n","protected":false},"author":2,"featured_media":31913,"comment_status":"open","ping_status":"open","sticky":false,"template":"","format":"standard","meta":{"_genesis_hide_title":false,"_genesis_hide_breadcrumbs":false,"_genesis_hide_singular_image":false,"_genesis_hide_footer_widgets":false,"_genesis_custom_body_class":"","_genesis_custom_post_class":"","_genesis_layout":"","_jetpack_memberships_contains_paid_content":false,"footnotes":""},"categories":[388],"tags":[],"class_list":{"0":"post-31912","1":"post","2":"type-post","3":"status-publish","4":"format-standard","5":"has-post-thumbnail","7":"category-destaques","8":"entry","9":"gs-1","10":"gs-odd","11":"gs-even","12":"gs-featured-content-entry"},"jetpack_featured_media_url":"https:\/\/www.redenoticia.com.br\/noticia\/imagens\/Feira-do-conhecimento-na-Ulisses-Matozinho.jpg","jetpack_sharing_enabled":true,"jetpack_likes_enabled":true,"_links":{"self":[{"href":"https:\/\/www.redenoticia.com.br\/noticia\/wp-json\/wp\/v2\/posts\/31912","targetHints":{"allow":["GET"]}}],"collection":[{"href":"https:\/\/www.redenoticia.com.br\/noticia\/wp-json\/wp\/v2\/posts"}],"about":[{"href":"https:\/\/www.redenoticia.com.br\/noticia\/wp-json\/wp\/v2\/types\/post"}],"author":[{"embeddable":true,"href":"https:\/\/www.redenoticia.com.br\/noticia\/wp-json\/wp\/v2\/users\/2"}],"replies":[{"embeddable":true,"href":"https:\/\/www.redenoticia.com.br\/noticia\/wp-json\/wp\/v2\/comments?post=31912"}],"version-history":[{"count":0,"href":"https:\/\/www.redenoticia.com.br\/noticia\/wp-json\/wp\/v2\/posts\/31912\/revisions"}],"wp:featuredmedia":[{"embeddable":true,"href":"https:\/\/www.redenoticia.com.br\/noticia\/wp-json\/wp\/v2\/media\/31913"}],"wp:attachment":[{"href":"https:\/\/www.redenoticia.com.br\/noticia\/wp-json\/wp\/v2\/media?parent=31912"}],"wp:term":[{"taxonomy":"category","embeddable":true,"href":"https:\/\/www.redenoticia.com.br\/noticia\/wp-json\/wp\/v2\/categories?post=31912"},{"taxonomy":"post_tag","embeddable":true,"href":"https:\/\/www.redenoticia.com.br\/noticia\/wp-json\/wp\/v2\/tags?post=31912"}],"curies":[{"name":"wp","href":"https:\/\/api.w.org\/{rel}","templated":true}]}}