{"id":31906,"date":"2010-10-08T16:59:45","date_gmt":"2010-10-08T20:59:45","guid":{"rendered":"http:\/\/www.redenoticia.com.br\/noticia\/?p=31906"},"modified":"2010-10-08T16:59:45","modified_gmt":"2010-10-08T20:59:45","slug":"casa-brasil-vai-oferecer-curso-de-doces-e-salgados-em-novembro","status":"publish","type":"post","link":"https:\/\/www.redenoticia.com.br\/noticia\/2010\/casa-brasil-vai-oferecer-curso-de-doces-e-salgados-em-novembro\/31906","title":{"rendered":"Casa Brasil vai oferecer curso de doces e salgados em novembro"},"content":{"rendered":"<p><img loading=\"lazy\" decoding=\"async\" class=\"alignleft size-full wp-image-31907\" title=\"Casa Brasil em Porto Velho\" src=\"https:\/\/www.redenoticia.com.br\/noticia\/imagens\/Casa-Brasil-em-Porto-Velho.jpg\" alt=\"\" width=\"300\" height=\"150\" srcset=\"https:\/\/www.redenoticia.com.br\/noticia\/imagens\/Casa-Brasil-em-Porto-Velho.jpg 300w, https:\/\/www.redenoticia.com.br\/noticia\/imagens\/Casa-Brasil-em-Porto-Velho-250x125.jpg 250w, https:\/\/www.redenoticia.com.br\/noticia\/imagens\/Casa-Brasil-em-Porto-Velho-150x75.jpg 150w\" sizes=\"auto, (max-width: 300px) 100vw, 300px\" \/>A Casa Brasil oferecer\u00e1 mais um curso de doces e salgados, no m\u00eas que vem. A informa\u00e7\u00e3o \u00e9 da chefia da divis\u00e3o de apoio \u00e0 ci\u00eancia e tecnologia da secretaria municipal de desenvolvimento socioecon\u00f4mico e Turismo (Semdestur), Liliane Sayonara de Melo. O \u00faltimo curso encerrou em dezembro do ano passado e o segundo disse Liliane, s\u00f3 n\u00e3o foi poss\u00edvel iniciar novas turmas por causa da falta de profissional para ministrar o curso. Esta semana o novo art\u00edfice contratado, Vagner D\u2019Avilla, especialista em doces e salgados, se apresentou \u00e0 Semdestur e j\u00e1 iniciou a programa\u00e7\u00e3o do curso que possui mais de 80 inscritos. \u201cAs turmas est\u00e3o sendo organizadas e a previs\u00e3o \u00e9 que o curso seja iniciado na primeira semana de novembro\u201d, disse Liliane. Maores informa\u00e7\u00f5es atrav\u00e9s do telefone 3901-2803.<br \/>\n<strong>Casa Brasil <\/strong><br \/>\nO Projeto Casa Brasil \u00e9 do Governo Federal e tem atualmente cerca de 90 sedes desta institui\u00e7\u00e3o distribu\u00eddas no territ\u00f3rio nacional Em Porto Velho, a sede da Casa Brasil foi inaugurada pelo prefeito Roberto Sobrinho em outubro de 2007 e est\u00e1 sob a coordena\u00e7\u00e3o da secretaria municipal de desenvolvimento socioecon\u00f4mico e turismo (Semdestur). A finalidade do Projeto \u00e9 reduzir as desigualdades sociais nas regi\u00f5es de baixo \u00edndice de desenvolvimento humano, oferecendo acesso gratuito \u00e0 internet, sala de leitura, qualifica\u00e7\u00e3o profissional, a\u00e7\u00f5es comunit\u00e1rias e oficinas volunt\u00e1rias.<br \/>\nTodos os servi\u00e7os oferecidos pela Casa Brasil est\u00e3o direcionados para a gera\u00e7\u00e3o de emprego e renda, inclus\u00e3o social e melhoria da qualidade de vida das fam\u00edlias carentes, preparando jovens e adultos para o mercado de trabalho. A sede \u00e9 composta por tele-centro, sala de leitura, audit\u00f3rio, est\u00fadio multim\u00eddia, laborat\u00f3rio de divulga\u00e7\u00e3o e ci\u00eancia e inform\u00e1tica. As pessoas qualificadas pela Casa Brasil s\u00e3o cadastradas no balc\u00e3o de emprego municipal, para concorrer ao mercado de trabalho.<br \/>\nEm Porto Velho, a Casa Brasil fica localizada na Avenida Mamor\u00e9, 2878, bairro Tr\u00eas Marias, local onde j\u00e1 foram oferecidos cursos de capacita\u00e7\u00e3o na qualifica\u00e7\u00e3o profissional nas \u00e1reas de: montagem e manuten\u00e7\u00e3o de computadores, serigrafia, cabeleireiros, doces e salgados, corte e costuras, manicure e pedicuro. Tamb\u00e9m foram disponibilizados cursos de auxiliar de laborat\u00f3rio de an\u00e1lises cl\u00ednicas, departamento de pessoal e rela\u00e7\u00f5es humanas, armador de ferragens, pintor de paredes, serventes de obras, mec\u00e2nica de motocicleta, eletricista predial e industrial, gar\u00e7om e gar\u00e7onete, cozinha light, confec\u00e7\u00e3o de pe\u00e7as \u00edntimas, camareira de hotel, entre outros. Os cursos t\u00eam dura\u00e7\u00e3o de 40 a 220 horas e s\u00e3o inteiramente gratuitos.<\/p>\n","protected":false},"excerpt":{"rendered":"<p>A Casa Brasil oferecer\u00e1 mais um curso de doces e salgados, no m\u00eas que vem. A informa\u00e7\u00e3o \u00e9 da chefia da divis\u00e3o de apoio \u00e0 ci\u00eancia e tecnologia da secretaria municipal de desenvolvimento socioecon\u00f4mico e Turismo (Semdestur), Liliane Sayonara de Melo. O \u00faltimo curso encerrou em dezembro do ano passado e o segundo disse Liliane, [&hellip;]<\/p>\n","protected":false},"author":2,"featured_media":31907,"comment_status":"open","ping_status":"open","sticky":false,"template":"","format":"standard","meta":{"_genesis_hide_title":false,"_genesis_hide_breadcrumbs":false,"_genesis_hide_singular_image":false,"_genesis_hide_footer_widgets":false,"_genesis_custom_body_class":"","_genesis_custom_post_class":"","_genesis_layout":"","_jetpack_memberships_contains_paid_content":false,"footnotes":""},"categories":[388],"tags":[],"class_list":{"0":"post-31906","1":"post","2":"type-post","3":"status-publish","4":"format-standard","5":"has-post-thumbnail","7":"category-destaques","8":"entry","9":"gs-1","10":"gs-odd","11":"gs-even","12":"gs-featured-content-entry"},"jetpack_featured_media_url":"https:\/\/www.redenoticia.com.br\/noticia\/imagens\/Casa-Brasil-em-Porto-Velho.jpg","jetpack_sharing_enabled":true,"jetpack_likes_enabled":true,"_links":{"self":[{"href":"https:\/\/www.redenoticia.com.br\/noticia\/wp-json\/wp\/v2\/posts\/31906","targetHints":{"allow":["GET"]}}],"collection":[{"href":"https:\/\/www.redenoticia.com.br\/noticia\/wp-json\/wp\/v2\/posts"}],"about":[{"href":"https:\/\/www.redenoticia.com.br\/noticia\/wp-json\/wp\/v2\/types\/post"}],"author":[{"embeddable":true,"href":"https:\/\/www.redenoticia.com.br\/noticia\/wp-json\/wp\/v2\/users\/2"}],"replies":[{"embeddable":true,"href":"https:\/\/www.redenoticia.com.br\/noticia\/wp-json\/wp\/v2\/comments?post=31906"}],"version-history":[{"count":0,"href":"https:\/\/www.redenoticia.com.br\/noticia\/wp-json\/wp\/v2\/posts\/31906\/revisions"}],"wp:featuredmedia":[{"embeddable":true,"href":"https:\/\/www.redenoticia.com.br\/noticia\/wp-json\/wp\/v2\/media\/31907"}],"wp:attachment":[{"href":"https:\/\/www.redenoticia.com.br\/noticia\/wp-json\/wp\/v2\/media?parent=31906"}],"wp:term":[{"taxonomy":"category","embeddable":true,"href":"https:\/\/www.redenoticia.com.br\/noticia\/wp-json\/wp\/v2\/categories?post=31906"},{"taxonomy":"post_tag","embeddable":true,"href":"https:\/\/www.redenoticia.com.br\/noticia\/wp-json\/wp\/v2\/tags?post=31906"}],"curies":[{"name":"wp","href":"https:\/\/api.w.org\/{rel}","templated":true}]}}