{"id":31905,"date":"2010-10-08T23:21:07","date_gmt":"2010-10-09T03:21:07","guid":{"rendered":"http:\/\/www.redenoticia.com.br\/noticia\/?p=31905"},"modified":"2010-10-09T16:55:39","modified_gmt":"2010-10-09T20:55:39","slug":"meteorologia-%e2%80%93-previsao-do-tempo-para-este-sabado-0910","status":"publish","type":"post","link":"https:\/\/www.redenoticia.com.br\/noticia\/2010\/meteorologia-%e2%80%93-previsao-do-tempo-para-este-sabado-0910\/31905","title":{"rendered":"Meteorologia \u2013 previs\u00e3o do tempo para este s\u00e1bado 09\/10"},"content":{"rendered":"<p><img loading=\"lazy\" decoding=\"async\" class=\"alignleft size-full wp-image-28410\" title=\"previsao do tempo temperatura\" src=\"https:\/\/www.redenoticia.com.br\/noticia\/imagens\/previsao-do-tempo-temperatura.jpg\" alt=\"\" width=\"300\" height=\"193\" srcset=\"https:\/\/www.redenoticia.com.br\/noticia\/imagens\/previsao-do-tempo-temperatura.jpg 300w, https:\/\/www.redenoticia.com.br\/noticia\/imagens\/previsao-do-tempo-temperatura-250x160.jpg 250w, https:\/\/www.redenoticia.com.br\/noticia\/imagens\/previsao-do-tempo-temperatura-150x96.jpg 150w\" sizes=\"auto, (max-width: 300px) 100vw, 300px\" \/><\/p>\n<p>Previs\u00e3o do tempo \u2013 a <strong><em>meteorologia<\/em><\/strong> divulgou a <strong><em>previs\u00e3o do tempo<\/em><\/strong> e <strong><em>temperatura <\/em><\/strong>para este s\u00e1bado (09\/10) e informa que os ventos \u00famidos vindos do mar deixar\u00e3o o c\u00e9u encoberto e ocorrer\u00e3o per\u00edodos com chuva isolada na faixa litor\u00e2nea entre SC e o ES. Segundo a previs\u00e3o do tempo entre o nordeste de MG, norte do ES e sul da BA tamb\u00e9m chover\u00e1, por\u00e9m, as chuvas poder\u00e3o ser mais fortes. Haver\u00e1 muitas nuvens e possibilidade de chuva no leste de SC, PR, leste e nordeste de SP, RJ e sudeste de MG. Dados da previs\u00e3o do tempo indicam que \u00c1reas de instabilidade provocar\u00e3o pancadas de chuva no noroeste de MG, centro-norte de GO, incluindo o DF, sul do TO, centro-norte do MT, faixa sul do PA, grande parte de RO, AC, AM, sul e leste de RR, com chance de chuva localmente forte nestas \u00e1reas. Haver\u00e1 pequena possibilidade de pancadas de chuva no centro do PA, do TO e da BA. A previs\u00e3o do tempo destaca que O sol predominar\u00e1 no interior do Nordeste e no centro-norte de MS. Nas demais \u00e1reas do pa\u00eds o sol aparece entre poucas nuvens. O dia estar\u00e1 ventoso na faixa litor\u00e2nea da Regi\u00e3o Sudeste.<\/p>\n<p>Vale do Para\u00edba \u2013 previs\u00e3o do tempo em 09\/10, o dia ficar\u00e1 encoberto, ventoso e com chuvas isoladas no Litoral Norte, e nublado com possibilidade de chuva nas demais \u00e1reas do vale. As temperaturas estar\u00e3o em decl\u00ednio.<\/p>\n<p>Regi\u00e3o Centro-Oeste \u2013 previs\u00e3o do tempo em 09\/10\/2010: No centro-sul de MS: sol e poucas nuvens. Nas demais \u00e1reas de MS e no sul de GO: predom\u00ednio de sol. No centro-norte de GO e de MT: sol entre nebulosidade vari\u00e1vel e com pancadas de chuva. Poder\u00e1 chover forte em alguns pontos. Nas demais \u00e1reas da Regi\u00e3o: sol e varia\u00e7\u00e3o de nuvens. Temperatura m\u00e1xima: 38C no norte do MT. Temperatura m\u00ednima: 13C no sul de MS.<\/p>\n<p>Regi\u00e3o Nordeste \u2013 previs\u00e3o do tempo em 09\/10\/2010: No sul da BA: nublado com chuva. Em alguns pontos poder\u00e1 chover forte. No sudoeste e oeste da BA: sol e varia\u00e7\u00e3o de nuvens com possibilidade de pancadas de chuva. No sert\u00e3o Nordeste: predom\u00ednio de sol. Nas demais \u00e1reas da Regi\u00e3o: sol e poucas nuvens. Temperaturas est\u00e1veis. Temperatura m\u00e1xima: 40C no PI. Temperatura m\u00ednima: 18C na faixa leste da Regi\u00e3o.<\/p>\n<p>Regi\u00e3o Norte \u2013 previs\u00e3o do tempo em 09\/10\/2010: No leste e norte do PA e no AP: sol entre poucas nuvens. Na faixa central e sudeste do PA: sol entre poucas nuvens e com possibilidade de pancadas de chuva. No sul de RO: sol e varia\u00e7\u00e3o de nuvens. Nas demais \u00e1reas da Regi\u00e3o: sol, nebulosidade vari\u00e1vel e pancadas de chuva. Em alguns pontos poder\u00e1 chover forte. Temperaturas est\u00e1veis. Temperatura m\u00e1xima: 42C no sul do TO e do AM. Temperatura m\u00ednima: 21C no sudeste do PA.<\/p>\n<p>Regi\u00e3o Sudeste \u2013 previs\u00e3o do tempo em 09\/10\/2010: No Triangulo Mineiro: predom\u00ednio de sol. No leste de MG e no oeste do ES: nublado com chuva isolada. No norte fluminense e nos litorais do RJ e de SP: encoberto com chuva isolada. No nordeste de MG e no norte do ES: nublado com chuva forte a qualquer hora. Nas demais \u00e1reas do RJ, no leste de SP e no sudeste de MG: nublado com possibilidade de chuva. No noroeste de MG: sol entre nebulosidade vari\u00e1vel e com pancadas de chuva. No nordeste de SP e no centro de MG: nublado. Nas demais \u00e1reas da Regi\u00e3o: sol e pouca nebulosidade. Ventos intensos na faixa litor\u00e2nea entre o ES e o norte de SP. Temperaturas amenas no leste de SP. Temperatura m\u00e1xima: 34C no norte de MG. Temperatura m\u00ednima: 9C na Serra da Mantiqueira.<\/p>\n<p>Regi\u00e3o Sul \u2013 previs\u00e3o do tempo em 09\/10\/2010: No leste do RS: sol com varia\u00e7\u00e3o de nuvens. predom\u00ednio de sol. No faixa leste do PR e no nordeste de SC: nublado com possibilidade de chuva. Nos litorais entre o PR e de SC: encoberto com chuva isolada. Nas demais \u00e1reas da Regi\u00e3o: sol e poucas nuvens. Temperaturas amenas no leste da Regi\u00e3o. Temperatura m\u00e1xima: 24C no noroeste do PR. Temperatura m\u00ednima: 6C na Serra Geral.<\/p>\n<p>Previs\u00e3o do tempo e temperatura CPTEC<\/p>\n","protected":false},"excerpt":{"rendered":"<p>Previs\u00e3o do tempo \u2013 a meteorologia divulgou a previs\u00e3o do tempo e temperatura para este s\u00e1bado (09\/10) e informa que os ventos \u00famidos vindos do mar deixar\u00e3o o c\u00e9u encoberto e ocorrer\u00e3o per\u00edodos com chuva isolada na faixa litor\u00e2nea entre SC e o ES. Segundo a previs\u00e3o do tempo entre o nordeste de MG, norte [&hellip;]<\/p>\n","protected":false},"author":3,"featured_media":28410,"comment_status":"open","ping_status":"open","sticky":false,"template":"","format":"standard","meta":{"_genesis_hide_title":false,"_genesis_hide_breadcrumbs":false,"_genesis_hide_singular_image":false,"_genesis_hide_footer_widgets":false,"_genesis_custom_body_class":"","_genesis_custom_post_class":"","_genesis_layout":"","_jetpack_memberships_contains_paid_content":false,"footnotes":""},"categories":[22],"tags":[],"class_list":{"0":"post-31905","1":"post","2":"type-post","3":"status-publish","4":"format-standard","5":"has-post-thumbnail","7":"category-brasil","8":"entry","9":"gs-1","10":"gs-odd","11":"gs-even","12":"gs-featured-content-entry"},"jetpack_featured_media_url":"https:\/\/www.redenoticia.com.br\/noticia\/imagens\/previsao-do-tempo-temperatura.jpg","jetpack_sharing_enabled":true,"jetpack_likes_enabled":true,"_links":{"self":[{"href":"https:\/\/www.redenoticia.com.br\/noticia\/wp-json\/wp\/v2\/posts\/31905","targetHints":{"allow":["GET"]}}],"collection":[{"href":"https:\/\/www.redenoticia.com.br\/noticia\/wp-json\/wp\/v2\/posts"}],"about":[{"href":"https:\/\/www.redenoticia.com.br\/noticia\/wp-json\/wp\/v2\/types\/post"}],"author":[{"embeddable":true,"href":"https:\/\/www.redenoticia.com.br\/noticia\/wp-json\/wp\/v2\/users\/3"}],"replies":[{"embeddable":true,"href":"https:\/\/www.redenoticia.com.br\/noticia\/wp-json\/wp\/v2\/comments?post=31905"}],"version-history":[{"count":0,"href":"https:\/\/www.redenoticia.com.br\/noticia\/wp-json\/wp\/v2\/posts\/31905\/revisions"}],"wp:featuredmedia":[{"embeddable":true,"href":"https:\/\/www.redenoticia.com.br\/noticia\/wp-json\/wp\/v2\/media\/28410"}],"wp:attachment":[{"href":"https:\/\/www.redenoticia.com.br\/noticia\/wp-json\/wp\/v2\/media?parent=31905"}],"wp:term":[{"taxonomy":"category","embeddable":true,"href":"https:\/\/www.redenoticia.com.br\/noticia\/wp-json\/wp\/v2\/categories?post=31905"},{"taxonomy":"post_tag","embeddable":true,"href":"https:\/\/www.redenoticia.com.br\/noticia\/wp-json\/wp\/v2\/tags?post=31905"}],"curies":[{"name":"wp","href":"https:\/\/api.w.org\/{rel}","templated":true}]}}