{"id":31899,"date":"2010-10-08T10:55:44","date_gmt":"2010-10-08T14:55:44","guid":{"rendered":"http:\/\/www.redenoticia.com.br\/noticia\/?p=31899"},"modified":"2010-10-08T10:55:44","modified_gmt":"2010-10-08T14:55:44","slug":"brasil-vence-olimpiada-ibero-americana-de-fisica","status":"publish","type":"post","link":"https:\/\/www.redenoticia.com.br\/noticia\/2010\/brasil-vence-olimpiada-ibero-americana-de-fisica\/31899","title":{"rendered":"Brasil vence Olimp\u00edada Ibero-Americana de F\u00edsica"},"content":{"rendered":"<div>\n<h3><span style=\"font-weight: normal; font-size: 13px;\">Pelo terceiro ano consecutivo, a <\/span><span style=\"font-size: 13px;\"><em>equipe brasileira \u00e9  a campe\u00e3 geral da Olimp\u00edada Ibero-Americana de F\u00edsica<\/em><\/span><span style=\"font-weight: normal; font-size: 13px;\"> (OIbF), competi\u00e7\u00e3o  destinada a alunos do ensino m\u00e9dio e cujas eliminat\u00f3rias se d\u00e3o pela Olimp\u00edada  Brasileira de F\u00edsica (OBF).<\/span><\/h3>\n<\/div>\n<div>\n<p>A 15\u00aa edi\u00e7\u00e3o do torneio foi realizada no Panam\u00e1, de 26 de setembro a 2 de  outubro, ocasi\u00e3o em que a equipe formada pelos estudantes Danilo de Albuquerque,  Elder Yoshida, Lucas Souza e Matheus de Paula conquistou quatro medalhas de  ouro, colocando o Brasil no primeiro lugar da competi\u00e7\u00e3o.<\/p>\n<p>Os quatro haviam sido selecionados na OBF 2008, enquanto cursavam a 1\u00aa s\u00e9rie  do ensino m\u00e9dio. Desde ent\u00e3o, passaram por treinamentos e foram acompanhados  pela Comiss\u00e3o de Prepara\u00e7\u00e3o da OBF. No final desse processo, os quatro tiveram  aulas te\u00f3ricas e experimentais durante uma semana no Instituto de F\u00edsica da  Universidade de S\u00e3o Paulo (USP), no campus de S\u00e3o Carlos (SP).<\/p>\n<p>Destinada a alunos do \u00faltimo ano do ensino m\u00e9dio, a OIbF reuniu 71  competidores de 17 pa\u00edses da Am\u00e9rica Latina, mais Portugal e Espanha. Cada na\u00e7\u00e3o  pode enviar, no m\u00e1ximo, quatro estudantes.<\/p>\n<p>A OBF tamb\u00e9m seleciona alunos para a International Physics Olympiad (IPhO)  que este ano reuniu 380 estudantes de 82 pa\u00edses, em julho na Cro\u00e1cia. Naquela  competi\u00e7\u00e3o, a equipe brasileira formada pelos alunos C\u00e1ssio dos Santos Sousa,  Filipe Rodrigues de Almeida Lira, Gustavo Haddad Francisco Braga, Rodrigo  Alencar e Rodrigo Silva conquistou cinco medalhas de bronze.<\/p>\n<p>Atualmente, o Brasil \u00e9 o pa\u00eds da Am\u00e9rica Latina com o maior n\u00famero de  medalhas na IPhO e na OIbF.<\/p>\n<p>Mais informa\u00e7\u00f5es: <strong><a href=\"http:\/\/www.sbf1.sbfisica.org.br\/olimpiadas\" target=\"_blank\">www.sbf1.sbfisica.org.br\/olimpiadas<\/a><\/strong><\/p>\n<h3><span style=\"font-weight: normal;\">Ag\u00eancia FAPESP<\/span><\/h3>\n<\/div>\n","protected":false},"excerpt":{"rendered":"<p>Pelo terceiro ano consecutivo, a equipe brasileira \u00e9 a campe\u00e3 geral da Olimp\u00edada Ibero-Americana de F\u00edsica (OIbF), competi\u00e7\u00e3o destinada a alunos do ensino m\u00e9dio e cujas eliminat\u00f3rias se d\u00e3o pela Olimp\u00edada Brasileira de F\u00edsica (OBF). A 15\u00aa edi\u00e7\u00e3o do torneio foi realizada no Panam\u00e1, de 26 de setembro a 2 de outubro, ocasi\u00e3o em que [&hellip;]<\/p>\n","protected":false},"author":3,"featured_media":0,"comment_status":"open","ping_status":"open","sticky":false,"template":"","format":"standard","meta":{"_genesis_hide_title":false,"_genesis_hide_breadcrumbs":false,"_genesis_hide_singular_image":false,"_genesis_hide_footer_widgets":false,"_genesis_custom_body_class":"","_genesis_custom_post_class":"","_genesis_layout":"","_jetpack_memberships_contains_paid_content":false,"footnotes":""},"categories":[22],"tags":[],"class_list":{"0":"post-31899","1":"post","2":"type-post","3":"status-publish","4":"format-standard","6":"category-brasil","7":"entry","8":"gs-1","9":"gs-odd","10":"gs-even","11":"gs-featured-content-entry"},"jetpack_featured_media_url":"","jetpack_sharing_enabled":true,"jetpack_likes_enabled":true,"_links":{"self":[{"href":"https:\/\/www.redenoticia.com.br\/noticia\/wp-json\/wp\/v2\/posts\/31899","targetHints":{"allow":["GET"]}}],"collection":[{"href":"https:\/\/www.redenoticia.com.br\/noticia\/wp-json\/wp\/v2\/posts"}],"about":[{"href":"https:\/\/www.redenoticia.com.br\/noticia\/wp-json\/wp\/v2\/types\/post"}],"author":[{"embeddable":true,"href":"https:\/\/www.redenoticia.com.br\/noticia\/wp-json\/wp\/v2\/users\/3"}],"replies":[{"embeddable":true,"href":"https:\/\/www.redenoticia.com.br\/noticia\/wp-json\/wp\/v2\/comments?post=31899"}],"version-history":[{"count":0,"href":"https:\/\/www.redenoticia.com.br\/noticia\/wp-json\/wp\/v2\/posts\/31899\/revisions"}],"wp:attachment":[{"href":"https:\/\/www.redenoticia.com.br\/noticia\/wp-json\/wp\/v2\/media?parent=31899"}],"wp:term":[{"taxonomy":"category","embeddable":true,"href":"https:\/\/www.redenoticia.com.br\/noticia\/wp-json\/wp\/v2\/categories?post=31899"},{"taxonomy":"post_tag","embeddable":true,"href":"https:\/\/www.redenoticia.com.br\/noticia\/wp-json\/wp\/v2\/tags?post=31899"}],"curies":[{"name":"wp","href":"https:\/\/api.w.org\/{rel}","templated":true}]}}