{"id":31886,"date":"2010-10-07T15:44:41","date_gmt":"2010-10-07T19:44:41","guid":{"rendered":"http:\/\/www.redenoticia.com.br\/noticia\/?p=31886"},"modified":"2010-10-07T15:44:41","modified_gmt":"2010-10-07T19:44:41","slug":"consulta-publica-pioneira-orienta-indicador-da-febraban","status":"publish","type":"post","link":"https:\/\/www.redenoticia.com.br\/noticia\/2010\/consulta-publica-pioneira-orienta-indicador-da-febraban\/31886","title":{"rendered":"Consulta p\u00fablica pioneira orienta indicador da FEBRABAN"},"content":{"rendered":"<p>A FEBRABAN &#8211; Federa\u00e7\u00e3o Brasileira de Bancos acaba de abrir para consulta  p\u00fablica uma proposta de <strong><em>indicadores de sustentabilidade <\/em><\/strong>para institui\u00e7\u00f5es  financeiras. \u201cPioneira no Brasil, essa iniciativa \u00e9 o primeiro passo no sentido  de construir e implementar uma agenda comum de sustentabilidade no setor  financeiro\u201d, diz M\u00e1rio S\u00e9rgio Vasconcelos, diretor de Rela\u00e7\u00f5es Institucionais da  FEBRABAN.<\/p>\n<p>O objetivo \u00e9 colher cr\u00edticas e sugest\u00f5es que contribuam para a forma  final da matriz de indicadores. A atual proposta foi desenhada a partir de  discuss\u00f5es da FEBRABAN com representantes do Minist\u00e9rio do Meio Ambiente,  organiza\u00e7\u00f5es n\u00e3o governamentais e bancos. As opini\u00f5es poder\u00e3o ser dadas pelo  hotsite <a href=\"http:\/\/www.febraban.org.br\/protocoloverde\" target=\"_blank\">www.febraban.org.br\/protocoloverde<\/a>,  que ficar\u00e1 no ar at\u00e9 7 de novembro de 2010.<\/p>\n<p>Com base nas discuss\u00f5es promovidas pela FEBRABAN, o Centro de Estudos em  Sustentabilidade da FGV (GVces) elaborou a proposta de indicadores, que  permitir\u00e3o aos bancos identificar o status e a evolu\u00e7\u00e3o das a\u00e7\u00f5es implementadas,  tendo em vista os compromissos assumidos no Protocolo Verde.<\/p>\n<p>Assinado em 2009 pelo presidente da FEBRABAN, Fabio Barbosa, e pelo ent\u00e3o  ministro do Meio Ambiente, Carlos Minc, o Protocolo inclui cinco princ\u00edpios e  diversas diretrizes que estimulam os bancos a oferecerem linhas de financiamento  que fomentem e qualidade de vida da popula\u00e7\u00e3o e o uso sustent\u00e1vel do meio  ambiente, a considerarem os impactos e custos s\u00f3cio ambientais na gest\u00e3o de seus  ativos e na an\u00e1lise de risco de projetos, e a promover interna e externamente o  consumo consciente dos recursos naturais.<\/p>\n","protected":false},"excerpt":{"rendered":"<p>A FEBRABAN &#8211; Federa\u00e7\u00e3o Brasileira de Bancos acaba de abrir para consulta p\u00fablica uma proposta de indicadores de sustentabilidade para institui\u00e7\u00f5es financeiras. \u201cPioneira no Brasil, essa iniciativa \u00e9 o primeiro passo no sentido de construir e implementar uma agenda comum de sustentabilidade no setor financeiro\u201d, diz M\u00e1rio S\u00e9rgio Vasconcelos, diretor de Rela\u00e7\u00f5es Institucionais da FEBRABAN. [&hellip;]<\/p>\n","protected":false},"author":3,"featured_media":0,"comment_status":"open","ping_status":"open","sticky":false,"template":"","format":"standard","meta":{"_genesis_hide_title":false,"_genesis_hide_breadcrumbs":false,"_genesis_hide_singular_image":false,"_genesis_hide_footer_widgets":false,"_genesis_custom_body_class":"","_genesis_custom_post_class":"","_genesis_layout":"","_jetpack_memberships_contains_paid_content":false,"footnotes":""},"categories":[22],"tags":[],"class_list":{"0":"post-31886","1":"post","2":"type-post","3":"status-publish","4":"format-standard","6":"category-brasil","7":"entry","8":"gs-1","9":"gs-odd","10":"gs-even","11":"gs-featured-content-entry"},"jetpack_featured_media_url":"","jetpack_sharing_enabled":true,"jetpack_likes_enabled":true,"_links":{"self":[{"href":"https:\/\/www.redenoticia.com.br\/noticia\/wp-json\/wp\/v2\/posts\/31886","targetHints":{"allow":["GET"]}}],"collection":[{"href":"https:\/\/www.redenoticia.com.br\/noticia\/wp-json\/wp\/v2\/posts"}],"about":[{"href":"https:\/\/www.redenoticia.com.br\/noticia\/wp-json\/wp\/v2\/types\/post"}],"author":[{"embeddable":true,"href":"https:\/\/www.redenoticia.com.br\/noticia\/wp-json\/wp\/v2\/users\/3"}],"replies":[{"embeddable":true,"href":"https:\/\/www.redenoticia.com.br\/noticia\/wp-json\/wp\/v2\/comments?post=31886"}],"version-history":[{"count":0,"href":"https:\/\/www.redenoticia.com.br\/noticia\/wp-json\/wp\/v2\/posts\/31886\/revisions"}],"wp:attachment":[{"href":"https:\/\/www.redenoticia.com.br\/noticia\/wp-json\/wp\/v2\/media?parent=31886"}],"wp:term":[{"taxonomy":"category","embeddable":true,"href":"https:\/\/www.redenoticia.com.br\/noticia\/wp-json\/wp\/v2\/categories?post=31886"},{"taxonomy":"post_tag","embeddable":true,"href":"https:\/\/www.redenoticia.com.br\/noticia\/wp-json\/wp\/v2\/tags?post=31886"}],"curies":[{"name":"wp","href":"https:\/\/api.w.org\/{rel}","templated":true}]}}