{"id":31847,"date":"2010-10-06T14:17:42","date_gmt":"2010-10-06T18:17:42","guid":{"rendered":"http:\/\/www.redenoticia.com.br\/noticia\/?p=31847"},"modified":"2010-10-06T14:18:05","modified_gmt":"2010-10-06T18:18:05","slug":"cidades-de-rondonia-ja-registram-50-das-chuvas-do-mes","status":"publish","type":"post","link":"https:\/\/www.redenoticia.com.br\/noticia\/2010\/cidades-de-rondonia-ja-registram-50-das-chuvas-do-mes\/31847","title":{"rendered":"Cidades de Rond\u00f4nia j\u00e1 registram 50% das chuvas do m\u00eas"},"content":{"rendered":"<p><img loading=\"lazy\" decoding=\"async\" class=\"alignleft size-full wp-image-26322\" title=\"previsao tempo clima chuva temperatura chuva\" src=\"https:\/\/www.redenoticia.com.br\/noticia\/imagens\/previsao-tempo-clima-chuva-temperatura-chuva.jpg\" alt=\"\" width=\"300\" height=\"193\" srcset=\"https:\/\/www.redenoticia.com.br\/noticia\/imagens\/previsao-tempo-clima-chuva-temperatura-chuva.jpg 300w, https:\/\/www.redenoticia.com.br\/noticia\/imagens\/previsao-tempo-clima-chuva-temperatura-chuva-250x160.jpg 250w, https:\/\/www.redenoticia.com.br\/noticia\/imagens\/previsao-tempo-clima-chuva-temperatura-chuva-150x96.jpg 150w\" sizes=\"auto, (max-width: 300px) 100vw, 300px\" \/>Outubro mal come\u00e7ou e as chuvas j\u00e1 chegaram em boa parte do pa\u00eds. At\u00e9 o fim  do m\u00eas passado muitas regi\u00f5es do Brasil estavam sofrendo com a seca, agora j\u00e1  t\u00eam cidades com chuvas acima dos 50% para todo o m\u00eas de Outubro. outras  apresentam chuva acima da m\u00e9dia, faltando ainda uma semana para o fim do m\u00eas. O  Estado do <strong><em>Rond\u00f4nia<\/em><\/strong>, por exemplo, registrou um grande volume de precipita\u00e7\u00f5es e  algumas cidades j\u00e1 acima dos 50% da m\u00e9dia nos primeiros 6 dias do m\u00eas.<\/p>\n<p>Um desses casos \u00e9 a cidade de Cacoal, onde em 24 horas choveu 44mm e at\u00e9 o  momento j\u00e1 acumulou 106 mm, e a m\u00e9dia para todo o m\u00eas \u00e9 de 188mm, ou seja, j\u00e1  choveu 55% do esperado. Outra cidade \u00e9 a capital Porto Velho, que j\u00e1 teve 145mm  de precipita\u00e7\u00e3o em 6 dias, 80% da m\u00e9dia que \u00e9 de 185mm.<\/p>\n<p>Segundo a SOMAR Meteorologia, a previs\u00e3o para os pr\u00f3ximos dias \u00e9 que a chuva  continue na regi\u00e3o pelo menos at\u00e9 ter\u00e7a-feira (12). A frente fria que chega ao  Sul do pa\u00eds avan\u00e7a e h\u00e1 possibilidades de causar temporais tamb\u00e9m no Estado,  principalmente no cento e norte de Rond\u00f4nia. \u201cEssas chuvas j\u00e1 v\u00e3o ajudar a  melhorar as condi\u00e7\u00f5es para a agricultura e os pastos na Regi\u00e3o, mas ainda n\u00e3o  s\u00e3o suficientes para aumentar o n\u00edvel dos rios Mamor\u00e9, Madeira e Machado\u201d, diz o  meteorologista Celso Oliveira.<\/p>\n","protected":false},"excerpt":{"rendered":"<p>Outubro mal come\u00e7ou e as chuvas j\u00e1 chegaram em boa parte do pa\u00eds. At\u00e9 o fim do m\u00eas passado muitas regi\u00f5es do Brasil estavam sofrendo com a seca, agora j\u00e1 t\u00eam cidades com chuvas acima dos 50% para todo o m\u00eas de Outubro. outras apresentam chuva acima da m\u00e9dia, faltando ainda uma semana para o [&hellip;]<\/p>\n","protected":false},"author":3,"featured_media":26322,"comment_status":"open","ping_status":"open","sticky":false,"template":"","format":"standard","meta":{"_genesis_hide_title":false,"_genesis_hide_breadcrumbs":false,"_genesis_hide_singular_image":false,"_genesis_hide_footer_widgets":false,"_genesis_custom_body_class":"","_genesis_custom_post_class":"","_genesis_layout":"","_jetpack_memberships_contains_paid_content":false,"footnotes":""},"categories":[22,327,388],"tags":[],"class_list":{"0":"post-31847","1":"post","2":"type-post","3":"status-publish","4":"format-standard","5":"has-post-thumbnail","7":"category-brasil","8":"category-clima","9":"category-destaques","10":"entry","11":"gs-1","12":"gs-odd","13":"gs-even","14":"gs-featured-content-entry"},"jetpack_featured_media_url":"https:\/\/www.redenoticia.com.br\/noticia\/imagens\/previsao-tempo-clima-chuva-temperatura-chuva.jpg","jetpack_sharing_enabled":true,"jetpack_likes_enabled":true,"_links":{"self":[{"href":"https:\/\/www.redenoticia.com.br\/noticia\/wp-json\/wp\/v2\/posts\/31847","targetHints":{"allow":["GET"]}}],"collection":[{"href":"https:\/\/www.redenoticia.com.br\/noticia\/wp-json\/wp\/v2\/posts"}],"about":[{"href":"https:\/\/www.redenoticia.com.br\/noticia\/wp-json\/wp\/v2\/types\/post"}],"author":[{"embeddable":true,"href":"https:\/\/www.redenoticia.com.br\/noticia\/wp-json\/wp\/v2\/users\/3"}],"replies":[{"embeddable":true,"href":"https:\/\/www.redenoticia.com.br\/noticia\/wp-json\/wp\/v2\/comments?post=31847"}],"version-history":[{"count":0,"href":"https:\/\/www.redenoticia.com.br\/noticia\/wp-json\/wp\/v2\/posts\/31847\/revisions"}],"wp:featuredmedia":[{"embeddable":true,"href":"https:\/\/www.redenoticia.com.br\/noticia\/wp-json\/wp\/v2\/media\/26322"}],"wp:attachment":[{"href":"https:\/\/www.redenoticia.com.br\/noticia\/wp-json\/wp\/v2\/media?parent=31847"}],"wp:term":[{"taxonomy":"category","embeddable":true,"href":"https:\/\/www.redenoticia.com.br\/noticia\/wp-json\/wp\/v2\/categories?post=31847"},{"taxonomy":"post_tag","embeddable":true,"href":"https:\/\/www.redenoticia.com.br\/noticia\/wp-json\/wp\/v2\/tags?post=31847"}],"curies":[{"name":"wp","href":"https:\/\/api.w.org\/{rel}","templated":true}]}}