{"id":31834,"date":"2010-10-05T14:05:17","date_gmt":"2010-10-05T18:05:17","guid":{"rendered":"http:\/\/www.redenoticia.com.br\/noticia\/?p=31834"},"modified":"2010-10-05T14:06:13","modified_gmt":"2010-10-05T18:06:13","slug":"wwf-brasil-movimento-cuidar-da-natureza-e-cuidar-da-vida","status":"publish","type":"post","link":"https:\/\/www.redenoticia.com.br\/noticia\/2010\/wwf-brasil-movimento-cuidar-da-natureza-e-cuidar-da-vida\/31834","title":{"rendered":"WWF Brasil \u2013 movimento \u201cCuidar da natureza \u00e9 cuidar da vida\u201d"},"content":{"rendered":"<p>O WWF-Brasil lan\u00e7a hoje o movimento \u201c<strong><em>Cuidar da natureza \u00e9 cuidar da vida<\/em><\/strong>\u201d,  sobre a import\u00e2ncia da conserva\u00e7\u00e3o da biodiversidade, como um alerta \u00e0s  consequ\u00eancias que o descuido com a natureza pode provocar. Associada \u00e0 meta do  WWF-Brasil de contribuir para que a sociedade brasileira alcance o desmatamento  zero at\u00e9 2015, a iniciativa teve uma primeira etapa que, durante o m\u00eas de  setembro, instigou a popula\u00e7\u00e3o a responder \u00e0 pergunta \u201cO que voc\u00ea precisa pra  viver?\u201d. Sem saber que o WWF-Brasil era o autor da campanha, foram enviadas  respostas variadas. Hoje, ao lan\u00e7ar o movimento, a organiza\u00e7\u00e3o responde que  \u201cPara viver voc\u00ea precisa que a natureza tamb\u00e9m viva\u201d e apresenta uma lista com  10 \u00e1reas priorit\u00e1rias para a cria\u00e7\u00e3o de novas unidades de conserva\u00e7\u00e3o na  Amaz\u00f4nia, Caatinga, Cerrado, Mata Atl\u00e2ntica e Pantanal.<\/p>\n<p>Amor, amigos, sol, sa\u00fade e fam\u00edlia foram as principais respostas da primeira  etapa coletadas nas ruas, no Twitter, no Facebook e no Youtube. \u201cA aus\u00eancia da  natureza nesse tipo de preocupa\u00e7\u00e3o mostra a necessidade de valoriza\u00e7\u00e3o desse  tema na opini\u00e3o p\u00fablica nacional\u201d, afirma Denise Ham\u00fa, secret\u00e1ria-geral do  WWF-Brasil. \u201cEsse processo de conscientiza\u00e7\u00e3o sobre o papel que a biodiversidade  tem na vida de todos n\u00f3s \u00e9 mais urgente do que nunca, pois n\u00e3o \u00e9 exagero dizer  que, vivemos uma crise de biodiversidade, que coloca em risco a nossa sa\u00fade e  meios de subsist\u00eancia. Podemos reverter essa situa\u00e7\u00e3o, por isso a campanha  pretende indicar solu\u00e7\u00f5es para a sociedade brasileira.\u201d<\/p>\n<p>A resposta \u201cPara viver voc\u00ea precisa que a natureza tamb\u00e9m viva\u201d sustenta sua  argumenta\u00e7\u00e3o na manuten\u00e7\u00e3o dos servi\u00e7os ecol\u00f3gicos, como o equil\u00edbrio clim\u00e1tico  e a preven\u00e7\u00e3o e recupera\u00e7\u00e3o de desastres ambientais; no uso direto da  biodiversidade, como os recursos naturais que fornecem rem\u00e9dios, fibras e  combust\u00edveis para a garantia do nosso bem-estar; na seguran\u00e7a de estoques de  alimentos naturais como peixes, frutas e verduras; e no uso p\u00fablico, pois as  \u00e1reas protegidas tamb\u00e9m podem ser fonte de lazer e aprendizado. Sem esquecer os  benef\u00edcios econ\u00f4micos, pois a biodiversidade \u00e9 um recurso do qual dependem  fam\u00edlias, comunidades e gera\u00e7\u00f5es futuras.<\/p>\n<p>A campanha de comunica\u00e7\u00e3o integrada foi criada pela ag\u00eancia Repense, e inclu\u00ed  a\u00e7\u00f5es on-line, com foco nas m\u00eddias sociais, propaganda e a\u00e7\u00f5es de mobiliza\u00e7\u00e3o  urbana que ser\u00e3o implementadas nos pr\u00f3ximos meses. Grandes empresas tamb\u00e9m  aderiram \u00e0 primeira etapa do movimento, apoiando a dissemina\u00e7\u00e3o da mensagem. O  Walmart Brasil veiculou a vinheta \u201cO que voc\u00ea precisa para viver?\u201d em quatro mil  televisores em suas lojas por meio de seu canal TV Walmart; o Yazigi divulga em  sua rede que conta com 420 escolas; a Seguros Unimed espalhou pe\u00e7as da campanha  por sua comunica\u00e7\u00e3o interna; e os hot\u00e9is da rede Sol Meli\u00e1 em Bras\u00edlia  prepararam uma comunica\u00e7\u00e3o especial para engajar os h\u00f3spedes no movimento, com  cartazes nos elevadores e cart\u00f5es-postais na recep\u00e7\u00e3o. A ind\u00fastria farmac\u00eautica  Boehringer Ingelheim programou a distribui\u00e7\u00e3o de cart\u00f5es postais da campanha e  sementes para o p\u00fablico do Edif\u00edcio Rochaver\u00e1, o primeiro empreendimento  greenbuilding de S\u00e3o Paulo.<\/p>\n<p>WWF-Brasil prop\u00f5e a cria\u00e7\u00e3o de unidades de conserva\u00e7\u00e3o em 10 \u00e1reas  priorit\u00e1rias<\/p>\n<p>Em tempos relativamente recentes, o mundo come\u00e7ou a perder esp\u00e9cies e  habitats a uma velocidade alarmante. Na \u00e1rea de farmacologia, a estimativa \u00e9 que  entre 50 mil e 70 mil esp\u00e9cies vegetais sejam fontes de ativos para uso na  medicina tradicional e moderna em todo o mundo. A polui\u00e7\u00e3o, o uso excessivo dos  recursos naturais e a expans\u00e3o urbana e industrial levam muitas esp\u00e9cies \u00e0  extin\u00e7\u00e3o. A cada ano, aproximadamente 17 milh\u00f5es de hectares de floresta  tropical s\u00e3o desmatados. Avalia\u00e7\u00f5es sugerem que, se esse ritmo se mantiver,  entre 5% e 10% das esp\u00e9cies que habitam as florestas tropicais poder\u00e3o estar  extintas dentro dos pr\u00f3ximos 30 anos.<\/p>\n<p>Por isso, uma a\u00e7\u00e3o diretamente ligada ao movimento \u00e9 a proposta de cria\u00e7\u00e3o de  unidades de conserva\u00e7\u00e3o em dez \u00e1reas priorit\u00e1rias. Estes espa\u00e7os institu\u00eddos  pelo poder p\u00fablico ter\u00e3o a finalidade de conservar as caracter\u00edsticas naturais  relevantes em cada \u00e1rea. A lista criada pelo WWF-Brasil \u00e9 uma sugest\u00e3o para o  governo brasileiro alcan\u00e7ar, ainda em 2010, as metas de cobertura natural  protegida por unidades de conserva\u00e7\u00e3o estabelecidas pela Conven\u00e7\u00e3o sobre  Diversidade Biol\u00f3gica da Organiza\u00e7\u00e3o das Na\u00e7\u00f5es Unidas (CDB).<\/p>\n<p>Os focos s\u00e3o a Reserva Extrativista Baixo Rio Branco \u2013 Jauaperi (Amazonas), o  Parque Nacional dos Lavrados (Roraima), o Parque Nacional Chapada dos Veadeiros  (Goi\u00e1s), o Parque Nacional Boqueir\u00e3o da On\u00e7a (Bahia) e outras unidades no  Cerrado do Amap\u00e1, no Tabuleiro do Embaubal (Par\u00e1), no Croa (Acre), no extremo  Sudoeste do Pantanal e em Bertioga, S\u00e3o Paulo. No \u00e2mbito da CDB, o governo  brasileiro se comprometeu a garantir a cobertura, por unidades de conserva\u00e7\u00e3o,  de 10% em cada bioma (conforme a \u00e1rea original) e de 30% na Amaz\u00f4nia. Hoje,  somando todas as unidades existentes no Pa\u00eds, ainda resta proteger  aproximadamente 2,5% do territ\u00f3rio nacional em \u00e1rea terrestre e 8,5% em \u00e1rea  marinha.<\/p>\n<p>Sobre o WWF-Brasil<\/p>\n<p>O WWF-Brasil \u00e9 uma organiza\u00e7\u00e3o n\u00e3o-governamental brasileira dedicada \u00e0  conserva\u00e7\u00e3o da natureza com os objetivos de harmonizar a atividade humana com a  conserva\u00e7\u00e3o da biodiversidade e promover o uso racional dos recursos naturais em  benef\u00edcio dos cidad\u00e3os de hoje e das futuras gera\u00e7\u00f5es. O WWF-Brasil, criado em  1996 e sediado em Bras\u00edlia, desenvolve projetos em todo o Pa\u00eds e integra a Rede  WWF, a maior rede independente de conserva\u00e7\u00e3o da natureza, com atua\u00e7\u00e3o em mais  de 100 pa\u00edses e o apoio de cerca de 5 milh\u00f5es de pessoas, incluindo associados e  volunt\u00e1rios.<\/p>\n","protected":false},"excerpt":{"rendered":"<p>O WWF-Brasil lan\u00e7a hoje o movimento \u201cCuidar da natureza \u00e9 cuidar da vida\u201d, sobre a import\u00e2ncia da conserva\u00e7\u00e3o da biodiversidade, como um alerta \u00e0s consequ\u00eancias que o descuido com a natureza pode provocar. Associada \u00e0 meta do WWF-Brasil de contribuir para que a sociedade brasileira alcance o desmatamento zero at\u00e9 2015, a iniciativa teve uma [&hellip;]<\/p>\n","protected":false},"author":3,"featured_media":0,"comment_status":"open","ping_status":"open","sticky":false,"template":"","format":"standard","meta":{"_genesis_hide_title":false,"_genesis_hide_breadcrumbs":false,"_genesis_hide_singular_image":false,"_genesis_hide_footer_widgets":false,"_genesis_custom_body_class":"","_genesis_custom_post_class":"","_genesis_layout":"","_jetpack_memberships_contains_paid_content":false,"footnotes":""},"categories":[22],"tags":[],"class_list":{"0":"post-31834","1":"post","2":"type-post","3":"status-publish","4":"format-standard","6":"category-brasil","7":"entry","8":"gs-1","9":"gs-odd","10":"gs-even","11":"gs-featured-content-entry"},"jetpack_featured_media_url":"","jetpack_sharing_enabled":true,"jetpack_likes_enabled":true,"_links":{"self":[{"href":"https:\/\/www.redenoticia.com.br\/noticia\/wp-json\/wp\/v2\/posts\/31834","targetHints":{"allow":["GET"]}}],"collection":[{"href":"https:\/\/www.redenoticia.com.br\/noticia\/wp-json\/wp\/v2\/posts"}],"about":[{"href":"https:\/\/www.redenoticia.com.br\/noticia\/wp-json\/wp\/v2\/types\/post"}],"author":[{"embeddable":true,"href":"https:\/\/www.redenoticia.com.br\/noticia\/wp-json\/wp\/v2\/users\/3"}],"replies":[{"embeddable":true,"href":"https:\/\/www.redenoticia.com.br\/noticia\/wp-json\/wp\/v2\/comments?post=31834"}],"version-history":[{"count":0,"href":"https:\/\/www.redenoticia.com.br\/noticia\/wp-json\/wp\/v2\/posts\/31834\/revisions"}],"wp:attachment":[{"href":"https:\/\/www.redenoticia.com.br\/noticia\/wp-json\/wp\/v2\/media?parent=31834"}],"wp:term":[{"taxonomy":"category","embeddable":true,"href":"https:\/\/www.redenoticia.com.br\/noticia\/wp-json\/wp\/v2\/categories?post=31834"},{"taxonomy":"post_tag","embeddable":true,"href":"https:\/\/www.redenoticia.com.br\/noticia\/wp-json\/wp\/v2\/tags?post=31834"}],"curies":[{"name":"wp","href":"https:\/\/api.w.org\/{rel}","templated":true}]}}