{"id":31830,"date":"2010-10-05T13:51:13","date_gmt":"2010-10-05T17:51:13","guid":{"rendered":"http:\/\/www.redenoticia.com.br\/noticia\/?p=31830"},"modified":"2010-10-05T13:51:13","modified_gmt":"2010-10-05T17:51:13","slug":"greenpeace-desempenho-de-candidatos-identificados-com-o-desmatamento","status":"publish","type":"post","link":"https:\/\/www.redenoticia.com.br\/noticia\/2010\/greenpeace-desempenho-de-candidatos-identificados-com-o-desmatamento\/31830","title":{"rendered":"Greenpeace &#8211; desempenho de candidatos identificados com o desmatamento"},"content":{"rendered":"<p><strong><em>Elei\u00e7\u00e3o 2010<\/em><\/strong> &#8211;\u00a0Tom Jobim j\u00e1 dizia que o Brasil n\u00e3o \u00e9 para principiantes. Enquanto os  analistas se dedicam a explicar o <strong><em>resultado <\/em><\/strong>e a especular sobre o rumo que  Marina Silva ir\u00e1 tomar diante da disputa entre Serra e Dilma no segundo turno, o  <strong><em>Greenpeace<\/em><\/strong> acredita que \u00e9 mais do que hora da quest\u00e3o ambiental \u2013 justamente a  que catapultou a senadora no cen\u00e1rio pol\u00edtico brasileiro \u2013 encontrar seu lugar  entre os temas priorit\u00e1rios da agenda nacional, acabando com a s\u00edndrome de que  pol\u00edtico que fala em meio ambiente perde votos. Marina teve 20 milh\u00f5es de  votos.<\/p>\n<p>Dilma e Serra n\u00e3o podem mais fugir do tema. Para al\u00e9m do que fazer em sa\u00fade,  educa\u00e7\u00e3o, seguran\u00e7a e emprego, que s\u00e3o alvo das promessas dos candidatos, o  Greenpeace defende que h\u00e1 assuntos dentro da pauta ambiental que precisam ser  priorizados no plano de governo de um futuro presidente da Rep\u00fablica.<\/p>\n<p>O primeiro deles \u00e9 a compatibiliza\u00e7\u00e3o entre a expans\u00e3o da agricultura e a  garantia da preserva\u00e7\u00e3o das nossas florestas. Num pa\u00eds com mais de uma centena  de milh\u00f5es de hectares abandonados e outros tantos desmatados, dizer que \u00e9  preciso desmatar mais para continuar plantando \u00e9 repetir o velho mantra de que a  destrui\u00e7\u00e3o da natureza \u00e9 o passaporte para o desenvolvimento.<\/p>\n<p>Assim, a tentativa de acabar com o C\u00f3digo Florestal no Congresso Nacional,  que conta com o apoio de setores dos mais diferentes partidos, incluindo o PT e  o PSDB, \u00e9 o primeiro tema que exige da sociedade uma aten\u00e7\u00e3o imediata. Qualquer  dos dois candidatos que n\u00e3o deixar clara a import\u00e2ncia do c\u00f3digo para a prote\u00e7\u00e3o  de nossas florestas vai se comprometer n\u00e3o com o futuro, mas com um Brasil  atrasado.<\/p>\n<p>Outro assunto fundamental \u00e9 o que fazer para que o Brasil assegure o  crescimento da sua economia sem sujar a nossa matriz de gera\u00e7\u00e3o el\u00e9trica,  baseada principalmente em fontes limpas e renov\u00e1veis. N\u00e3o bastasse o fato de  estarmos aumentando a gera\u00e7\u00e3o de energia a partir de fontes sujas, embarcamos na  aventura do pr\u00e9-sal sem medir os impactos ambientais e econ\u00f4micos dessa  op\u00e7\u00e3o.<\/p>\n<p>Ela vai dobrar as nossas emiss\u00f5es dos gases de efeito estufa e certamente  atrasar\u00e1 o esfor\u00e7o que o pa\u00eds precisa fazer para n\u00e3o perder a corrida  tecnol\u00f3gica pela busca do combust\u00edvel limpo e renov\u00e1vel que vai fazer o mundo se  mover no s\u00e9culo 21.<\/p>\n<p>O candidato presidencial que decidir ignorar as quest\u00f5es ambientais daqui  para a frente corre s\u00e9rio risco de entrar em choque com o eleitor. Se algum  deles duvidar disso, basta estudar o que aconteceu na elei\u00e7\u00e3o para C\u00e2mara dos  Deputados. Em todo o pa\u00eds, deputados identificados com a causa ruralista e que  combateram o C\u00f3digo Florestal nos \u00faltimos meses, defendendo a anistia para  desmatadores, viram emagrecer seu cabedal eleitoral ou simplesmente n\u00e3o foram  eleitos, caso de Valdir Colatto (PMDB-SC).<\/p>\n<p>Aldo Rebelo (PCdoB-SP), l\u00edder da ofensiva contra o C\u00f3digo Florestal, angariou  o dobro de fundos mas perdeu 47 mil votos em rela\u00e7\u00e3o a elei\u00e7\u00e3o de 2006. Abelardo  Lupion (PMDB-PR), outro ruralista empedernido, foi eleito.<br \/>\nMas n\u00e3o por seus  pr\u00f3prios m\u00e9ritos. Teve que se valer da for\u00e7a eleitoral de sua legenda. Com os  deputados identificados com a defesa de nossas florestas aconteceu exatamente o  contr\u00e1rio. Rebeca Garcia (PP-AM) teve 64 mil votos a mais do que na elei\u00e7\u00e3o  passada. Ivan Valente (PSOL-SP), de 83 mil votos em 2006, saltou para 189 mil em  2010. O eleitor deu um recado.<br \/>\nFicar a favor do crime ambiental,  definitivamente, n\u00e3o compensa.<\/p>\n","protected":false},"excerpt":{"rendered":"<p>Elei\u00e7\u00e3o 2010 &#8211;\u00a0Tom Jobim j\u00e1 dizia que o Brasil n\u00e3o \u00e9 para principiantes. Enquanto os analistas se dedicam a explicar o resultado e a especular sobre o rumo que Marina Silva ir\u00e1 tomar diante da disputa entre Serra e Dilma no segundo turno, o Greenpeace acredita que \u00e9 mais do que hora da quest\u00e3o ambiental [&hellip;]<\/p>\n","protected":false},"author":3,"featured_media":0,"comment_status":"open","ping_status":"open","sticky":false,"template":"","format":"standard","meta":{"_genesis_hide_title":false,"_genesis_hide_breadcrumbs":false,"_genesis_hide_singular_image":false,"_genesis_hide_footer_widgets":false,"_genesis_custom_body_class":"","_genesis_custom_post_class":"","_genesis_layout":"","_jetpack_memberships_contains_paid_content":false,"footnotes":""},"categories":[22],"tags":[],"class_list":{"0":"post-31830","1":"post","2":"type-post","3":"status-publish","4":"format-standard","6":"category-brasil","7":"entry","8":"gs-1","9":"gs-odd","10":"gs-even","11":"gs-featured-content-entry"},"jetpack_featured_media_url":"","jetpack_sharing_enabled":true,"jetpack_likes_enabled":true,"_links":{"self":[{"href":"https:\/\/www.redenoticia.com.br\/noticia\/wp-json\/wp\/v2\/posts\/31830","targetHints":{"allow":["GET"]}}],"collection":[{"href":"https:\/\/www.redenoticia.com.br\/noticia\/wp-json\/wp\/v2\/posts"}],"about":[{"href":"https:\/\/www.redenoticia.com.br\/noticia\/wp-json\/wp\/v2\/types\/post"}],"author":[{"embeddable":true,"href":"https:\/\/www.redenoticia.com.br\/noticia\/wp-json\/wp\/v2\/users\/3"}],"replies":[{"embeddable":true,"href":"https:\/\/www.redenoticia.com.br\/noticia\/wp-json\/wp\/v2\/comments?post=31830"}],"version-history":[{"count":0,"href":"https:\/\/www.redenoticia.com.br\/noticia\/wp-json\/wp\/v2\/posts\/31830\/revisions"}],"wp:attachment":[{"href":"https:\/\/www.redenoticia.com.br\/noticia\/wp-json\/wp\/v2\/media?parent=31830"}],"wp:term":[{"taxonomy":"category","embeddable":true,"href":"https:\/\/www.redenoticia.com.br\/noticia\/wp-json\/wp\/v2\/categories?post=31830"},{"taxonomy":"post_tag","embeddable":true,"href":"https:\/\/www.redenoticia.com.br\/noticia\/wp-json\/wp\/v2\/tags?post=31830"}],"curies":[{"name":"wp","href":"https:\/\/api.w.org\/{rel}","templated":true}]}}