{"id":31826,"date":"2010-10-05T20:43:19","date_gmt":"2010-10-06T00:43:19","guid":{"rendered":"http:\/\/www.redenoticia.com.br\/noticia\/?p=31826"},"modified":"2010-10-06T14:22:45","modified_gmt":"2010-10-06T18:22:45","slug":"meteorologia-%e2%80%93-previsao-do-tempo-para-esta-quarta-feira-0610","status":"publish","type":"post","link":"https:\/\/www.redenoticia.com.br\/noticia\/2010\/meteorologia-%e2%80%93-previsao-do-tempo-para-esta-quarta-feira-0610\/31826","title":{"rendered":"Meteorologia \u2013 previs\u00e3o do tempo para esta quarta-feira 06\/10"},"content":{"rendered":"<p><img loading=\"lazy\" decoding=\"async\" class=\"alignleft size-full wp-image-28410\" title=\"previsao do tempo temperatura\" src=\"https:\/\/www.redenoticia.com.br\/noticia\/imagens\/previsao-do-tempo-temperatura.jpg\" alt=\"\" width=\"300\" height=\"193\" srcset=\"https:\/\/www.redenoticia.com.br\/noticia\/imagens\/previsao-do-tempo-temperatura.jpg 300w, https:\/\/www.redenoticia.com.br\/noticia\/imagens\/previsao-do-tempo-temperatura-250x160.jpg 250w, https:\/\/www.redenoticia.com.br\/noticia\/imagens\/previsao-do-tempo-temperatura-150x96.jpg 150w\" sizes=\"auto, (max-width: 300px) 100vw, 300px\" \/><\/p>\n<p>Previs\u00e3o do tempo \u2013 a <strong><em>meteorologia<\/em><\/strong> divulgou a <strong><em>previs\u00e3o do tempo<\/em><\/strong> e <strong><em>temperatura<\/em><\/strong> para esta quarta-feira (06\/10) e informa que o dia ter\u00e1 varia\u00e7\u00e3o de nebulosidade e pancadas de chuva em grande parte das Regi\u00f5es Norte, Centro-Oeste e Sul do pa\u00eds. Segundo a previs\u00e3o do tempo no oeste do RS, do PR, de SC, de SP, de MG, em MS e MT a chuva ocorrer\u00e1 no per\u00edodo da tarde. Dados da previs\u00e3o do tempo indicam que em algumas localidades dessas \u00e1reas citadas poder\u00e1 chover forte. O dia ter\u00e1 sol e possibilidade de pancadas de chuva no Rec\u00f4ncavo Baiano. A previs\u00e3o do tempo destaca que nas demais \u00e1reas do pa\u00eds haver\u00e1 sol e poucas nuvens. A temperatura estar\u00e1 est\u00e1vel.<\/p>\n<p>Vale do Para\u00edba \u2013 previs\u00e3o do tempo em 06\/10 haver\u00e1 predom\u00ednio de sol em toda Regi\u00e3o, com possibilidade de pancadas de chuva, no per\u00edodo da tarde, na Serra da Mantiqueira. As temperaturas seguem em eleva\u00e7\u00e3o.<\/p>\n<p>Regi\u00e3o Centro-Oeste \u2013 previs\u00e3o do tempo em 06\/10\/2010: No noroeste e sudeste do MT, no norte do MS, na maior parte de GO e no DF: sol, nebulosidade vari\u00e1vel e pancadas de chuva. No extremo norte de GO: dia de sol. Nas demais \u00e1reas da Regi\u00e3o: pancadas de chuva \u00e0 partir da tarde. Temperaturas est\u00e1veis. Temperatura m\u00e1xima: 41C no norte do MT. Temperatura m\u00ednima: 18C no sul do MS.<\/p>\n<p>Regi\u00e3o Nordeste \u2013 previs\u00e3o do tempo em 06\/10\/2010: No leste de SE e da BA: dia de sol e poucas nuvens. No extremo sudeste da BA: aberturas de sol, varia\u00e7\u00e3o de nuvens e pancadas de chuva. Nas demais \u00e1reas da Regi\u00e3o: predom\u00ednio de sol. Temperaturas est\u00e1veis.<\/p>\n<p>Regi\u00e3o Norte \u2013 previs\u00e3o do tempo em 06\/10\/2010: No centro-nordeste do PA: pequena chance de pancadas de chuva. No norte e centro-leste do PA, no TO e no AP: dia de sol. No centro-sul do PA: pancadas de chuva \u00e0 partir da tarde. Nas demais \u00e1reas da Regi\u00e3o: sol, nebulosidade vari\u00e1vel e pancadas de chuva, que podem ser localmente fortes. Temperaturas est\u00e1veis. Temperatura m\u00e1xima: 41C no sudoeste do TO. Temperatura m\u00ednima: 19C no sul do PR.<\/p>\n<p>Regi\u00e3o Sudeste \u2013 previs\u00e3o do tempo em 06\/10\/2010: No Alto Vale e sul de MG: pequena chance de pancadas de chuva \u00e0 partir da tarde. No centro-sul do RJ, Vale do Para\u00edba e faixa leste de SP: dia de sol. No sudoeste de MG e oeste de SP: pancadas de chuva \u00e0 partir da tarde, que podem ser localmente fortes. No centro-norte do ES e de MG e no oeste de MG: sol, nebulosidade vari\u00e1vel e pancadas de chuva, que podem ser localmente fortes. Nas demais \u00e1reas da Regi\u00e3o: sol e poucas nuvens. Temperaturas est\u00e1veis. Temperatura m\u00e1xima: 34C no norte do PR. Temperatura m\u00ednima: 14C no centro-leste de SP.<\/p>\n<p>Regi\u00e3o Sul \u2013 previs\u00e3o do tempo em 06\/10\/2010: Na faixa leste de SC e do PR e no nordeste do RS: dia de sol e poucas nuvens. No centro-sul do RS: sol e varia\u00e7\u00e3o de nuvens. No oeste do RS: sol, nebulosidade vari\u00e1vel e pancadas de chuva. Nas demais \u00e1reas da Regi\u00e3o: pancadas de chuva \u00e0 partir da tarde. Temperaturas amenas. Temperatura m\u00e1xima: 30C no norte do PR. Temperatura m\u00ednima: 10C nas Serras ga\u00facha e catarinense.<\/p>\n<p>Previs\u00e3o do tempo e temperatura CPTEC<\/p>\n","protected":false},"excerpt":{"rendered":"<p>Previs\u00e3o do tempo \u2013 a meteorologia divulgou a previs\u00e3o do tempo e temperatura para esta quarta-feira (06\/10) e informa que o dia ter\u00e1 varia\u00e7\u00e3o de nebulosidade e pancadas de chuva em grande parte das Regi\u00f5es Norte, Centro-Oeste e Sul do pa\u00eds. Segundo a previs\u00e3o do tempo no oeste do RS, do PR, de SC, de [&hellip;]<\/p>\n","protected":false},"author":3,"featured_media":28410,"comment_status":"open","ping_status":"open","sticky":false,"template":"","format":"standard","meta":{"_genesis_hide_title":false,"_genesis_hide_breadcrumbs":false,"_genesis_hide_singular_image":false,"_genesis_hide_footer_widgets":false,"_genesis_custom_body_class":"","_genesis_custom_post_class":"","_genesis_layout":"","_jetpack_memberships_contains_paid_content":false,"footnotes":""},"categories":[22],"tags":[],"class_list":{"0":"post-31826","1":"post","2":"type-post","3":"status-publish","4":"format-standard","5":"has-post-thumbnail","7":"category-brasil","8":"entry","9":"gs-1","10":"gs-odd","11":"gs-even","12":"gs-featured-content-entry"},"jetpack_featured_media_url":"https:\/\/www.redenoticia.com.br\/noticia\/imagens\/previsao-do-tempo-temperatura.jpg","jetpack_sharing_enabled":true,"jetpack_likes_enabled":true,"_links":{"self":[{"href":"https:\/\/www.redenoticia.com.br\/noticia\/wp-json\/wp\/v2\/posts\/31826","targetHints":{"allow":["GET"]}}],"collection":[{"href":"https:\/\/www.redenoticia.com.br\/noticia\/wp-json\/wp\/v2\/posts"}],"about":[{"href":"https:\/\/www.redenoticia.com.br\/noticia\/wp-json\/wp\/v2\/types\/post"}],"author":[{"embeddable":true,"href":"https:\/\/www.redenoticia.com.br\/noticia\/wp-json\/wp\/v2\/users\/3"}],"replies":[{"embeddable":true,"href":"https:\/\/www.redenoticia.com.br\/noticia\/wp-json\/wp\/v2\/comments?post=31826"}],"version-history":[{"count":0,"href":"https:\/\/www.redenoticia.com.br\/noticia\/wp-json\/wp\/v2\/posts\/31826\/revisions"}],"wp:featuredmedia":[{"embeddable":true,"href":"https:\/\/www.redenoticia.com.br\/noticia\/wp-json\/wp\/v2\/media\/28410"}],"wp:attachment":[{"href":"https:\/\/www.redenoticia.com.br\/noticia\/wp-json\/wp\/v2\/media?parent=31826"}],"wp:term":[{"taxonomy":"category","embeddable":true,"href":"https:\/\/www.redenoticia.com.br\/noticia\/wp-json\/wp\/v2\/categories?post=31826"},{"taxonomy":"post_tag","embeddable":true,"href":"https:\/\/www.redenoticia.com.br\/noticia\/wp-json\/wp\/v2\/tags?post=31826"}],"curies":[{"name":"wp","href":"https:\/\/api.w.org\/{rel}","templated":true}]}}