{"id":31778,"date":"2010-10-01T15:28:46","date_gmt":"2010-10-01T19:28:46","guid":{"rendered":"http:\/\/www.redenoticia.com.br\/noticia\/?p=31778"},"modified":"2010-10-01T15:28:46","modified_gmt":"2010-10-01T19:28:46","slug":"ibope-tiririca-e-destaque-nas-redes-sociais","status":"publish","type":"post","link":"https:\/\/www.redenoticia.com.br\/noticia\/2010\/ibope-tiririca-e-destaque-nas-redes-sociais\/31778","title":{"rendered":"IBOPE &#8211; Tiririca \u00e9 destaque nas redes sociais"},"content":{"rendered":"<p>O candidato <strong><em>Tiririca<\/em><\/strong>, que tem roubado a cena nas <strong><em>Elei\u00e7\u00f5es 2010<\/em><\/strong>, j\u00e1 pode ser  considerado um sucesso nas redes sociais. Segundo levantamento realizado pelo  <strong><em>IBOPE<\/em><\/strong> Nielsen Online, Tiririca \u00e9 um fen\u00f4meno mais popular at\u00e9 mesmo que os  candidatos \u00e0 Presid\u00eancia da Rep\u00fablica.<\/p>\n<p>De acordo com a ferramenta BuzzMetrics, que monitora os assuntos comentados  nas redes sociais, o nome \u201cTiririca\u201d adquiriu grande repercuss\u00e3o na chamada  m\u00eddia social logo que teve in\u00edcio o hor\u00e1rio eleitoral gratuito. O termo Tiririca  foi citado mais de 1,5 mil vezes logo nos primeiros dias de exibi\u00e7\u00e3o do hor\u00e1rio  e, em pouco tempo, essa marca atingiu o seu auge, com um pico de quase 3 mil  men\u00e7\u00f5es.<\/p>\n<p>Depois desse boom de coment\u00e1rios o nome do candidato reduziu gradualmente a  intensidade de cita\u00e7\u00f5es, voltando a n\u00edveis abaixo de 500 men\u00e7\u00f5es &#8211; embora ainda  fossem acima das existentes antes do hor\u00e1rio eleitoral gratuito. Mas, com a  repercuss\u00e3o das pesquisas de inten\u00e7\u00e3o de voto para deputados federais e  estaduais, que apontaram para a lideran\u00e7a do humorista na corrida eleitoral para  a C\u00e2mara Federal, seu nome recuperou o f\u00f4lego e voltou a patamares elevados, com  picos acima das mil cita\u00e7\u00f5es.<\/p>\n<p>Sobre o Buzzmetrics<\/p>\n<p>Atualmente, a cobertura na l\u00edngua portuguesa do BuzzMetrics \u00e9 de mais de 4,5  milh\u00f5es de blogs, 70.000 f\u00f3runs e 50 milh\u00f5es de coment\u00e1rios. Por meio de uma  palavra-chave \u00e9 poss\u00edvel identificar quantas vezes empresas, marcas, produtos,  campanhas ou eventos foram citados em redes sociais, blogs, microblogs, f\u00f3runs,  v\u00eddeos e conte\u00fado online de m\u00eddias tradicionais.<\/p>\n<p>A ferramenta n\u00e3o s\u00f3 permite o entendimento das percep\u00e7\u00f5es dos consumidores  online, como tamb\u00e9m seu poder de influ\u00eancia: quanto se fala, quem fala e quem  escuta, como e onde se fala, do que se fala e o sentimento que prevalece em cada  coment\u00e1rio.<\/p>\n<p>Sobre o IBOPE Nielsen Online<\/p>\n<p>O IBOPE Nielsen Online \u00e9 uma joint-venture entre o IBOPE Media &#8211; unidade de  neg\u00f3cios do Grupo IBOPE especializada em pesquisa de m\u00eddia &#8211; e a americana The  Nielsen Company. L\u00edder mundial em mensura\u00e7\u00e3o do comportamento dos usu\u00e1rios da  internet, a Nielsen Online est\u00e1 presente em dez pa\u00edses e conta com o maior  painel de internautas do mercado &#8211; mais de 200 mil indiv\u00edduos monitorados. O  IBOPE Nielsen Online, por meio de uma tecnologia propriet\u00e1ria, mede as  atividades dos usu\u00e1rios na web, o movimento publicit\u00e1rio online e fornece dados  sobre a internet no Brasil e no mundo.<\/p>\n<p>Sobre o IBOPE<br \/>\nMultinacional brasileira de capital privado, o IBOPE \u00e9 uma  das maiores empresas de pesquisa de mercado da Am\u00e9rica Latina e fornece um amplo  conjunto de informa\u00e7\u00f5es e estudos sobre m\u00eddia, internet, opini\u00e3o p\u00fablica,  inten\u00e7\u00e3o de voto, consumo, marca, comportamento e mercado. Seus principais  neg\u00f3cios est\u00e3o concentrados nas empresas IBOPE Media e IBOPE Intelig\u00eancia.<\/p>\n","protected":false},"excerpt":{"rendered":"<p>O candidato Tiririca, que tem roubado a cena nas Elei\u00e7\u00f5es 2010, j\u00e1 pode ser considerado um sucesso nas redes sociais. Segundo levantamento realizado pelo IBOPE Nielsen Online, Tiririca \u00e9 um fen\u00f4meno mais popular at\u00e9 mesmo que os candidatos \u00e0 Presid\u00eancia da Rep\u00fablica. De acordo com a ferramenta BuzzMetrics, que monitora os assuntos comentados nas redes [&hellip;]<\/p>\n","protected":false},"author":3,"featured_media":0,"comment_status":"open","ping_status":"open","sticky":false,"template":"","format":"standard","meta":{"_genesis_hide_title":false,"_genesis_hide_breadcrumbs":false,"_genesis_hide_singular_image":false,"_genesis_hide_footer_widgets":false,"_genesis_custom_body_class":"","_genesis_custom_post_class":"","_genesis_layout":"","_jetpack_memberships_contains_paid_content":false,"footnotes":""},"categories":[22],"tags":[],"class_list":{"0":"post-31778","1":"post","2":"type-post","3":"status-publish","4":"format-standard","6":"category-brasil","7":"entry","8":"gs-1","9":"gs-odd","10":"gs-even","11":"gs-featured-content-entry"},"jetpack_featured_media_url":"","jetpack_sharing_enabled":true,"jetpack_likes_enabled":true,"_links":{"self":[{"href":"https:\/\/www.redenoticia.com.br\/noticia\/wp-json\/wp\/v2\/posts\/31778","targetHints":{"allow":["GET"]}}],"collection":[{"href":"https:\/\/www.redenoticia.com.br\/noticia\/wp-json\/wp\/v2\/posts"}],"about":[{"href":"https:\/\/www.redenoticia.com.br\/noticia\/wp-json\/wp\/v2\/types\/post"}],"author":[{"embeddable":true,"href":"https:\/\/www.redenoticia.com.br\/noticia\/wp-json\/wp\/v2\/users\/3"}],"replies":[{"embeddable":true,"href":"https:\/\/www.redenoticia.com.br\/noticia\/wp-json\/wp\/v2\/comments?post=31778"}],"version-history":[{"count":0,"href":"https:\/\/www.redenoticia.com.br\/noticia\/wp-json\/wp\/v2\/posts\/31778\/revisions"}],"wp:attachment":[{"href":"https:\/\/www.redenoticia.com.br\/noticia\/wp-json\/wp\/v2\/media?parent=31778"}],"wp:term":[{"taxonomy":"category","embeddable":true,"href":"https:\/\/www.redenoticia.com.br\/noticia\/wp-json\/wp\/v2\/categories?post=31778"},{"taxonomy":"post_tag","embeddable":true,"href":"https:\/\/www.redenoticia.com.br\/noticia\/wp-json\/wp\/v2\/tags?post=31778"}],"curies":[{"name":"wp","href":"https:\/\/api.w.org\/{rel}","templated":true}]}}