{"id":31775,"date":"2010-10-01T14:54:22","date_gmt":"2010-10-01T18:54:22","guid":{"rendered":"http:\/\/www.redenoticia.com.br\/noticia\/?p=31775"},"modified":"2010-10-01T14:54:22","modified_gmt":"2010-10-01T18:54:22","slug":"eleicoes-2010-pesquisa-de-aprovacao-cni-ibope-0110","status":"publish","type":"post","link":"https:\/\/www.redenoticia.com.br\/noticia\/2010\/eleicoes-2010-pesquisa-de-aprovacao-cni-ibope-0110\/31775","title":{"rendered":"Elei\u00e7\u00f5es 2010 &#8211; pesquisa de aprova\u00e7\u00e3o CNI-Ibope (01\/10)"},"content":{"rendered":"<p><strong><em>Elei\u00e7\u00f5es 2010<\/em><\/strong> &#8211; a campanha eleitoral fez cair a <strong><em>aprova\u00e7\u00e3o<\/em><\/strong> da popula\u00e7\u00e3o em seis das nove \u00e1reas  de atua\u00e7\u00e3o governamental avaliadas pela <strong><em>Pesquisa<\/em><\/strong> CNI-<strong><em>Ibope<\/em><\/strong>, mas a queda n\u00e3o  afetou a avalia\u00e7\u00e3o positiva do governo, que atingiu novo recorde em setembro. A  pesquisa, cuja \u00edntegra foi divulgada nesta sexta-feira, 1\u00ba de outubro, pela  Confedera\u00e7\u00e3o Nacional da Ind\u00fastria (CNI), informa que 77% dos entrevistados  consideram o governo \u201c\u00f3timo\u201d ou \u201dbom\u201d, contra 4% de \u201cruim\u201d ou \u201cp\u00e9ssimo\u201d.<\/p>\n<p>Houve queda na aprova\u00e7\u00e3o das \u00e1reas de educa\u00e7\u00e3o, meio ambiente, seguran\u00e7a  p\u00fablica, sa\u00fade, impostos e combate \u00e0 fome e \u00e0 pobreza em rela\u00e7\u00e3o \u00e0 pesquisa  anterior, realizada em junho. \u201cOs movimentos mais significativos podem ser  explicados pela disputa eleitoral, pois as maiores quedas na aprova\u00e7\u00e3o ocorreram  em setores que foram amplamente debatidos nas campanhas, como sa\u00fade, educa\u00e7\u00e3o e  meio ambiente\u201d, assinala a pesquisa.<\/p>\n<p>Enfatiza o levantamento que, em compensa\u00e7\u00e3o, os tr\u00eas itens restantes que  registraram melhora na avalia\u00e7\u00e3o \u2013 combate ao desemprego, controle da infla\u00e7\u00e3o e  taxa de juros \u2013 s\u00e3o da \u00e1rea econ\u00f4mica. A pol\u00edtica contra o desemprego teve  aprova\u00e7\u00e3o de 64% dos entrevistados, \u00edndice recorde, enquanto a desaprova\u00e7\u00e3o caiu  cinco pontos percentuais, para 30%.<\/p>\n<p>A perda mais acentuada de avalia\u00e7\u00e3o, de oito pontos percentuais, ocorreu no  meio ambiente, com 49% de aprova\u00e7\u00e3o, contra 57% em junho passado. Foi de oito  pontos o decr\u00e9scimo na aprova\u00e7\u00e3o da pol\u00edtica educacional, que atingiu 50%,  enquanto a desaprova\u00e7\u00e3o subiu de 41% para 45%. As a\u00e7\u00f5es governamentais na \u00e1rea  de sa\u00fade registraram piora significativa, com a aprova\u00e7\u00e3o decrescendo de 44%  para 39% e a desaprova\u00e7\u00e3o se elevando de 53% para 57%.<\/p>\n<p>Segundo a Pesquisa CNI-Ibope, o Nordeste continua sendo a regi\u00e3o com a maior  avalia\u00e7\u00e3o positiva do governo: 83% dos nordestinos consideram o governo \u201c\u00f3timo\u201d  e \u201cbom\u201d. A menor aprova\u00e7\u00e3o est\u00e1 na regi\u00e3o sul, com 71% de \u201c\u00f3timo\u201d e \u201cbom\u201d. A  aprova\u00e7\u00e3o \u00e0 forma como o presidente Luiz In\u00e1cio Lula da Silva governa atingiu  85%, outro recorde.<\/p>\n<p>A pesquisa CNI-Ibope, registrada no Tribunal Superior Eleitoral (TSE) com o  n\u00famero 33162\/2010, foi realizada entre 25 e 27 de setembro com 3.010 pessoas em  191 munic\u00edpios. O levantamento tem margem de erro de dois pontos percentuais  para mais ou para menos.<\/p>\n","protected":false},"excerpt":{"rendered":"<p>Elei\u00e7\u00f5es 2010 &#8211; a campanha eleitoral fez cair a aprova\u00e7\u00e3o da popula\u00e7\u00e3o em seis das nove \u00e1reas de atua\u00e7\u00e3o governamental avaliadas pela Pesquisa CNI-Ibope, mas a queda n\u00e3o afetou a avalia\u00e7\u00e3o positiva do governo, que atingiu novo recorde em setembro. A pesquisa, cuja \u00edntegra foi divulgada nesta sexta-feira, 1\u00ba de outubro, pela Confedera\u00e7\u00e3o Nacional da [&hellip;]<\/p>\n","protected":false},"author":3,"featured_media":0,"comment_status":"open","ping_status":"open","sticky":false,"template":"","format":"standard","meta":{"_genesis_hide_title":false,"_genesis_hide_breadcrumbs":false,"_genesis_hide_singular_image":false,"_genesis_hide_footer_widgets":false,"_genesis_custom_body_class":"","_genesis_custom_post_class":"","_genesis_layout":"","_jetpack_memberships_contains_paid_content":false,"footnotes":""},"categories":[22],"tags":[],"class_list":{"0":"post-31775","1":"post","2":"type-post","3":"status-publish","4":"format-standard","6":"category-brasil","7":"entry","8":"gs-1","9":"gs-odd","10":"gs-even","11":"gs-featured-content-entry"},"jetpack_featured_media_url":"","jetpack_sharing_enabled":true,"jetpack_likes_enabled":true,"_links":{"self":[{"href":"https:\/\/www.redenoticia.com.br\/noticia\/wp-json\/wp\/v2\/posts\/31775","targetHints":{"allow":["GET"]}}],"collection":[{"href":"https:\/\/www.redenoticia.com.br\/noticia\/wp-json\/wp\/v2\/posts"}],"about":[{"href":"https:\/\/www.redenoticia.com.br\/noticia\/wp-json\/wp\/v2\/types\/post"}],"author":[{"embeddable":true,"href":"https:\/\/www.redenoticia.com.br\/noticia\/wp-json\/wp\/v2\/users\/3"}],"replies":[{"embeddable":true,"href":"https:\/\/www.redenoticia.com.br\/noticia\/wp-json\/wp\/v2\/comments?post=31775"}],"version-history":[{"count":0,"href":"https:\/\/www.redenoticia.com.br\/noticia\/wp-json\/wp\/v2\/posts\/31775\/revisions"}],"wp:attachment":[{"href":"https:\/\/www.redenoticia.com.br\/noticia\/wp-json\/wp\/v2\/media?parent=31775"}],"wp:term":[{"taxonomy":"category","embeddable":true,"href":"https:\/\/www.redenoticia.com.br\/noticia\/wp-json\/wp\/v2\/categories?post=31775"},{"taxonomy":"post_tag","embeddable":true,"href":"https:\/\/www.redenoticia.com.br\/noticia\/wp-json\/wp\/v2\/tags?post=31775"}],"curies":[{"name":"wp","href":"https:\/\/api.w.org\/{rel}","templated":true}]}}