{"id":31770,"date":"2010-10-01T17:02:42","date_gmt":"2010-10-01T21:02:42","guid":{"rendered":"http:\/\/www.redenoticia.com.br\/noticia\/?p=31770"},"modified":"2010-10-02T13:50:06","modified_gmt":"2010-10-02T17:50:06","slug":"meteorologia-%e2%80%93-previsao-do-tempo-para-este-sabado-0210","status":"publish","type":"post","link":"https:\/\/www.redenoticia.com.br\/noticia\/2010\/meteorologia-%e2%80%93-previsao-do-tempo-para-este-sabado-0210\/31770","title":{"rendered":"Meteorologia \u2013 previs\u00e3o do tempo para este s\u00e1bado 02\/10"},"content":{"rendered":"<p><img loading=\"lazy\" decoding=\"async\" class=\"alignleft size-full wp-image-28410\" title=\"previsao do tempo temperatura\" src=\"https:\/\/www.redenoticia.com.br\/noticia\/imagens\/previsao-do-tempo-temperatura.jpg\" alt=\"\" width=\"300\" height=\"193\" srcset=\"https:\/\/www.redenoticia.com.br\/noticia\/imagens\/previsao-do-tempo-temperatura.jpg 300w, https:\/\/www.redenoticia.com.br\/noticia\/imagens\/previsao-do-tempo-temperatura-250x160.jpg 250w, https:\/\/www.redenoticia.com.br\/noticia\/imagens\/previsao-do-tempo-temperatura-150x96.jpg 150w\" sizes=\"auto, (max-width: 300px) 100vw, 300px\" \/>Previs\u00e3o do tempo \u2013 a <strong><em>meteorologia<\/em><\/strong> divulgou a <strong><em>previs\u00e3o do tempo<\/em><\/strong> e <strong><em>temperatura<\/em><\/strong> para este s\u00e1bado (02\/10)\u00a0e informa que um canal de umidade que se estende entre as Regi\u00f5es Norte, Centro-Oeste e Sudeste mant\u00e9m as nuvens e as pancadas de chuva em grande parte destas Regi\u00f5es. Segundo a previs\u00e3o do tempo em algumas localidades dessas \u00e1reas poder\u00e1 chover forte e com ocorr\u00eancia de descargas el\u00e9tricas. Dados da previs\u00e3o do tempo indicam que no norte do RS, em SC e no sudoeste do PR haver\u00e1 chuva de forma isolada. Dia de sol nas demais \u00e1reas do RS e em grande parte do Nordeste do Brasil. A previs\u00e3o do tempo destaca que as temperaturas estar\u00e3o em decl\u00ednio no centro-sul do pa\u00eds.<\/p>\n<p>Vale do Para\u00edba \u2013 previs\u00e3o do tempo em 02\/10 persiste a condi\u00e7\u00e3o de tempo nublado e pancadas de chuva em toda a regi\u00e3o. Novamente, haver\u00e1 chance para chuva localmente forte na regi\u00e3o. A temperatura ficar\u00e1 est\u00e1vel.<\/p>\n<p>Regi\u00e3o Centro-Oeste \u2013 previs\u00e3o do tempo em 02\/10\/2010: No extremo nordeste do MT e no nordeste de GO: sol, nebulosidade vari\u00e1vel e pancada de chuva. No sudoeste do MT, sul e centro-oeste do MS: nublado e chuva. Nas demais \u00e1reas da Regi\u00e3o: nublado e pancada de chuva. Temperaturas m\u00e1ximas em decl\u00ednio em grande parte da Regi\u00e3o. Temperatura m\u00e1xima: 42C no noroeste de MT. Temperatura m\u00ednima: 14C no sudoeste de MS.<\/p>\n<p>Regi\u00e3o Nordeste \u2013 previs\u00e3o do tempo em 02\/10\/2010: No norte do MA: sol e poucas nuvens. No litoral leste do Nordeste: sol e varia\u00e7\u00e3o de nuvens. Na faixa central do MA e do PI, interior e sul da BA: possibilidade de pancada de chuva. No sul do MA, oeste do PI e da BA: sol, nebulosidade vari\u00e1vel e pancadas de chuva. Nas demais \u00e1reas da Regi\u00e3o: predom\u00ednio de sol. Temperaturas est\u00e1veis. Temperatura m\u00e1xima: 39C no norte do PI. Temperatura m\u00ednima: 18C no interior da BA.<\/p>\n<p>Regi\u00e3o Norte \u2013 previs\u00e3o do tempo em 02\/10\/2010: No sul e sudoeste de RO: muitas nuvens e chuva. Nas demais \u00e1reas de RO, em grande parte do AC, sul do AM, sudoeste do PA, extremo sudoeste de TO: nublado com pancadas de chuva. No norte e faixa centro-leste do PA e no oeste do AP: possibilidade de pancada de chuva. Nas demais \u00e1reas do AP e nordeste do PA: sol e poucas nuvens. Nas demais \u00e1reas da Regi\u00e3o: sol com nebulosidade vari\u00e1vel e pancadas de chuva. Temperaturas est\u00e1veis. Temperatura m\u00e1xima: 42C no sul do AM. Temperatura m\u00ednima: 19C no sul do PA.<\/p>\n<p>Regi\u00e3o Sudeste \u2013 previs\u00e3o do tempo em 02\/10\/2010: No sul e extremo oeste de SP: nublado com chuva. No norte e centro-leste de MG e centro-norte do ES: sol, nebulosidade vari\u00e1vel e pancada de chuva. No nordeste de MG: possibilidade de pancada de chuva. Nas demais \u00e1reas da Regi\u00e3o: dia nublado com pancadas de chuva. Temperaturas est\u00e1veis. Temperatura m\u00e1xima: 36C no oeste de MG. Temperatura m\u00ednima: 18C no centro-leste de SP.<\/p>\n<p>Regi\u00e3o Sul \u2013 previs\u00e3o do tempo em 02\/10\/2010: No leste do RS: dia de sol e varia\u00e7\u00e3o de nuvens. No norte e nordeste do RS e oeste de SC: chuva pela manh\u00e3. Nas demais \u00e1reas do RS: sol e poucas nuvens. Nas demais \u00e1reas de SC e sul do PR: chuva isolada. Nas demais \u00e1reas do PR: muitas nuvens e chuva. Temperaturas estar\u00e3o baixas no RS e em SC. Temperatura m\u00e1xima: 26C no centro-norte do PR. Temperatura m\u00ednima: 4C no centro sul do RS.<\/p>\n<p>Previs\u00e3o do tempo e temperatura CPTEC<\/p>\n","protected":false},"excerpt":{"rendered":"<p>Previs\u00e3o do tempo \u2013 a meteorologia divulgou a previs\u00e3o do tempo e temperatura para este s\u00e1bado (02\/10)\u00a0e informa que um canal de umidade que se estende entre as Regi\u00f5es Norte, Centro-Oeste e Sudeste mant\u00e9m as nuvens e as pancadas de chuva em grande parte destas Regi\u00f5es. Segundo a previs\u00e3o do tempo em algumas localidades dessas [&hellip;]<\/p>\n","protected":false},"author":3,"featured_media":28410,"comment_status":"open","ping_status":"open","sticky":false,"template":"","format":"standard","meta":{"_genesis_hide_title":false,"_genesis_hide_breadcrumbs":false,"_genesis_hide_singular_image":false,"_genesis_hide_footer_widgets":false,"_genesis_custom_body_class":"","_genesis_custom_post_class":"","_genesis_layout":"","_jetpack_memberships_contains_paid_content":false,"footnotes":""},"categories":[22],"tags":[],"class_list":{"0":"post-31770","1":"post","2":"type-post","3":"status-publish","4":"format-standard","5":"has-post-thumbnail","7":"category-brasil","8":"entry","9":"gs-1","10":"gs-odd","11":"gs-even","12":"gs-featured-content-entry"},"jetpack_featured_media_url":"https:\/\/www.redenoticia.com.br\/noticia\/imagens\/previsao-do-tempo-temperatura.jpg","jetpack_sharing_enabled":true,"jetpack_likes_enabled":true,"_links":{"self":[{"href":"https:\/\/www.redenoticia.com.br\/noticia\/wp-json\/wp\/v2\/posts\/31770","targetHints":{"allow":["GET"]}}],"collection":[{"href":"https:\/\/www.redenoticia.com.br\/noticia\/wp-json\/wp\/v2\/posts"}],"about":[{"href":"https:\/\/www.redenoticia.com.br\/noticia\/wp-json\/wp\/v2\/types\/post"}],"author":[{"embeddable":true,"href":"https:\/\/www.redenoticia.com.br\/noticia\/wp-json\/wp\/v2\/users\/3"}],"replies":[{"embeddable":true,"href":"https:\/\/www.redenoticia.com.br\/noticia\/wp-json\/wp\/v2\/comments?post=31770"}],"version-history":[{"count":0,"href":"https:\/\/www.redenoticia.com.br\/noticia\/wp-json\/wp\/v2\/posts\/31770\/revisions"}],"wp:featuredmedia":[{"embeddable":true,"href":"https:\/\/www.redenoticia.com.br\/noticia\/wp-json\/wp\/v2\/media\/28410"}],"wp:attachment":[{"href":"https:\/\/www.redenoticia.com.br\/noticia\/wp-json\/wp\/v2\/media?parent=31770"}],"wp:term":[{"taxonomy":"category","embeddable":true,"href":"https:\/\/www.redenoticia.com.br\/noticia\/wp-json\/wp\/v2\/categories?post=31770"},{"taxonomy":"post_tag","embeddable":true,"href":"https:\/\/www.redenoticia.com.br\/noticia\/wp-json\/wp\/v2\/tags?post=31770"}],"curies":[{"name":"wp","href":"https:\/\/api.w.org\/{rel}","templated":true}]}}