{"id":31755,"date":"2010-09-30T15:43:56","date_gmt":"2010-09-30T19:43:56","guid":{"rendered":"http:\/\/www.redenoticia.com.br\/noticia\/?p=31755"},"modified":"2010-09-30T15:43:56","modified_gmt":"2010-09-30T19:43:56","slug":"volkswagen-apresenta-novo-passat-no-salao-de-paris","status":"publish","type":"post","link":"https:\/\/www.redenoticia.com.br\/noticia\/2010\/volkswagen-apresenta-novo-passat-no-salao-de-paris\/31755","title":{"rendered":"Volkswagen apresenta novo Passat no Sal\u00e3o de Paris"},"content":{"rendered":"<p><img loading=\"lazy\" decoding=\"async\" class=\"alignleft size-full wp-image-31756\" title=\"passat\" src=\"https:\/\/www.redenoticia.com.br\/noticia\/imagens\/passat.jpg\" alt=\"\" width=\"301\" height=\"194\" srcset=\"https:\/\/www.redenoticia.com.br\/noticia\/imagens\/passat.jpg 301w, https:\/\/www.redenoticia.com.br\/noticia\/imagens\/passat-250x161.jpg 250w, https:\/\/www.redenoticia.com.br\/noticia\/imagens\/passat-150x96.jpg 150w\" sizes=\"auto, (max-width: 301px) 100vw, 301px\" \/>O <strong><em>novo Passat <\/em><\/strong>dever\u00e1 ser o maior destaque da Volkswagen no Sal\u00e3o de Paris, a  maior exposi\u00e7\u00e3o mundial de autom\u00f3veis deste ano, que acontecer\u00e1 na capital  francesa entre os dias 2 e 21 de outubro. Uma das estr\u00e9ias mundiais mais  aguardadas para o pr\u00f3ximo evento, o Passat ser\u00e1 apresentado nas vers\u00f5es sed\u00e3 e  estate (station wagon), com nada menos que dez op\u00e7\u00f5es de motores de \u00faltima  gera\u00e7\u00e3o, a gasolina, diesel, g\u00e1s natural e etanol (E85).<\/p>\n<p>Entrando em sua s\u00e9tima gera\u00e7\u00e3o, o Passat tem uma das carreiras de maior  sucesso na hist\u00f3ria do autom\u00f3vel, superando 15 milh\u00f5es de unidades vendidas  desde seu lan\u00e7amento, em 1973. Ele \u00e9 vendido atualmente em mais de cem pa\u00edses. O  novo Passat tem estilo completamente renovado, a come\u00e7ar pela dianteira,  inspirada no Phaeton, o mais luxuoso carro da Volkswagen. Como j\u00e1 ocorreu com as  suas duas \u00faltimas gera\u00e7\u00f5es, o Passat supera os limites de conforto e luxo de seu  segmento, caracterizando-se pela qualidade e excel\u00eancia na constru\u00e7\u00e3o e  variedade no equipamento.<\/p>\n<p>As duas vers\u00f5es do novo Passat s\u00e3o oferecidas em tr\u00eas n\u00edveis de equipamento &#8211;  Trendline, Comfort e Highline \u2013 al\u00e9m de uma variedade de op\u00e7\u00f5es de acabamento e  uma grande rela\u00e7\u00e3o de acess\u00f3rios. Juntamente com as tr\u00eas op\u00e7\u00f5es de equipamento,  voltam a ser oferecidos o Passat Exclusive e o Passat Estate Exclusive,  desenvolvidos pela Volkswagen R. Baseado na vers\u00e3o Highline, o Exclusive traz  itens como rodas de 18 polegadas, assentos com costuras e bordas em cores  contrastantes, decora\u00e7\u00e3o customizada em madeira e soleiras das portas iluminadas  com a assinatura Volkswagen Exclusive.<\/p>\n<p>Um destaque do novo Passat s\u00e3o os v\u00e1rios sistemas de assist\u00eancia, que  aumentam sua seguran\u00e7a e a praticidade, entre eles controles autom\u00e1ticos dos  far\u00f3is, sistemas de alerta de troca involunt\u00e1ria de faixa e de aproxima\u00e7\u00e3o de  ve\u00edculos pela lateral e retaguarda e sistema de frenagem de emerg\u00eancia na  imin\u00eancia de colis\u00f5es. O carro tamb\u00e9m pode dispor de sistema Park Assist de  segunda gera\u00e7\u00e3o, que al\u00e9m de estacionar o ve\u00edculo praticamente sozinho em vagas  longitudinais, tamb\u00e9m atua em espa\u00e7os perpendiculares \u00e0 via. Muito importante  para a seguran\u00e7a ao trafegar, principalmente em altas velocidades, \u00e9 o sistema  de controle da press\u00e3o dos pneus, que alerta o motorista atrav\u00e9s de um aviso no  painel caso haja queda de press\u00e3o em alguma das rodas.<\/p>\n","protected":false},"excerpt":{"rendered":"<p>O novo Passat dever\u00e1 ser o maior destaque da Volkswagen no Sal\u00e3o de Paris, a maior exposi\u00e7\u00e3o mundial de autom\u00f3veis deste ano, que acontecer\u00e1 na capital francesa entre os dias 2 e 21 de outubro. Uma das estr\u00e9ias mundiais mais aguardadas para o pr\u00f3ximo evento, o Passat ser\u00e1 apresentado nas vers\u00f5es sed\u00e3 e estate (station [&hellip;]<\/p>\n","protected":false},"author":3,"featured_media":31756,"comment_status":"open","ping_status":"open","sticky":false,"template":"","format":"standard","meta":{"_genesis_hide_title":false,"_genesis_hide_breadcrumbs":false,"_genesis_hide_singular_image":false,"_genesis_hide_footer_widgets":false,"_genesis_custom_body_class":"","_genesis_custom_post_class":"","_genesis_layout":"","_jetpack_memberships_contains_paid_content":false,"footnotes":""},"categories":[22],"tags":[],"class_list":{"0":"post-31755","1":"post","2":"type-post","3":"status-publish","4":"format-standard","5":"has-post-thumbnail","7":"category-brasil","8":"entry","9":"gs-1","10":"gs-odd","11":"gs-even","12":"gs-featured-content-entry"},"jetpack_featured_media_url":"https:\/\/www.redenoticia.com.br\/noticia\/imagens\/passat.jpg","jetpack_sharing_enabled":true,"jetpack_likes_enabled":true,"_links":{"self":[{"href":"https:\/\/www.redenoticia.com.br\/noticia\/wp-json\/wp\/v2\/posts\/31755","targetHints":{"allow":["GET"]}}],"collection":[{"href":"https:\/\/www.redenoticia.com.br\/noticia\/wp-json\/wp\/v2\/posts"}],"about":[{"href":"https:\/\/www.redenoticia.com.br\/noticia\/wp-json\/wp\/v2\/types\/post"}],"author":[{"embeddable":true,"href":"https:\/\/www.redenoticia.com.br\/noticia\/wp-json\/wp\/v2\/users\/3"}],"replies":[{"embeddable":true,"href":"https:\/\/www.redenoticia.com.br\/noticia\/wp-json\/wp\/v2\/comments?post=31755"}],"version-history":[{"count":0,"href":"https:\/\/www.redenoticia.com.br\/noticia\/wp-json\/wp\/v2\/posts\/31755\/revisions"}],"wp:featuredmedia":[{"embeddable":true,"href":"https:\/\/www.redenoticia.com.br\/noticia\/wp-json\/wp\/v2\/media\/31756"}],"wp:attachment":[{"href":"https:\/\/www.redenoticia.com.br\/noticia\/wp-json\/wp\/v2\/media?parent=31755"}],"wp:term":[{"taxonomy":"category","embeddable":true,"href":"https:\/\/www.redenoticia.com.br\/noticia\/wp-json\/wp\/v2\/categories?post=31755"},{"taxonomy":"post_tag","embeddable":true,"href":"https:\/\/www.redenoticia.com.br\/noticia\/wp-json\/wp\/v2\/tags?post=31755"}],"curies":[{"name":"wp","href":"https:\/\/api.w.org\/{rel}","templated":true}]}}