{"id":31753,"date":"2010-09-30T15:16:22","date_gmt":"2010-09-30T19:16:22","guid":{"rendered":"http:\/\/www.redenoticia.com.br\/noticia\/?p=31753"},"modified":"2010-09-30T15:16:22","modified_gmt":"2010-09-30T19:16:22","slug":"onu-rdc-relatorio-sobre-violacoes-de-direitos-humanos","status":"publish","type":"post","link":"https:\/\/www.redenoticia.com.br\/noticia\/2010\/onu-rdc-relatorio-sobre-violacoes-de-direitos-humanos\/31753","title":{"rendered":"ONU RDC &#8211; relat\u00f3rio sobre viola\u00e7\u00f5es de direitos humanos"},"content":{"rendered":"<p>Nesta sexta-feira, dia 1\u00ba de outubro, o Alto Comissariado para os Direitos  Humanos das Na\u00e7\u00f5es Unidas (ACNUDH) publica um relat\u00f3rio sobre as graves  viola\u00e7\u00f5es aos direitos humanos que ocorreram na Rep\u00fablica Democr\u00e1tica do Congo  (RDC) entre 1993 e 2003. O documento ser\u00e1 lan\u00e7ado \u00e0s 10h00 (hor\u00e1rio de Bras\u00edlia)  na Internet, na p\u00e1gina <a href=\"http:\/\/www.ohchr.org\/\" target=\"_blank\">www.ohchr.org<\/a>, onde  tamb\u00e9m ser\u00e3o disponibilizados diversos materiais informativos em  ingl\u00eas e franc\u00eas.<\/p>\n<p>O relat\u00f3rio \u00e9 o resultado de uma pesquisa sem precedentes, cobrindo 10 anos  de estudo em todo o territ\u00f3rio da RDC. Ele descreve um total de mais de 600  incidentes na Rep\u00fablica Democr\u00e1tica do Congo, entre 1993 e 2003, no qual  centenas de milhares de pessoas foram mortas ou feridas, incluindo um grande  n\u00famero de mulheres e crian\u00e7as.<\/p>\n<p>Mais de 1.280 testemunhas foram entrevistadas para confirmar ou negar  supostas viola\u00e7\u00f5es, incluindo incidentes n\u00e3o-documentados, e mais de 1.500  documentos foram coletados e analisados durante os dois anos necess\u00e1rios para  que o relat\u00f3rio fosse escrito.<\/p>\n<p>Seu objetivo \u00e9 \u201cformular uma s\u00e9rie de op\u00e7\u00f5es com o objetivo de ajudar o  Governo da RDC na identifica\u00e7\u00e3o adequada de mecanismos da justi\u00e7a transicional  para lidar com o legado destas viola\u00e7\u00f5es, em termos de verdade, justi\u00e7a,  repara\u00e7\u00e3o e reforma\u201d.<\/p>\n","protected":false},"excerpt":{"rendered":"<p>Nesta sexta-feira, dia 1\u00ba de outubro, o Alto Comissariado para os Direitos Humanos das Na\u00e7\u00f5es Unidas (ACNUDH) publica um relat\u00f3rio sobre as graves viola\u00e7\u00f5es aos direitos humanos que ocorreram na Rep\u00fablica Democr\u00e1tica do Congo (RDC) entre 1993 e 2003. O documento ser\u00e1 lan\u00e7ado \u00e0s 10h00 (hor\u00e1rio de Bras\u00edlia) na Internet, na p\u00e1gina www.ohchr.org, onde tamb\u00e9m [&hellip;]<\/p>\n","protected":false},"author":3,"featured_media":0,"comment_status":"open","ping_status":"open","sticky":false,"template":"","format":"standard","meta":{"_genesis_hide_title":false,"_genesis_hide_breadcrumbs":false,"_genesis_hide_singular_image":false,"_genesis_hide_footer_widgets":false,"_genesis_custom_body_class":"","_genesis_custom_post_class":"","_genesis_layout":"","_jetpack_memberships_contains_paid_content":false,"footnotes":""},"categories":[22],"tags":[],"class_list":{"0":"post-31753","1":"post","2":"type-post","3":"status-publish","4":"format-standard","6":"category-brasil","7":"entry","8":"gs-1","9":"gs-odd","10":"gs-even","11":"gs-featured-content-entry"},"jetpack_featured_media_url":"","jetpack_sharing_enabled":true,"jetpack_likes_enabled":true,"_links":{"self":[{"href":"https:\/\/www.redenoticia.com.br\/noticia\/wp-json\/wp\/v2\/posts\/31753","targetHints":{"allow":["GET"]}}],"collection":[{"href":"https:\/\/www.redenoticia.com.br\/noticia\/wp-json\/wp\/v2\/posts"}],"about":[{"href":"https:\/\/www.redenoticia.com.br\/noticia\/wp-json\/wp\/v2\/types\/post"}],"author":[{"embeddable":true,"href":"https:\/\/www.redenoticia.com.br\/noticia\/wp-json\/wp\/v2\/users\/3"}],"replies":[{"embeddable":true,"href":"https:\/\/www.redenoticia.com.br\/noticia\/wp-json\/wp\/v2\/comments?post=31753"}],"version-history":[{"count":0,"href":"https:\/\/www.redenoticia.com.br\/noticia\/wp-json\/wp\/v2\/posts\/31753\/revisions"}],"wp:attachment":[{"href":"https:\/\/www.redenoticia.com.br\/noticia\/wp-json\/wp\/v2\/media?parent=31753"}],"wp:term":[{"taxonomy":"category","embeddable":true,"href":"https:\/\/www.redenoticia.com.br\/noticia\/wp-json\/wp\/v2\/categories?post=31753"},{"taxonomy":"post_tag","embeddable":true,"href":"https:\/\/www.redenoticia.com.br\/noticia\/wp-json\/wp\/v2\/tags?post=31753"}],"curies":[{"name":"wp","href":"https:\/\/api.w.org\/{rel}","templated":true}]}}