{"id":31748,"date":"2010-09-30T15:00:17","date_gmt":"2010-09-30T19:00:17","guid":{"rendered":"http:\/\/www.redenoticia.com.br\/noticia\/?p=31748"},"modified":"2010-09-30T15:11:26","modified_gmt":"2010-09-30T19:11:26","slug":"sao-silvestre-recebera-inscricao-de-apenas-20-mil-corredores","status":"publish","type":"post","link":"https:\/\/www.redenoticia.com.br\/noticia\/2010\/sao-silvestre-recebera-inscricao-de-apenas-20-mil-corredores\/31748","title":{"rendered":"Inscri\u00e7\u00e3o S\u00e3o Silvestre para 20 mil corredores"},"content":{"rendered":"<p>S\u00e3o Paulo (SP) &#8211; A 86\u00aa edi\u00e7\u00e3o da <strong><em>S\u00e3o Silvestre<\/em><\/strong>, mais tradicional corrida de  rua do Brasil, j\u00e1 est\u00e1 com as inscri\u00e7\u00f5es abertas, que devem ser realizadas  exclusivamente atrav\u00e9s do site www.saosilvestre.com.br. A organiza\u00e7\u00e3o estipulou  um m\u00e1ximo de 20 mil corredores para a disputa que acontece no pr\u00f3ximo dia 31 de  dezembro em S\u00e3o Paulo (SP).<\/p>\n<p>Os interessados a inscrever-se no pelot\u00e3o geral t\u00eam at\u00e9 o dia 10 de outubro  para pagar R$ 85,00. Entre os dias 11 e 31 de outubro, o valor da taxa ser\u00e1 de  R$ 90,00 e no m\u00eas de novembro custar\u00e1 R$ 95,00. Os atletas acima de 60 anos t\u00eam  direito a desconto de 50% no valor da inscri\u00e7\u00e3o, seguindo normas do Estatuto do  Idoso.<\/p>\n<p>O percurso \u00e9 o mesmo das \u00faltimas temporadas, com total de 15 quil\u00f4metros. A  largada ser\u00e1 feita em frente ao Masp (Avenida Paulista, 1578) e a chegada  ocorrer\u00e1 em frente ao pr\u00e9dio da Funda\u00e7\u00e3o C\u00e1sper L\u00edbero (Avenida Paulista,  900).<\/p>\n<p>Os quenianos dominaram a edi\u00e7\u00e3o passada, com os tr\u00eas primeiros lugares: James  Kwambai, Elias Chelimo e Robert Cheruiyot. O melhor brasileiro foi Clodoaldo  Gomes da Silva, que terminou na oitava posi\u00e7\u00e3o. No feminino, a queniana Pasalia  Chepkorir foi a campe\u00e3. Marily dos Santos foi a melhor representante nacional,  no terceiro lugar.<\/p>\n<p>A S\u00e3o Silvestre \u00e9 uma realiza\u00e7\u00e3o da Funda\u00e7\u00e3o C\u00e1sper L\u00edbero e promo\u00e7\u00e3o da  Gazeta Esportiva Net e Rede Globo. A prova tem patroc\u00ednio da Caixa e Oi com  apoio de HCor, Montev\u00e9rgine, Gatorade e Caf\u00e9 3 Cora\u00e7\u00f5es, e apoio especial do  Governo do Estado de S\u00e3o Paulo e da Prefeitura de S\u00e3o Paulo. A supervis\u00e3o \u00e9 da  CBAt, FPA, IAAF e AIMS.<\/p>\n<p>Mais informa\u00e7\u00f5es no site <a href=\"http:\/\/www.saosilvestre.com.br\" target=\"_blank\">www.saosilvestre.com.br<\/a>.<\/p>\n","protected":false},"excerpt":{"rendered":"<p>S\u00e3o Paulo (SP) &#8211; A 86\u00aa edi\u00e7\u00e3o da S\u00e3o Silvestre, mais tradicional corrida de rua do Brasil, j\u00e1 est\u00e1 com as inscri\u00e7\u00f5es abertas, que devem ser realizadas exclusivamente atrav\u00e9s do site www.saosilvestre.com.br. A organiza\u00e7\u00e3o estipulou um m\u00e1ximo de 20 mil corredores para a disputa que acontece no pr\u00f3ximo dia 31 de dezembro em S\u00e3o Paulo [&hellip;]<\/p>\n","protected":false},"author":3,"featured_media":0,"comment_status":"open","ping_status":"open","sticky":false,"template":"","format":"standard","meta":{"_genesis_hide_title":false,"_genesis_hide_breadcrumbs":false,"_genesis_hide_singular_image":false,"_genesis_hide_footer_widgets":false,"_genesis_custom_body_class":"","_genesis_custom_post_class":"","_genesis_layout":"","_jetpack_memberships_contains_paid_content":false,"footnotes":""},"categories":[22],"tags":[],"class_list":{"0":"post-31748","1":"post","2":"type-post","3":"status-publish","4":"format-standard","6":"category-brasil","7":"entry","8":"gs-1","9":"gs-odd","10":"gs-even","11":"gs-featured-content-entry"},"jetpack_featured_media_url":"","jetpack_sharing_enabled":true,"jetpack_likes_enabled":true,"_links":{"self":[{"href":"https:\/\/www.redenoticia.com.br\/noticia\/wp-json\/wp\/v2\/posts\/31748","targetHints":{"allow":["GET"]}}],"collection":[{"href":"https:\/\/www.redenoticia.com.br\/noticia\/wp-json\/wp\/v2\/posts"}],"about":[{"href":"https:\/\/www.redenoticia.com.br\/noticia\/wp-json\/wp\/v2\/types\/post"}],"author":[{"embeddable":true,"href":"https:\/\/www.redenoticia.com.br\/noticia\/wp-json\/wp\/v2\/users\/3"}],"replies":[{"embeddable":true,"href":"https:\/\/www.redenoticia.com.br\/noticia\/wp-json\/wp\/v2\/comments?post=31748"}],"version-history":[{"count":0,"href":"https:\/\/www.redenoticia.com.br\/noticia\/wp-json\/wp\/v2\/posts\/31748\/revisions"}],"wp:attachment":[{"href":"https:\/\/www.redenoticia.com.br\/noticia\/wp-json\/wp\/v2\/media?parent=31748"}],"wp:term":[{"taxonomy":"category","embeddable":true,"href":"https:\/\/www.redenoticia.com.br\/noticia\/wp-json\/wp\/v2\/categories?post=31748"},{"taxonomy":"post_tag","embeddable":true,"href":"https:\/\/www.redenoticia.com.br\/noticia\/wp-json\/wp\/v2\/tags?post=31748"}],"curies":[{"name":"wp","href":"https:\/\/api.w.org\/{rel}","templated":true}]}}