{"id":31738,"date":"2010-09-29T16:56:27","date_gmt":"2010-09-29T20:56:27","guid":{"rendered":"http:\/\/www.redenoticia.com.br\/noticia\/?p=31738"},"modified":"2010-09-29T16:56:27","modified_gmt":"2010-09-29T20:56:27","slug":"brasil-lidera-reacao-das-americas-contra-o-fumo","status":"publish","type":"post","link":"https:\/\/www.redenoticia.com.br\/noticia\/2010\/brasil-lidera-reacao-das-americas-contra-o-fumo\/31738","title":{"rendered":"Brasil lidera rea\u00e7\u00e3o das Am\u00e9ricas contra o fumo"},"content":{"rendered":"<p>O Minist\u00e9rio da Sa\u00fade do Brasil conseguiu aprovar nesta quarta-feira (29) na  Organiza\u00e7\u00e3o Pan-Americana de Sa\u00fade (OPAS) uma resolu\u00e7\u00e3o para que os pa\u00edses do  continente se unam contra as manobras da <strong><em>ind\u00fastria do tabaco<\/em><\/strong>. O texto,  apresentado pelo ministro Jos\u00e9 Gomes Tempor\u00e3o na reuni\u00e3o do Conselho Diretor da  OPAS, em Washington, Estados Unidos, representa uma rea\u00e7\u00e3o das Am\u00e9ricas contra  as a\u00e7\u00f5es adotadas pelo setor tabacaleiro. A medida permite que os pa\u00edses possam  se preparar ou ajudar as autoridades de sa\u00fade p\u00fablica na prote\u00e7\u00e3o de sua  popula\u00e7\u00e3o. A ind\u00fastria do tabaco tem buscado na Justi\u00e7a local, nos tribunais e  organismos internacionais impor obst\u00e1culos \u00e0s medidas de controle de exposi\u00e7\u00e3o  das pessoas ao fumo.<\/p>\n<p>O texto aprovado pela Opas refor\u00e7a a necessidade de que os pa\u00edses adotem as  diretrizes da Conven\u00e7\u00e3o-Quadro para o Controle do Tabaco, um tratado  internacional assinado por mais de 190 pa\u00edses e que est\u00e1 em vigor desde 2005,  sob os amparo da Organiza\u00e7\u00e3o Mundial de Sa\u00fade. A conven\u00e7\u00e3o prev\u00ea, entre outras  a\u00e7\u00f5es, a implementa\u00e7\u00e3o de leis r\u00edgidas para banir o fumo em ambientes coletivos,  a dissemina\u00e7\u00e3o de advert\u00eancias sanit\u00e1rias fortes nas embalagens dos produtos, a  restri\u00e7\u00e3o da propaganda e do patroc\u00ednio de eventos culturais e esportivos por  marc as de cigarros. No caso espec\u00edfico do Brasil, tais a\u00e7\u00f5es s\u00e3o importantes  para impedir o avan\u00e7o do consumo dos produtos do tabaco.<\/p>\n<p>Pela resolu\u00e7\u00e3o brasileira, os pa\u00edses americanos recha\u00e7am, em conjunto, as  medidas adotadas pelas empresas do tabaco quando interferem ou criam obst\u00e1culos  para as a\u00e7\u00f5es de sa\u00fade p\u00fablica. Com o objetivo de ampliar o potencial dessa  uni\u00e3o continental, ser\u00e1 promovido, por meio da OPAS, o monitoramento, que  colocar\u00e1 em evid\u00eancia as estrat\u00e9gias da ind\u00fastria. A ideia \u00e9 que, por uma  comunica\u00e7\u00e3o conjunta e \u00e1gil, os pa\u00edses consigam reduzir a efic\u00e1cia das  estrat\u00e9gias da ind\u00fastria e fortalecer as medidas regionais antitabagistas.<\/p>\n<p>A proposta brasileira \u00e9 uma rea\u00e7\u00e3o \u00e0 ind\u00fastria do tabaco, que vem buscando  por meio da Justi\u00e7a e foros internacionais de com\u00e9rcio combater as leis e  medidas do poder p\u00fablico contra o fumo. Em rela\u00e7\u00e3o ao Canad\u00e1, as empresas  questionam internacionalmente a lei que proibiu o uso de flavorizantes nos  produtos do tabaco. No Uruguai, o embate nos tribunais nacionais e  internacionais \u00e9 contra a medida que vetou a utiliza\u00e7\u00e3o de mais de uma  apresenta\u00e7\u00e3o comercial por marca, que davam enganosa a impress\u00e3o de haver  variedades menos nocivas do produto. No Brasil, a ind\u00fastria tabagista tentou, em  2008, evitar a utiliza\u00e7\u00e3o das novas advert\u00eancias sanit\u00e1rias nas embalagens dos  produtos de tabaco.<\/p>\n<p>\u201cCom esse movimento, espera-se que os pa\u00edses das Am\u00e9ricas continuem a obter  resultados positivos na redu\u00e7\u00e3o do consumo de tabaco\u201d, afirmou o ministro da  Sa\u00fade, Jos\u00e9 Gomes Tempor\u00e3o. O Brasil \u00e9 hoje um dos principais atores no combate  ao tabagismo no mundo. Uma pesquisa do IBGE, em parceria com o Minist\u00e9rio da  Sa\u00fade, visitou 50 mil casas no Brasil, em 2008, e mostrou que a queda no consumo  de tabaco entre 1989 e 2008 foi de quase 50%.<\/p>\n<p>A pesquisa \u00e9 resultado de uma a\u00e7\u00e3o realizada em 14 pa\u00edses, coordenada pela  Organiza\u00e7\u00e3o Mundial de Sa\u00fade (OMS). Tr\u00eas em cada quatro entrevistados disse que  viu, ouviu ou leu alguma informa\u00e7\u00e3o sobre os riscos do tabaco para a sa\u00fade no  m\u00eas anterior \u00e0 pesquisa. Quase 100% responderam que sabem que o fumo causa  doen\u00e7as muito graves, como o c\u00e2ncer de pulm\u00e3o, o infarto do cora\u00e7\u00e3o e o derrame.  Al\u00e9m disso, os entrevistados est\u00e3o cientes de que at\u00e9 mesmo estar ao lado de  quem est\u00e1 fumando faz mal.<\/p>\n<p>Entre as medidas adotadas nos \u00faltimos anos no Brasil est\u00e3o: a proibi\u00e7\u00e3o de  publicidade do tabaco, o aumento de impostos sobre o produto e a inclus\u00e3o de  advert\u00eancias mais expl\u00edcitas sobre os efeitos danosos do fumo nos ma\u00e7os. O  Minist\u00e9rio da Sa\u00fade apoia ainda um projeto de lei que tramita no Congresso para  acabar, de vez, com os fum\u00f3dromos nos ambientes fechados e de uso coletivo.<\/p>\n","protected":false},"excerpt":{"rendered":"<p>O Minist\u00e9rio da Sa\u00fade do Brasil conseguiu aprovar nesta quarta-feira (29) na Organiza\u00e7\u00e3o Pan-Americana de Sa\u00fade (OPAS) uma resolu\u00e7\u00e3o para que os pa\u00edses do continente se unam contra as manobras da ind\u00fastria do tabaco. O texto, apresentado pelo ministro Jos\u00e9 Gomes Tempor\u00e3o na reuni\u00e3o do Conselho Diretor da OPAS, em Washington, Estados Unidos, representa uma [&hellip;]<\/p>\n","protected":false},"author":3,"featured_media":0,"comment_status":"open","ping_status":"open","sticky":false,"template":"","format":"standard","meta":{"_genesis_hide_title":false,"_genesis_hide_breadcrumbs":false,"_genesis_hide_singular_image":false,"_genesis_hide_footer_widgets":false,"_genesis_custom_body_class":"","_genesis_custom_post_class":"","_genesis_layout":"","_jetpack_memberships_contains_paid_content":false,"footnotes":""},"categories":[22],"tags":[],"class_list":{"0":"post-31738","1":"post","2":"type-post","3":"status-publish","4":"format-standard","6":"category-brasil","7":"entry","8":"gs-1","9":"gs-odd","10":"gs-even","11":"gs-featured-content-entry"},"jetpack_featured_media_url":"","jetpack_sharing_enabled":true,"jetpack_likes_enabled":true,"_links":{"self":[{"href":"https:\/\/www.redenoticia.com.br\/noticia\/wp-json\/wp\/v2\/posts\/31738","targetHints":{"allow":["GET"]}}],"collection":[{"href":"https:\/\/www.redenoticia.com.br\/noticia\/wp-json\/wp\/v2\/posts"}],"about":[{"href":"https:\/\/www.redenoticia.com.br\/noticia\/wp-json\/wp\/v2\/types\/post"}],"author":[{"embeddable":true,"href":"https:\/\/www.redenoticia.com.br\/noticia\/wp-json\/wp\/v2\/users\/3"}],"replies":[{"embeddable":true,"href":"https:\/\/www.redenoticia.com.br\/noticia\/wp-json\/wp\/v2\/comments?post=31738"}],"version-history":[{"count":0,"href":"https:\/\/www.redenoticia.com.br\/noticia\/wp-json\/wp\/v2\/posts\/31738\/revisions"}],"wp:attachment":[{"href":"https:\/\/www.redenoticia.com.br\/noticia\/wp-json\/wp\/v2\/media?parent=31738"}],"wp:term":[{"taxonomy":"category","embeddable":true,"href":"https:\/\/www.redenoticia.com.br\/noticia\/wp-json\/wp\/v2\/categories?post=31738"},{"taxonomy":"post_tag","embeddable":true,"href":"https:\/\/www.redenoticia.com.br\/noticia\/wp-json\/wp\/v2\/tags?post=31738"}],"curies":[{"name":"wp","href":"https:\/\/api.w.org\/{rel}","templated":true}]}}