{"id":31733,"date":"2010-09-29T16:47:19","date_gmt":"2010-09-29T20:47:19","guid":{"rendered":"http:\/\/www.redenoticia.com.br\/noticia\/?p=31733"},"modified":"2010-09-29T16:47:19","modified_gmt":"2010-09-29T20:47:19","slug":"petrobras-lanca-a-caravana-siga-bem","status":"publish","type":"post","link":"https:\/\/www.redenoticia.com.br\/noticia\/2010\/petrobras-lanca-a-caravana-siga-bem\/31733","title":{"rendered":"Petrobras lan\u00e7a a &#8220;Caravana Siga Bem&#8221;"},"content":{"rendered":"<p>O maior e mais importante projeto de responsabilidade social das estradas  brasileiras, a \u201c<strong><em>Caravana Siga Bem<\/em><\/strong>\u201d, patrocinada pela Petrobras e Petrobras  Distribuidora, inicia hoje sua quinta edi\u00e7\u00e3o. O projeto, que \u00e9 a maior a\u00e7\u00e3o  social e promocional itinerante realizada nas estradas da Am\u00e9rica Latina, leva  informa\u00e7\u00e3o e conscientiza\u00e7\u00e3o sobre quest\u00f5es como seguran\u00e7a nas estradas,  cuidados com o meio ambiente, viol\u00eancia dom\u00e9stica, entre outros. Desde 2004,  mais de 1,2 milh\u00e3o de caminhoneiros j\u00e1 participaram do projeto.<\/p>\n<p>O evento de lan\u00e7amento foi realizado no Posto Sakamoto (km 210,5 da Via  Dutra, sentido Rio\/S\u00e3o Paulo). Estiveram presentes a primeira-dama Marisa  Let\u00edcia, o ministro Paulo Vannuchi, da Secretaria Especial de Direitos Humanos,  a ministra M\u00e1rcia Lopes, do Desenvolvimento Social e Combate \u00e0 Fome, Carmem  Silveira, secret\u00e1ria Nacional de Promo\u00e7\u00e3o dos Direitos da Crian\u00e7a e do  adolescente e Aparecida Gon\u00e7alves, secret\u00e1ria Nacional de Enfrentamento a  Viol\u00eancia contra as Mulheres, da Secretaria de Pol\u00edticas para as Mulheres.<\/p>\n<p>Representando o Sistema Petrobras, participaram do evento o diretor da Rede  de Postos de Servi\u00e7o da Petrobras Distribuidora, Luiz Cl\u00e1udio Caseira Sanches, o  gerente executivo da Comunica\u00e7\u00e3o Institucional da Petrobras, Wilson Santarosa, o  gerente de Responsabilidade Social da Petrobras, Luis Fernando Nery, al\u00e9m do  superintendente da Policia Rodovi\u00e1ria Federal do Estado de S\u00e3o Paulo, Inspetor  Jos\u00e9 Marcelo Gondim e do cantor S\u00e9rgio Reis. Todos assinaram um manifesto contra  a explora\u00e7\u00e3o e viol\u00eancia sexual de crian\u00e7as e adolescentes.<\/p>\n<p>Voltada essencialmente para caminhoneiros, a Caravana Siga Bem cobrir\u00e1 grande  parte do territ\u00f3rio brasileiro (10 estados), em uma extens\u00e3o aproximada de 15  mil quil\u00f4metros, com caminh\u00f5es e carretas e far\u00e1 paradas em postos da nova rede  Siga Bem da Petrobras Distribuidora. Nestas paradas, al\u00e9m das a\u00e7\u00f5es sociais, os  profissionais da estrada tamb\u00e9m contar\u00e3o com atividades de lazer e culturais. \u201cO  grande objetivo \u00e9 valorizar e conscientizar os motoristas profissionais sobre  temas ligados \u00e0s quest\u00f5es sociais, a seguran\u00e7a e ao meio ambiente\u201d, destaca  Wilson Santarosa, gerente executivo da Comunica\u00e7\u00e3o Institucional da Petrobras,  que patrocina a Caravana desde sua primeira edi\u00e7\u00e3o, em 2004.<\/p>\n<p>A Caravana Siga Bem envolve diversas a\u00e7\u00f5es de responsabilidade social como a  campanha Siga Bem Crian\u00e7a de combate \u00e0 explora\u00e7\u00e3o sexual de crian\u00e7as e  adolescentes com a divulga\u00e7\u00e3o do Disque 100 para den\u00fancias; o Siga Bem Mulher,  que envolve a\u00e7\u00f5es de conscientiza\u00e7\u00e3o, alertando sobre como prevenir e eliminar a  viol\u00eancia dom\u00e9stica e familiar contra as mulheres com um canal aberto para  ajuda, orienta\u00e7\u00e3o e den\u00fancias, o Ligue 180; orienta\u00e7\u00f5es sobre seguran\u00e7a nas  estradas e atitudes mais conscientes ao dirigir e cuidados com o meio  ambiente.<\/p>\n<p>Campanhas em defesa das mulheres, crian\u00e7as e adolescentes<\/p>\n<p>Desde que foi lan\u00e7ada, a Caravana Siga Bem j\u00e1 percorreu mais de 120 mil  quil\u00f4metros, visitou aproximadamente 200 munic\u00edpios brasileiros e contou com a  participa\u00e7\u00e3o efetiva de cerca de 1,2 milh\u00e3o de motoristas profissionais em 457  eventos durante 828 dias na estrada.<\/p>\n<p>\u201cAntes da primeira edi\u00e7\u00e3o da Caravana, o Disque 100 recebia cerca de 12  den\u00fancias por dia. Na \u00faltima edi\u00e7\u00e3o, fruto de uma campanha maci\u00e7a de  conscientiza\u00e7\u00e3o nas estradas, as den\u00fancias envolvendo situa\u00e7\u00e3o de risco contra  crian\u00e7as e adolescentes saltaram para 90 por dia\u201d, destaca Santarosa.<\/p>\n<p>O Siga Bem Mulher \u00e9 uma a\u00e7\u00e3o da Petrobras, desenvolvido em parceria com a  Secretaria Especial de Pol\u00edticas para as Mulheres do Governo Federal, que visa  conscientizar a popula\u00e7\u00e3o sobre a lei Maria da Penha e divulgar o Servi\u00e7o Ligue  180, que tem como objetivo orientar as mulheres sobre os seus direitos e  divulgar os servi\u00e7os p\u00fablicos especializados de atendimento \u00e0s mulheres em  situa\u00e7\u00e3o de viol\u00eancia.<\/p>\n<p>Neste ano, a Caravana Siga Bem, com dura\u00e7\u00e3o de seis meses, far\u00e1 22 paradas  nos postos BR identificados com a nova comunica\u00e7\u00e3o visual. \u201cS\u00e3o os postos  Premium da rede BR\u201d, explica Luiz Sanches, diretor da rede de postos da  Petrobras Distribuidora. De acordo com Sanches, em muitos destes postos a  passagem da caravana marcar\u00e1, tamb\u00e9m, a festa de reinaugura\u00e7\u00e3o do  estabelecimento, agora com a marca de excel\u00eancia da \u201cRede Siga Bem\u201d.<\/p>\n<p>Um posto com a marca Siga Bem oferece a seus usu\u00e1rios uma s\u00e9rie de  comodidades e servi\u00e7os diferenciados, al\u00e9m de seguir, rigorosamente, os padr\u00f5es  de qualidade estabelecidos pela Petrobras Distribuidora para postos com este  perfil. \u201cNestes postos, os usu\u00e1rios t\u00eam a garantia de encontrar produtos da mais  alta qualidade, servi\u00e7os profissionais, seguran\u00e7a efetiva e um s\u00e9rio compromisso  com o meio ambiente e as a\u00e7\u00f5es sociais capitaneadas pela Petrobras\u201d, destaca  Sanches.<\/p>\n<p>Cultura, divers\u00e3o e seguran\u00e7a<\/p>\n<p>Como j\u00e1 se tornou tradicional em todas as paradas da Caravana, os motoristas  e seus familiares t\u00eam a oportunidade de participar de diversas brincadeiras e  a\u00e7\u00f5es l\u00fadicas e assistir, gratuitamente, espet\u00e1culos de teatro sobre temas  sociais e ambientais e, tamb\u00e9m, grandes produ\u00e7\u00f5es do cinema nacional.<\/p>\n<p>O elenco das pe\u00e7as teatrais \u00e9 formado pelos pr\u00f3prios profissionais que  acompanham a Caravana ao longo do seu percurso, inclusive seus motoristas, que  interpretam roteiros relacionados \u00e0 seguran\u00e7a nas estradas, outro tema central  de palestras ministradas por profissionais do Departamento de Ensino da Pol\u00edcia  Rodovi\u00e1ria Federal. O objetivo \u00e9 a conscientiza\u00e7\u00e3o sobre os n\u00edveis alarmantes de  acidentes fatais nas rodovias brasileiras.<\/p>\n<p>De acordo com estat\u00edsticas do Departamento Nacional de Infraestrutura de  Transportes (DNIT), com base em dados da Pol\u00edcia Rodovi\u00e1ria Federal, no ano  passado 7.383 pessoas morreram em acidentes nas rodovias federais. S\u00e3o cerca de  20 mortes por dia, causadas, na maioria das vezes, por imprud\u00eancia ou  desrespeito \u00e0s normas mais elementares de tr\u00e2nsito. O ano passado foi o pior ano  dos \u00faltimos 12 anos em acidentes fatais. Em 2008 foram registradas 6.945 mortes  nas estradas. E, neste ano, o quadro n\u00e3o apresentou, at\u00e9 agora, melhorias: at\u00e9  junho 4.068 pessoas j\u00e1 perderam a vida em acidentes com ve\u00edculos nas  estradas.<\/p>\n<p>Caminhoneiro do ano<\/p>\n<p>Al\u00e9m das atividades culturais e educativas, a equipe da Caravana aplicar\u00e1 aos  caminhoneiros testes de conhecimentos em computadores instalados em carreta  especialmente desenvolvida. O conte\u00fado abordar\u00e1 temas sobre C\u00f3digo Nacional de  Tr\u00e2nsito, Mec\u00e2nica, Responsabilidade Social e Meio Ambiente. A cada m\u00eas, tr\u00eas  motoristas ser\u00e3o selecionados pelo maior n\u00famero de acertos no menor espa\u00e7o de  tempo.<\/p>\n<p>No final da Caravana ser\u00e1 escolhido o \u201cCaminhoneiro do Ano\u201d que, como pr\u00eamio,  ganhar\u00e1 um caminh\u00e3o zero quil\u00f4metro.<\/p>\n<p>Cobertura completa<br \/>\nNa TV: Todas as etapas da caravana ser\u00e3o transmitidas  pelo programa \u201cBrasil Caminhoneiro\u201d, exibido aos domingos, em cadeia nacional,  \u00e0s 10h30, pela Rede Bandeirantes de Televis\u00e3o.<br \/>\nNo r\u00e1dio: O programa \u201cSiga Bem  Caminhoneiro\u201d, ancorado pelo cantor S\u00e9rgio Reis, \u00e9 transmitido diariamente em  170 emissoras de todo o Pa\u00eds.<br \/>\nNa WEB: O site www.brasilcaminhoneiro.com.br  far\u00e1 a cobertura ao vivo das a\u00e7\u00f5es da caravana nas estradas.<br \/>\nCARAVANA SIGA BEM:<br \/>\nPer\u00edodo: outubro de 2010 a mar\u00e7o de 2011<br \/>\nEquipe:  30 profissionais<br \/>\nCaminh\u00f5es\/Carretas: 4<br \/>\nVe\u00edculos de apoio:  3<br \/>\nQuilometragem total: 15 mil<br \/>\nN\u00famero de estados: 10<br \/>\nN\u00famero de cidades  visitadas: 31<\/p>\n","protected":false},"excerpt":{"rendered":"<p>O maior e mais importante projeto de responsabilidade social das estradas brasileiras, a \u201cCaravana Siga Bem\u201d, patrocinada pela Petrobras e Petrobras Distribuidora, inicia hoje sua quinta edi\u00e7\u00e3o. O projeto, que \u00e9 a maior a\u00e7\u00e3o social e promocional itinerante realizada nas estradas da Am\u00e9rica Latina, leva informa\u00e7\u00e3o e conscientiza\u00e7\u00e3o sobre quest\u00f5es como seguran\u00e7a nas estradas, cuidados [&hellip;]<\/p>\n","protected":false},"author":3,"featured_media":0,"comment_status":"open","ping_status":"open","sticky":false,"template":"","format":"standard","meta":{"_genesis_hide_title":false,"_genesis_hide_breadcrumbs":false,"_genesis_hide_singular_image":false,"_genesis_hide_footer_widgets":false,"_genesis_custom_body_class":"","_genesis_custom_post_class":"","_genesis_layout":"","_jetpack_memberships_contains_paid_content":false,"footnotes":""},"categories":[22],"tags":[],"class_list":{"0":"post-31733","1":"post","2":"type-post","3":"status-publish","4":"format-standard","6":"category-brasil","7":"entry","8":"gs-1","9":"gs-odd","10":"gs-even","11":"gs-featured-content-entry"},"jetpack_featured_media_url":"","jetpack_sharing_enabled":true,"jetpack_likes_enabled":true,"_links":{"self":[{"href":"https:\/\/www.redenoticia.com.br\/noticia\/wp-json\/wp\/v2\/posts\/31733","targetHints":{"allow":["GET"]}}],"collection":[{"href":"https:\/\/www.redenoticia.com.br\/noticia\/wp-json\/wp\/v2\/posts"}],"about":[{"href":"https:\/\/www.redenoticia.com.br\/noticia\/wp-json\/wp\/v2\/types\/post"}],"author":[{"embeddable":true,"href":"https:\/\/www.redenoticia.com.br\/noticia\/wp-json\/wp\/v2\/users\/3"}],"replies":[{"embeddable":true,"href":"https:\/\/www.redenoticia.com.br\/noticia\/wp-json\/wp\/v2\/comments?post=31733"}],"version-history":[{"count":0,"href":"https:\/\/www.redenoticia.com.br\/noticia\/wp-json\/wp\/v2\/posts\/31733\/revisions"}],"wp:attachment":[{"href":"https:\/\/www.redenoticia.com.br\/noticia\/wp-json\/wp\/v2\/media?parent=31733"}],"wp:term":[{"taxonomy":"category","embeddable":true,"href":"https:\/\/www.redenoticia.com.br\/noticia\/wp-json\/wp\/v2\/categories?post=31733"},{"taxonomy":"post_tag","embeddable":true,"href":"https:\/\/www.redenoticia.com.br\/noticia\/wp-json\/wp\/v2\/tags?post=31733"}],"curies":[{"name":"wp","href":"https:\/\/api.w.org\/{rel}","templated":true}]}}