{"id":31729,"date":"2010-09-29T17:11:13","date_gmt":"2010-09-29T21:11:13","guid":{"rendered":"http:\/\/www.redenoticia.com.br\/noticia\/?p=31729"},"modified":"2010-09-30T15:07:04","modified_gmt":"2010-09-30T19:07:04","slug":"meteorologia-%e2%80%93-previsao-do-tempo-para-esta-quinta-feira-3009","status":"publish","type":"post","link":"https:\/\/www.redenoticia.com.br\/noticia\/2010\/meteorologia-%e2%80%93-previsao-do-tempo-para-esta-quinta-feira-3009\/31729","title":{"rendered":"Meteorologia \u2013 previs\u00e3o do tempo para esta quinta-feira 30\/09"},"content":{"rendered":"<p><img loading=\"lazy\" decoding=\"async\" class=\"alignleft size-full wp-image-28410\" title=\"previsao do tempo temperatura\" src=\"https:\/\/www.redenoticia.com.br\/noticia\/imagens\/previsao-do-tempo-temperatura.jpg\" alt=\"\" width=\"300\" height=\"193\" srcset=\"https:\/\/www.redenoticia.com.br\/noticia\/imagens\/previsao-do-tempo-temperatura.jpg 300w, https:\/\/www.redenoticia.com.br\/noticia\/imagens\/previsao-do-tempo-temperatura-250x160.jpg 250w, https:\/\/www.redenoticia.com.br\/noticia\/imagens\/previsao-do-tempo-temperatura-150x96.jpg 150w\" sizes=\"auto, (max-width: 300px) 100vw, 300px\" \/>Previs\u00e3o do tempo \u2013 a <strong><em>meteorologia<\/em><\/strong> divulgou a <strong><em>previs\u00e3o do tempo<\/em><\/strong> e <strong><em>temperatura <\/em><\/strong>para quinta-feira (30\/09)\u00a0e informa que um canal de umidade elevada deve deixar o dia com pancadas de chuva entre o Sudeste e o Centro-Oeste e no Norte do Brasil. No RJ, MG, ES, norte de GO e DF, em TO, no oeste da BA, centro e norte de MT, sul do PA e do AM, no AC e em RO pode chover localmente forte.\u00a0Segundo a previs\u00e3o do tempo o sol aparece com poucas nuvens no oeste do RS, de SC e do PR e no sul de MS. No litoral entre a BA e a PB, no sudeste e nordeste do RS o dia ser\u00e1 com varia\u00e7\u00e3o de nebulosidade.\u00a0Dados da previs\u00e3o do tempo indicam que no interior e norte da Regi\u00e3o Nordeste o c\u00e9u estar\u00e1 parcialmente nublado. O sul do RS, nordeste de SC, leste e litoral do PR, litoral sul e sul de SP o dia ser\u00e1 de tempo inst\u00e1vel.\u00a0A previs\u00e3o do tempo destaca que as temperaturas estar\u00e3o elevadas no Nordeste e amenas no Sul.<\/p>\n<p>Vale do Para\u00edba \u2013 previs\u00e3o do tempo em 30\/09 haver\u00e1 varia\u00e7\u00e3o de nebulosidade e pancadas de chuva na regi\u00e3o. A temperatura ter\u00e1 uma pequena eleva\u00e7\u00e3o.<\/p>\n<p>Regi\u00e3o Centro-Oeste \u2013 previs\u00e3o do tempo em 30\/09\/2010: No sul e oeste de MS: predom\u00ednio de sol. No centro-norte de GO e de MS: nublado com fortes pancada de chuva. Nas demais \u00e1reas da Regi\u00e3o: sol entre nebulosidade vari\u00e1vel e pancadas de chuva. Temperaturas est\u00e1veis. Temperatura m\u00e1xima: 39C no norte de MT. Temperatura m\u00ednima: 17C no sul do MS.<\/p>\n<p>Regi\u00e3o Nordeste \u2013 previs\u00e3o do tempo em 30\/09\/2010: No sul do MA e do PI e no oeste da BA: sol entre muitas nuvens e com fortes pancadas de chuva. No sul da BA: sol entre poucas nuvens e com possibilidade de pancadas de chuva isolada. Nas demais \u00e1reas da Regi\u00e3o: sol e poucas nuvens. Apenas no litoral nordestino haver\u00e1 maior nebulosidade. Temperaturas est\u00e1veis. Temperatura m\u00e1xima: 39C no centro-norte do PI. Temperatura m\u00ednima: 18C no interior da BA.<\/p>\n<p>Regi\u00e3o Norte \u2013 previs\u00e3o do tempo em 30\/09\/2010: No centro-leste do AP e centro-nordeste do PA: sol e poucas nuvens. No TO, em RO e no sul do PA e do AM: nublado com pancadas de chuva isolada e localmente intensa. Nas demais \u00e1reas da Regi\u00e3o: sol com nebulosidade vari\u00e1vel e pancadas de chuva isolada. Temperaturas elevadas. Temperatura m\u00e1xima: 40C no sul do PA e do AM. Temperatura m\u00ednima: 18C no sul do PA.<\/p>\n<p>Regi\u00e3o Sudeste \u2013 previs\u00e3o do tempo em 30\/09\/2010: No Tri\u00e2ngulo Mineiro e no centro-norte e nordeste de SP, incluindo o Vale Hist\u00f3rico: sol com nebulosidade vari\u00e1vel e pancadas de chuva isolada. No oeste de SP: sol e poucas nuvens. No leste de SP: tempo inst\u00e1vel com poucas aberturas de sol e chuva a qualquer hora. Nas demais \u00e1reas da Regi\u00e3o: nublado com fortes pancadas de chuva \u00e0 qualquer hora do dia. Temperaturas estar\u00e3o est\u00e1veis. Temperatura m\u00e1xima: 37C no noroeste de MG. Temperatura m\u00ednima: 12C na Serra da Mantiqueira.<\/p>\n<p>Regi\u00e3o Sul \u2013 previs\u00e3o do tempo em 30\/09\/2010: No extremo sudeste do RS e no nordeste de SC e leste do PR: tempo inst\u00e1vel com algumas aberturas de sol e chuva a qualquer hora. Na faixa oeste da Regi\u00e3o: predom\u00ednio de sol. Nas demais \u00e1reas do RS e no sudeste de SC: sol com varia\u00e7\u00e3o de nuvens. Nas demais \u00e1reas da Regi\u00e3o: sol e poucas nuvens. Temperaturas amenas no leste da Regi\u00e3o. Temperatura m\u00e1xima de 28C no norte do PR. Temperatura m\u00ednima de 6C nas \u00e1reas de Serra.<\/p>\n<p>Previs\u00e3o do tempo e temperatura CPTEC<\/p>\n","protected":false},"excerpt":{"rendered":"<p>Previs\u00e3o do tempo \u2013 a meteorologia divulgou a previs\u00e3o do tempo e temperatura para quinta-feira (30\/09)\u00a0e informa que um canal de umidade elevada deve deixar o dia com pancadas de chuva entre o Sudeste e o Centro-Oeste e no Norte do Brasil. No RJ, MG, ES, norte de GO e DF, em TO, no oeste [&hellip;]<\/p>\n","protected":false},"author":3,"featured_media":28410,"comment_status":"open","ping_status":"open","sticky":false,"template":"","format":"standard","meta":{"_genesis_hide_title":false,"_genesis_hide_breadcrumbs":false,"_genesis_hide_singular_image":false,"_genesis_hide_footer_widgets":false,"_genesis_custom_body_class":"","_genesis_custom_post_class":"","_genesis_layout":"","_jetpack_memberships_contains_paid_content":false,"footnotes":""},"categories":[22],"tags":[],"class_list":{"0":"post-31729","1":"post","2":"type-post","3":"status-publish","4":"format-standard","5":"has-post-thumbnail","7":"category-brasil","8":"entry","9":"gs-1","10":"gs-odd","11":"gs-even","12":"gs-featured-content-entry"},"jetpack_featured_media_url":"https:\/\/www.redenoticia.com.br\/noticia\/imagens\/previsao-do-tempo-temperatura.jpg","jetpack_sharing_enabled":true,"jetpack_likes_enabled":true,"_links":{"self":[{"href":"https:\/\/www.redenoticia.com.br\/noticia\/wp-json\/wp\/v2\/posts\/31729","targetHints":{"allow":["GET"]}}],"collection":[{"href":"https:\/\/www.redenoticia.com.br\/noticia\/wp-json\/wp\/v2\/posts"}],"about":[{"href":"https:\/\/www.redenoticia.com.br\/noticia\/wp-json\/wp\/v2\/types\/post"}],"author":[{"embeddable":true,"href":"https:\/\/www.redenoticia.com.br\/noticia\/wp-json\/wp\/v2\/users\/3"}],"replies":[{"embeddable":true,"href":"https:\/\/www.redenoticia.com.br\/noticia\/wp-json\/wp\/v2\/comments?post=31729"}],"version-history":[{"count":0,"href":"https:\/\/www.redenoticia.com.br\/noticia\/wp-json\/wp\/v2\/posts\/31729\/revisions"}],"wp:featuredmedia":[{"embeddable":true,"href":"https:\/\/www.redenoticia.com.br\/noticia\/wp-json\/wp\/v2\/media\/28410"}],"wp:attachment":[{"href":"https:\/\/www.redenoticia.com.br\/noticia\/wp-json\/wp\/v2\/media?parent=31729"}],"wp:term":[{"taxonomy":"category","embeddable":true,"href":"https:\/\/www.redenoticia.com.br\/noticia\/wp-json\/wp\/v2\/categories?post=31729"},{"taxonomy":"post_tag","embeddable":true,"href":"https:\/\/www.redenoticia.com.br\/noticia\/wp-json\/wp\/v2\/tags?post=31729"}],"curies":[{"name":"wp","href":"https:\/\/api.w.org\/{rel}","templated":true}]}}