{"id":31719,"date":"2010-09-28T21:06:59","date_gmt":"2010-09-29T01:06:59","guid":{"rendered":"http:\/\/www.redenoticia.com.br\/noticia\/?p=31719"},"modified":"2010-09-29T16:17:37","modified_gmt":"2010-09-29T20:17:37","slug":"meteorologia-%e2%80%93-previsao-do-tempo-para-esta-quarta-feira-2909","status":"publish","type":"post","link":"https:\/\/www.redenoticia.com.br\/noticia\/2010\/meteorologia-%e2%80%93-previsao-do-tempo-para-esta-quarta-feira-2909\/31719","title":{"rendered":"Meteorologia \u2013 previs\u00e3o do tempo para esta quarta-feira 29\/09"},"content":{"rendered":"<p><img loading=\"lazy\" decoding=\"async\" class=\"alignleft size-full wp-image-28409\" title=\"previsao do tempo e temperatura\" src=\"https:\/\/www.redenoticia.com.br\/noticia\/imagens\/previsao-do-tempo-e-temperatura.jpg\" alt=\"\" width=\"300\" height=\"193\" srcset=\"https:\/\/www.redenoticia.com.br\/noticia\/imagens\/previsao-do-tempo-e-temperatura.jpg 300w, https:\/\/www.redenoticia.com.br\/noticia\/imagens\/previsao-do-tempo-e-temperatura-250x160.jpg 250w, https:\/\/www.redenoticia.com.br\/noticia\/imagens\/previsao-do-tempo-e-temperatura-150x96.jpg 150w\" sizes=\"auto, (max-width: 300px) 100vw, 300px\" \/>Previs\u00e3o do tempo \u2013 a <strong><em>meteorologia<\/em><\/strong> divulgou a <strong><em>previs\u00e3o do tempo<\/em><\/strong> e <strong><em>temperatura<\/em><\/strong> para esta quarta-feira 29\/09\u00a0e informa que no\u00a0Vale do Para\u00edba haver\u00e1 mais aberturas de sol, mas o tempo ainda ficar\u00e1 inst\u00e1vel. A temperatura estar\u00e1 em gradativa eleva\u00e7\u00e3o.<\/p>\n<p>Regi\u00e3o Centro-Oeste \u2013 previs\u00e3o do tempo em 29\/09\/2010: Em todas as \u00e1reas da Regi\u00e3o Centro-Oeste: sol, com nebulosidade vari\u00e1vel e pancadas de chuva \u00e0 qualquer hora. Temperaturas est\u00e1veis. Temperatura m\u00e1xima: 42C no centro e oeste do MT. Temperatura m\u00ednima: 18C no sudeste do MS.<\/p>\n<p>Regi\u00e3o Nordeste \u2013 previs\u00e3o do tempo em 29\/09\/2010: No sul do MA e do PI: possibilidade de pancadas de chuva. No sudoeste e sul da BA e extremo sudoeste do PI: sol, nebulosidade vari\u00e1vel e pancadas de chuva. Nas demais \u00e1reas da regi\u00e3o: predom\u00ednio de sol. Temperaturas est\u00e1veis. Temperatura m\u00e1xima: 40C no sul do PI. Temperatura m\u00ednima: 18C no interior da BA.<\/p>\n<p>Regi\u00e3o Norte \u2013 previs\u00e3o do tempo em 29\/09\/2010: No extremo nordeste do TO: pequena chance de pancadas de chuva. No norte do PA e centro-norte do AP: pancadas de chuva \u00e0 partir da tarde. No centro-nordeste do PA, sul do AP e extremo norte do TO: dia de sol. Nas demais \u00e1reas: sol entre nuvens e pancadas de chuva. Temperaturas elevadas. Temperatura m\u00e1xima: 42C no sul e sudeste do AM. Temperatura m\u00ednima: 18C no sul do PA.<\/p>\n<p>Regi\u00e3o Sudeste \u2013 previs\u00e3o do tempo em 29\/09\/2010: No leste de MG, nordeste do RJ e centro-sul do ES: nublado com pancada de chuva. No sudeste do RJ e leste de SP, incluindo a capital paulista: inst\u00e1vel, com nebulosidade vari\u00e1vel e chuva \u00e0 qualquer hora do dia. No sudeste de SP: dia de sol e varia\u00e7\u00e3o de nuvens. Nas demais \u00e1reas: varia\u00e7\u00e3o de nebulosidade e pancadas de chuva. Temperaturas amenas em SP. Temperatura m\u00e1xima de 34C no noroeste do ES. Temperatura m\u00ednima de 15C Campos do Jord\u00e3o.<\/p>\n<p>Regi\u00e3o Sul \u2013 previs\u00e3o do tempo em 29\/09\/2010: No extremo sudoeste do PR, centro-oeste de SC e extremo norte do RS: pequena possibilidade de pancada de chuva. No leste do PR e de SC: sol e varia\u00e7\u00e3o de nuvens. No sudeste de SC e leste do RS: nebulosidade vari\u00e1vel com chuva \u00e0 qualquer hora. Nas demais \u00e1reas do RS: dia de sol e poucas nuvens. Nas demais \u00e1reas do PR e SC: dia nublado e pancada de chuva \u00e0 qualquer hora. Temperaturas amenas. Temperatura m\u00e1xima de 26C na maior parte do PR. Temperatura m\u00ednima de 10C no sudoeste do RS.<\/p>\n<p>Previs\u00e3o do tempo e temperatura CPTEC<\/p>\n","protected":false},"excerpt":{"rendered":"<p>Previs\u00e3o do tempo \u2013 a meteorologia divulgou a previs\u00e3o do tempo e temperatura para esta quarta-feira 29\/09\u00a0e informa que no\u00a0Vale do Para\u00edba haver\u00e1 mais aberturas de sol, mas o tempo ainda ficar\u00e1 inst\u00e1vel. A temperatura estar\u00e1 em gradativa eleva\u00e7\u00e3o. Regi\u00e3o Centro-Oeste \u2013 previs\u00e3o do tempo em 29\/09\/2010: Em todas as \u00e1reas da Regi\u00e3o Centro-Oeste: sol, [&hellip;]<\/p>\n","protected":false},"author":3,"featured_media":28409,"comment_status":"open","ping_status":"open","sticky":false,"template":"","format":"standard","meta":{"_genesis_hide_title":false,"_genesis_hide_breadcrumbs":false,"_genesis_hide_singular_image":false,"_genesis_hide_footer_widgets":false,"_genesis_custom_body_class":"","_genesis_custom_post_class":"","_genesis_layout":"","_jetpack_memberships_contains_paid_content":false,"footnotes":""},"categories":[22],"tags":[],"class_list":{"0":"post-31719","1":"post","2":"type-post","3":"status-publish","4":"format-standard","5":"has-post-thumbnail","7":"category-brasil","8":"entry","9":"gs-1","10":"gs-odd","11":"gs-even","12":"gs-featured-content-entry"},"jetpack_featured_media_url":"https:\/\/www.redenoticia.com.br\/noticia\/imagens\/previsao-do-tempo-e-temperatura.jpg","jetpack_sharing_enabled":true,"jetpack_likes_enabled":true,"_links":{"self":[{"href":"https:\/\/www.redenoticia.com.br\/noticia\/wp-json\/wp\/v2\/posts\/31719","targetHints":{"allow":["GET"]}}],"collection":[{"href":"https:\/\/www.redenoticia.com.br\/noticia\/wp-json\/wp\/v2\/posts"}],"about":[{"href":"https:\/\/www.redenoticia.com.br\/noticia\/wp-json\/wp\/v2\/types\/post"}],"author":[{"embeddable":true,"href":"https:\/\/www.redenoticia.com.br\/noticia\/wp-json\/wp\/v2\/users\/3"}],"replies":[{"embeddable":true,"href":"https:\/\/www.redenoticia.com.br\/noticia\/wp-json\/wp\/v2\/comments?post=31719"}],"version-history":[{"count":0,"href":"https:\/\/www.redenoticia.com.br\/noticia\/wp-json\/wp\/v2\/posts\/31719\/revisions"}],"wp:featuredmedia":[{"embeddable":true,"href":"https:\/\/www.redenoticia.com.br\/noticia\/wp-json\/wp\/v2\/media\/28409"}],"wp:attachment":[{"href":"https:\/\/www.redenoticia.com.br\/noticia\/wp-json\/wp\/v2\/media?parent=31719"}],"wp:term":[{"taxonomy":"category","embeddable":true,"href":"https:\/\/www.redenoticia.com.br\/noticia\/wp-json\/wp\/v2\/categories?post=31719"},{"taxonomy":"post_tag","embeddable":true,"href":"https:\/\/www.redenoticia.com.br\/noticia\/wp-json\/wp\/v2\/tags?post=31719"}],"curies":[{"name":"wp","href":"https:\/\/api.w.org\/{rel}","templated":true}]}}