{"id":31683,"date":"2010-09-27T11:50:18","date_gmt":"2010-09-27T15:50:18","guid":{"rendered":"http:\/\/www.redenoticia.com.br\/noticia\/?p=31683"},"modified":"2010-09-27T11:50:18","modified_gmt":"2010-09-27T15:50:18","slug":"bombril-aposta-em-campanha-politica-em-seu-novo-anuncio","status":"publish","type":"post","link":"https:\/\/www.redenoticia.com.br\/noticia\/2010\/bombril-aposta-em-campanha-politica-em-seu-novo-anuncio\/31683","title":{"rendered":"Bombril aposta em campanha pol\u00edtica em seu novo an\u00fancio"},"content":{"rendered":"<p><img loading=\"lazy\" decoding=\"async\" class=\"alignleft size-full wp-image-31684\" title=\"candidatos bombril\" src=\"https:\/\/www.redenoticia.com.br\/noticia\/imagens\/candidatos-bombril.jpg\" alt=\"\" width=\"301\" height=\"194\" srcset=\"https:\/\/www.redenoticia.com.br\/noticia\/imagens\/candidatos-bombril.jpg 301w, https:\/\/www.redenoticia.com.br\/noticia\/imagens\/candidatos-bombril-250x161.jpg 250w, https:\/\/www.redenoticia.com.br\/noticia\/imagens\/candidatos-bombril-150x96.jpg 150w\" sizes=\"auto, (max-width: 301px) 100vw, 301px\" \/>A nova campanha publicit\u00e1ria da <strong><em>Bombril<\/em><\/strong>, criada pela WMcCann, novamente  recorre a atualidade dos fatos jornal\u00edsticos para trazer o ator Carlos Moreno  interpretando cada um dos principais <strong><em>presidenci\u00e1veis das Elei\u00e7\u00f5es 2010<\/em><\/strong>.<\/p>\n<p>Vestido e caracterizado de Dilma Rousseff, Pl\u00ednio Sampaio Arruda, Jos\u00e9  Serra e Marina Silva, o garoto Bombril segue a linha do humor para dar gra\u00e7a a  campanha valendo-se da linguagem t\u00edpica das campanhas eleitorais: &#8220;Pesquisas  apontam: 1001% dos brasileiros preferem Bom Bril&#8221;.<\/p>\n<p>O novo an\u00fancio da Bombril come\u00e7ou a ser veiculado no dia 25 de setembro nas  revistas semanais. Tamb\u00e9m ter\u00e1 veicula\u00e7\u00e3o, a partir do dia 29 do mesmo m\u00eas,  pr\u00f3ximo \u00e0 data das elei\u00e7\u00f5es.<\/p>\n<p>A assinatura do an\u00fancio conclui: \u201cSujeira,  n\u00e3o. Bom Bril \u00e9 a solu\u00e7\u00e3o. Para um Brasil limpinho, vote Bom Bril.\u201d<\/p>\n<p>Ficha T\u00e9cnica<\/p>\n<p>T\u00edtulo: Presidenci\u00e1veis<br \/>\nProduto: Bom Bril<\/p>\n<p>Cliente: Bombril<br \/>\nCCO: Washington Olivetto<br \/>\nDiretor de Cria\u00e7\u00e3o: Sergio  Franco<br \/>\nRedator: Sergio Franco<br \/>\nDiretor de Arte: Carlos  Martinez<br \/>\nAtendimento: Ronaldo Gasparini \/ Jorge Maio \/ Tha\u00eds  Ribeiro<br \/>\nAprova\u00e7\u00e3o pelo cliente: Ronaldo Sampaio Ferreira \/ Marcos Scaldelai \/  Marcos Santana<br \/>\nDiretor de Produ\u00e7\u00e3o: Marcelo Hack<br \/>\nProdu\u00e7\u00e3o Gr\u00e1fica: Marcelo  Pinto<br \/>\nGr\u00e1fica: Arizona<br \/>\nRetoque: Arizona<br \/>\nFot\u00f3grafo: Rafael Define<br \/>\nArt  Buyer: Ricardo Livio<br \/>\nM\u00eddia: Fab\u00edola Capote \/ Kelly Ribeiro<br \/>\nData de  Veicula\u00e7\u00e3o: 25\/9\/2010<br \/>\nMeio: Revista<\/p>\n","protected":false},"excerpt":{"rendered":"<p>A nova campanha publicit\u00e1ria da Bombril, criada pela WMcCann, novamente recorre a atualidade dos fatos jornal\u00edsticos para trazer o ator Carlos Moreno interpretando cada um dos principais presidenci\u00e1veis das Elei\u00e7\u00f5es 2010. Vestido e caracterizado de Dilma Rousseff, Pl\u00ednio Sampaio Arruda, Jos\u00e9 Serra e Marina Silva, o garoto Bombril segue a linha do humor para dar [&hellip;]<\/p>\n","protected":false},"author":3,"featured_media":31684,"comment_status":"open","ping_status":"open","sticky":false,"template":"","format":"standard","meta":{"_genesis_hide_title":false,"_genesis_hide_breadcrumbs":false,"_genesis_hide_singular_image":false,"_genesis_hide_footer_widgets":false,"_genesis_custom_body_class":"","_genesis_custom_post_class":"","_genesis_layout":"","_jetpack_memberships_contains_paid_content":false,"footnotes":""},"categories":[22],"tags":[],"class_list":{"0":"post-31683","1":"post","2":"type-post","3":"status-publish","4":"format-standard","5":"has-post-thumbnail","7":"category-brasil","8":"entry","9":"gs-1","10":"gs-odd","11":"gs-even","12":"gs-featured-content-entry"},"jetpack_featured_media_url":"https:\/\/www.redenoticia.com.br\/noticia\/imagens\/candidatos-bombril.jpg","jetpack_sharing_enabled":true,"jetpack_likes_enabled":true,"_links":{"self":[{"href":"https:\/\/www.redenoticia.com.br\/noticia\/wp-json\/wp\/v2\/posts\/31683","targetHints":{"allow":["GET"]}}],"collection":[{"href":"https:\/\/www.redenoticia.com.br\/noticia\/wp-json\/wp\/v2\/posts"}],"about":[{"href":"https:\/\/www.redenoticia.com.br\/noticia\/wp-json\/wp\/v2\/types\/post"}],"author":[{"embeddable":true,"href":"https:\/\/www.redenoticia.com.br\/noticia\/wp-json\/wp\/v2\/users\/3"}],"replies":[{"embeddable":true,"href":"https:\/\/www.redenoticia.com.br\/noticia\/wp-json\/wp\/v2\/comments?post=31683"}],"version-history":[{"count":0,"href":"https:\/\/www.redenoticia.com.br\/noticia\/wp-json\/wp\/v2\/posts\/31683\/revisions"}],"wp:featuredmedia":[{"embeddable":true,"href":"https:\/\/www.redenoticia.com.br\/noticia\/wp-json\/wp\/v2\/media\/31684"}],"wp:attachment":[{"href":"https:\/\/www.redenoticia.com.br\/noticia\/wp-json\/wp\/v2\/media?parent=31683"}],"wp:term":[{"taxonomy":"category","embeddable":true,"href":"https:\/\/www.redenoticia.com.br\/noticia\/wp-json\/wp\/v2\/categories?post=31683"},{"taxonomy":"post_tag","embeddable":true,"href":"https:\/\/www.redenoticia.com.br\/noticia\/wp-json\/wp\/v2\/tags?post=31683"}],"curies":[{"name":"wp","href":"https:\/\/api.w.org\/{rel}","templated":true}]}}