{"id":31679,"date":"2010-09-26T19:14:15","date_gmt":"2010-09-26T23:14:15","guid":{"rendered":"http:\/\/www.redenoticia.com.br\/noticia\/?p=31679"},"modified":"2010-09-27T15:06:50","modified_gmt":"2010-09-27T19:06:50","slug":"meteorologia-%e2%80%93-previsao-do-tempo-para-esta-segunda-feira-2609","status":"publish","type":"post","link":"https:\/\/www.redenoticia.com.br\/noticia\/2010\/meteorologia-%e2%80%93-previsao-do-tempo-para-esta-segunda-feira-2609\/31679","title":{"rendered":"Meteorologia \u2013 previs\u00e3o do tempo para esta segunda-feira (26\/09)"},"content":{"rendered":"<p><img loading=\"lazy\" decoding=\"async\" class=\"alignleft size-full wp-image-28410\" title=\"previsao do tempo temperatura\" src=\"https:\/\/www.redenoticia.com.br\/noticia\/imagens\/previsao-do-tempo-temperatura.jpg\" alt=\"\" width=\"300\" height=\"193\" srcset=\"https:\/\/www.redenoticia.com.br\/noticia\/imagens\/previsao-do-tempo-temperatura.jpg 300w, https:\/\/www.redenoticia.com.br\/noticia\/imagens\/previsao-do-tempo-temperatura-250x160.jpg 250w, https:\/\/www.redenoticia.com.br\/noticia\/imagens\/previsao-do-tempo-temperatura-150x96.jpg 150w\" sizes=\"auto, (max-width: 300px) 100vw, 300px\" \/>Previs\u00e3o do tempo \u2013 a <strong><em>meteorologia<\/em><\/strong> divulgou a <strong><em>previs\u00e3o do tempo<\/em><\/strong> e <strong><em>temperatura<\/em><\/strong> para esta segunda-feira (26\/09) e informa que \u00e1reas de instabilidade ainda dever\u00e3o causar pancadas de chuva em parte de MS, PR, SP, sul de MG e no RJ. Segundo a previs\u00e3o do tempo em algumas localidade poder\u00e1 chover forte, com acumulados significativos de chuva. No leste de SC e do PR o dia ter\u00e1 chuva a qualquer hora. \u00c1reas de instabilidade formadas pelo calor e alta umidade provocar\u00e3o pancadas de chuva, localmente forte, no AM, no AC, em RR, oeste de MT e do PA. Dados da previs\u00e3o do tempo indicam que o dia ter\u00e1 sol com possibilidade de chuva r\u00e1pida no Rec\u00f4ncavo Baiano, no centro de MG e sul do ES. Nas demais \u00e1reas do Brasil o tempo seco e quente predominar\u00e1. A previs\u00e3o do tempo destaca que A temperatura m\u00e1xima estar\u00e1 amena entre SP e sul do RJ devido ao tempo nublado e as chuvas.<\/p>\n<p>Vale do Para\u00edba \u2013 previs\u00e3o do tempo em 27\/09, o dia ser\u00e1 nublado com pancadas de chuva em toda a regi\u00e3o. A chance de acumulados de chuva significativos persiste e a temperatura estar\u00e1 est\u00e1vel.<\/p>\n<p>Regi\u00e3o Centro-Oeste \u2013 previs\u00e3o do tempo em 27\/09\/2010: No sul de MS: muitas nuvens e pancadas de chuva. No sudeste e noroeste de MT e norte de MS: sol entre nuvens e possibilidade de pancadas de chuva. Nas demais \u00e1reas: sol e poucas nuvens. As temperaturas estar\u00e3o est\u00e1veis. Temperatura m\u00e1xima: 41C no sul do MT. Temperatura m\u00ednima: 16C no sudeste do MS.<\/p>\n<p>Regi\u00e3o Nordeste \u2013 previs\u00e3o do tempo em 27\/09\/2010: No Rec\u00f4ncavo Baiano, centro-norte do MA: possibilidade de pancadas de chuva. Nas demais \u00e1reas: predom\u00ednio de sol. Temperaturas est\u00e1veis. Temperatura m\u00e1xima de 38C no norte do PI. Temperatura m\u00ednima de 15C no oeste da BA.<\/p>\n<p>Regi\u00e3o Norte \u2013 previs\u00e3o do tempo em 27\/09\/2010: No TO: sol e poucas nuvens. Nas demais \u00e1reas: sol entre nuvens e pancadas de chuva. Temperaturas elevadas. Temperatura m\u00e1xima: 42C no sudeste do AM. Temperatura m\u00ednima: 18C no sudeste do PA.<\/p>\n<p>Regi\u00e3o Sudeste \u2013 previs\u00e3o do tempo em 27\/09\/2010: No norte de MG: predom\u00ednio de sol. Na faixa entre o Tri\u00e2ngulo Mineiro e norte do ES: varia\u00e7\u00e3o de nebulosidade. Nas demais \u00e1reas muitas nuvens e pancadas de chuva. Temperaturas est\u00e1veis. Temperatura m\u00e1xima de 38C no Tri\u00e2ngulo Mineiro. Temperatura m\u00ednima de 10C Campos do Jord\u00e3o.<\/p>\n<p>Regi\u00e3o Sul \u2013 previs\u00e3o do tempo em 27\/09\/2010: No centro do RS: sol com varia\u00e7\u00e3o de nebulosidade. Na faixa litor\u00e2nea entre o RS e o PR: muitas nuvens com chuva e chuvas isoladas. No norte do PR: muitas nuvens e pancadas de chuva. Nas demais \u00e1reas: sol com varia\u00e7\u00e3o de nebulosidade e pancadas de chuva no per\u00edodo da tarde. Temperaturas est\u00e1veis. Temperatura m\u00e1xima de 34C no extremo-noroeste do PR. Temperatura m\u00ednima de 6C nas regi\u00f5es de serra do RS e de SC.<\/p>\n<p>Previs\u00e3o do tempo e temperatura CPTEC<\/p>\n","protected":false},"excerpt":{"rendered":"<p>Previs\u00e3o do tempo \u2013 a meteorologia divulgou a previs\u00e3o do tempo e temperatura para esta segunda-feira (26\/09) e informa que \u00e1reas de instabilidade ainda dever\u00e3o causar pancadas de chuva em parte de MS, PR, SP, sul de MG e no RJ. Segundo a previs\u00e3o do tempo em algumas localidade poder\u00e1 chover forte, com acumulados significativos [&hellip;]<\/p>\n","protected":false},"author":3,"featured_media":28410,"comment_status":"open","ping_status":"open","sticky":false,"template":"","format":"standard","meta":{"_genesis_hide_title":false,"_genesis_hide_breadcrumbs":false,"_genesis_hide_singular_image":false,"_genesis_hide_footer_widgets":false,"_genesis_custom_body_class":"","_genesis_custom_post_class":"","_genesis_layout":"","_jetpack_memberships_contains_paid_content":false,"footnotes":""},"categories":[22],"tags":[],"class_list":{"0":"post-31679","1":"post","2":"type-post","3":"status-publish","4":"format-standard","5":"has-post-thumbnail","7":"category-brasil","8":"entry","9":"gs-1","10":"gs-odd","11":"gs-even","12":"gs-featured-content-entry"},"jetpack_featured_media_url":"https:\/\/www.redenoticia.com.br\/noticia\/imagens\/previsao-do-tempo-temperatura.jpg","jetpack_sharing_enabled":true,"jetpack_likes_enabled":true,"_links":{"self":[{"href":"https:\/\/www.redenoticia.com.br\/noticia\/wp-json\/wp\/v2\/posts\/31679","targetHints":{"allow":["GET"]}}],"collection":[{"href":"https:\/\/www.redenoticia.com.br\/noticia\/wp-json\/wp\/v2\/posts"}],"about":[{"href":"https:\/\/www.redenoticia.com.br\/noticia\/wp-json\/wp\/v2\/types\/post"}],"author":[{"embeddable":true,"href":"https:\/\/www.redenoticia.com.br\/noticia\/wp-json\/wp\/v2\/users\/3"}],"replies":[{"embeddable":true,"href":"https:\/\/www.redenoticia.com.br\/noticia\/wp-json\/wp\/v2\/comments?post=31679"}],"version-history":[{"count":0,"href":"https:\/\/www.redenoticia.com.br\/noticia\/wp-json\/wp\/v2\/posts\/31679\/revisions"}],"wp:featuredmedia":[{"embeddable":true,"href":"https:\/\/www.redenoticia.com.br\/noticia\/wp-json\/wp\/v2\/media\/28410"}],"wp:attachment":[{"href":"https:\/\/www.redenoticia.com.br\/noticia\/wp-json\/wp\/v2\/media?parent=31679"}],"wp:term":[{"taxonomy":"category","embeddable":true,"href":"https:\/\/www.redenoticia.com.br\/noticia\/wp-json\/wp\/v2\/categories?post=31679"},{"taxonomy":"post_tag","embeddable":true,"href":"https:\/\/www.redenoticia.com.br\/noticia\/wp-json\/wp\/v2\/tags?post=31679"}],"curies":[{"name":"wp","href":"https:\/\/api.w.org\/{rel}","templated":true}]}}