{"id":31621,"date":"2010-09-23T15:55:07","date_gmt":"2010-09-23T19:55:07","guid":{"rendered":"http:\/\/www.redenoticia.com.br\/noticia\/?p=31621"},"modified":"2010-09-23T15:55:07","modified_gmt":"2010-09-23T19:55:07","slug":"%e2%80%9clula-o-filho-do-brasil%e2%80%9d-e-escolhido-para-concorrer-a-indicacao-ao-oscar-2011","status":"publish","type":"post","link":"https:\/\/www.redenoticia.com.br\/noticia\/2010\/%e2%80%9clula-o-filho-do-brasil%e2%80%9d-e-escolhido-para-concorrer-a-indicacao-ao-oscar-2011\/31621","title":{"rendered":"\u201cLula, o Filho do Brasil\u201d \u00e9 escolhido para concorrer \u00e0 indica\u00e7\u00e3o ao Oscar 2011"},"content":{"rendered":"<p><em>Pela primeira vez, Comiss\u00e3o de Sele\u00e7\u00e3o \u00e9 ampliada para incluir representantes indicados pela sociedade civil<\/em><\/p>\n<p>Bras\u00edlia, 23 de setembro de 2010\u00a0\u2013 O presidente da Academia Brasileira de Cinema, Roberto Farias, anunciou que, por opini\u00e3o un\u00e2nime da Comiss\u00e3o de Sele\u00e7\u00e3o, o longa-metragem \u201cLula, o Filho do Brasil\u201d (dir. F\u00e1bio Barreto; Brasil, 2009) vai concorrer a uma indica\u00e7\u00e3o \u00e0 categoria Melhor Filme em L\u00edngua Estrangeira na 83\u00aa Premia\u00e7\u00e3o Anual promovida pela Academy of Motion Picture Arts and Sciences -Oscar 2011. A decis\u00e3o foi divulgada no final da manh\u00e3 desta quinta-feira (23), na Cinemateca Brasileira, em S\u00e3o Paulo.<\/p>\n<p>\u201cVotamos no filme que nos pareceu mais bem feito, que honra a cinematografia brasileira e tem como atriz Gl\u00f3ria Pires, que se torna uma excelente candidata ao pr\u00eamio de Melhor Atriz\u201d, explicou Roberto Farias. \u201cNossa posi\u00e7\u00e3o n\u00e3o tem nenhuma liga\u00e7\u00e3o pol\u00edtica. Lula \u00e9 uma estrela aqui e fora daqui, internacionalmente conhecida\u201d, completou.<\/p>\n<p>Agora, o filme concorrer\u00e1 com produ\u00e7\u00f5es de mais de 95 pa\u00edses \u00e0 indica\u00e7\u00e3o final. Os cinco longas selecionados para concorrer ao Pr\u00eamio de Melhor Filme em L\u00edngua Estrangeira ser\u00e3o anunciados em 25 de janeiro do pr\u00f3ximo ano. A cerim\u00f4nia de premia\u00e7\u00e3o ser\u00e1 realizada no dia 27 de fevereiro de 2011.<\/p>\n<p>Ao todo, 23 filmes brasileiros disputaram a chance para tentar uma vaga em um dos pr\u00eamios mais cobi\u00e7ados da s\u00e9tima arte foram: \u201cA Suprema Felicidade\u201d, \u201cAntes que o Mundo Acabe\u201d, \u201cAs Melhores Coisas do Mundo\u201d, \u201cBr\u00f3der\u201d, \u201cCarregadoras de Sonhos\u201d, \u201cCabe\u00e7a a Pr\u00eamio\u201d, \u201cCinco Vezes Favela &#8211; Agora Por N\u00f3s Mesmos\u201d, \u201cChico Xavier\u201d, \u201c\u00c9 Proibido Fumar\u201d, \u201cEm Teu Nome\u201d, \u201cHotel Atl\u00e2ntico\u201d, \u201cLula, o Filho do Brasil\u201d, \u201cNosso Lar\u201d, \u201cO Bem Amado\u201d, \u201cO Gr\u00e3o\u201d, \u201cOlhos Azuis\u201d, \u201cOs Inquilinos\u201d, \u201cOs Famosos e os Duendes da Morte\u201d, \u201cOuro Negro\u201d, \u201cQuincas Berro D\u2019\u00e1gua\u201d, \u201cReflex\u00f5es de um Liquidificador\u201d, \u201cSonhos Roubados\u201d e \u201cUtopia e Barb\u00e1rie\u201d.<\/p>\n<p><strong>Comiss\u00e3o de Sele\u00e7\u00e3o<\/strong><\/p>\n<p>Este ano, pela primeira vez, a Comiss\u00e3o de Sele\u00e7\u00e3o foi ampliada e o Minist\u00e9rio da Cultura n\u00e3o foi a \u00fanica institui\u00e7\u00e3o a indicar os membros dessa comiss\u00e3o que escolheu o concorrente brasileiro. O grupo \u00e9 composto por nove representantes, indicados pela Academia Brasileira de Cinema (ABC), Ag\u00eancia Nacional de Cinema (Ancine) e pelo Minist\u00e9rio da Cultura (MinC). Veja a lista:<\/p>\n<table border=\"0\" cellspacing=\"0\" cellpadding=\"0\" align=\"left\">\n<tbody>\n<tr>\n<td width=\"151\" valign=\"top\">Nome<\/td>\n<td width=\"276\" valign=\"top\">Perfil<\/td>\n<td width=\"149\" valign=\"top\">Indicado (a) por<\/td>\n<\/tr>\n<tr>\n<td width=\"151\" valign=\"top\">Roberto Farias<\/td>\n<td width=\"276\" valign=\"top\">Cineasta, presidente da   Academia Brasileira de Cinema<\/td>\n<td width=\"149\" valign=\"top\">ABC<\/td>\n<\/tr>\n<tr>\n<td width=\"151\" valign=\"top\">Cl\u00e9lia Bessa<\/td>\n<td width=\"276\" valign=\"top\">Produtora de cinema e   professora da PUC-RJ<\/td>\n<td width=\"149\" valign=\"top\">ABC<\/td>\n<\/tr>\n<tr>\n<td width=\"151\" valign=\"top\">Elisa Tolomelli<\/td>\n<td width=\"276\" valign=\"top\">Produtora, diretora e   roteirista de cinema<\/td>\n<td width=\"149\" valign=\"top\">ABC<\/td>\n<\/tr>\n<tr>\n<td width=\"151\" valign=\"top\">Mariza Le\u00e3o Salles de   Rezende<\/td>\n<td width=\"276\" valign=\"top\">Produtora de cinema e   presidente do Sindicato Interestadual da Ind\u00fastria do Audiovisual do Rio de   Janeiro (SICAV)<\/td>\n<td width=\"149\" valign=\"top\">ABC<\/td>\n<\/tr>\n<tr>\n<td width=\"151\" valign=\"top\">Leon Cakoff<\/td>\n<td width=\"276\" valign=\"top\">Cr\u00edtico de cinema, criador e   diretor da Mostra Internacional de Cinema de S\u00e3o Paulo<\/td>\n<td width=\"149\" valign=\"top\">Ancine<\/td>\n<\/tr>\n<tr>\n<td width=\"151\" valign=\"top\">M\u00e1rcia Lellis de Souza   Amaral (Tata Amaral)<\/td>\n<td width=\"276\" valign=\"top\">Cineasta<\/td>\n<td width=\"149\" valign=\"top\">Ancine<\/td>\n<\/tr>\n<tr>\n<td width=\"151\" valign=\"top\">C\u00e1ssio Henrique Starling   Carlos<\/td>\n<td width=\"276\" valign=\"top\">Jornalista e cr\u00edtico de   cinema<\/td>\n<td width=\"149\" valign=\"top\">MinC<\/td>\n<\/tr>\n<tr>\n<td width=\"151\" valign=\"top\">Frederico Hermann Barbosa   Maia<\/td>\n<td width=\"276\" valign=\"top\">Assessor do Minist\u00e9rio da   Cultura<\/td>\n<td width=\"149\" valign=\"top\">MinC<\/td>\n<\/tr>\n<tr>\n<td width=\"151\" valign=\"top\">Jean Claude Bernardet<\/td>\n<td width=\"276\" valign=\"top\">Cineasta, cr\u00edtico   cinematogr\u00e1fico, escritor, te\u00f3rico e professor da UnB e da USP<\/td>\n<td width=\"149\" valign=\"top\">MinC<\/td>\n<\/tr>\n<\/tbody>\n<\/table>\n<p><strong>Lula \u2013 o Filho do Brasil<\/strong><\/p>\n<p>Lan\u00e7ado oficialmente no dia 1\u00ba de janeiro de 2010, o filme conta a trajet\u00f3ria pessoal do presidente Luiz In\u00e1cio Lula da Silva (Rui Ricardo Diaz) desde seu nascimento, em 1945, quando, no sert\u00e3o pernambucano, Dona Lindu (Gl\u00f3ria Pires), uma mulher simples e de fortes valores morais, d\u00e1 \u00e0 luz o seu s\u00e9timo filho, Luiz In\u00e1cio da Silva, e enfrenta o abandono do marido e as dificuldades de criar seus filhos sozinha na \u201ccidade grande\u201d. Em 1980, Lula se torna o maior l\u00edder sindical do pa\u00eds e emerge como uma for\u00e7a pol\u00edtica renovadora. Uma vida marcada por dificuldades, perdas e uma not\u00e1vel capacidade de supera\u00e7\u00e3o.<\/p>\n<p>&#8220;Lula, o Filho do Brasil&#8221; conta a saga da fam\u00edlia Silva, semelhante a de tantas outras fam\u00edlias Silva do Brasil. Ainda no elenco: Cl\u00e9o Pires (no papel de Lurdes), Juliana Baroni (Marisa Let\u00edcia), Milhem Cortaz (Aristides), Luc\u00e9lia Santos (Professora) e Ant\u00f4nio Pitanga (Seu Crist\u00f3v\u00e3o), entre outros.<\/p>\n","protected":false},"excerpt":{"rendered":"<p>Pela primeira vez, Comiss\u00e3o de Sele\u00e7\u00e3o \u00e9 ampliada para incluir representantes indicados pela sociedade civil Bras\u00edlia, 23 de setembro de 2010\u00a0\u2013 O presidente da Academia Brasileira de Cinema, Roberto Farias, anunciou que, por opini\u00e3o un\u00e2nime da Comiss\u00e3o de Sele\u00e7\u00e3o, o longa-metragem \u201cLula, o Filho do Brasil\u201d (dir. F\u00e1bio Barreto; Brasil, 2009) vai concorrer a uma [&hellip;]<\/p>\n","protected":false},"author":2,"featured_media":0,"comment_status":"open","ping_status":"open","sticky":false,"template":"","format":"standard","meta":{"_genesis_hide_title":false,"_genesis_hide_breadcrumbs":false,"_genesis_hide_singular_image":false,"_genesis_hide_footer_widgets":false,"_genesis_custom_body_class":"","_genesis_custom_post_class":"","_genesis_layout":"","_jetpack_memberships_contains_paid_content":false,"footnotes":""},"categories":[22],"tags":[],"class_list":{"0":"post-31621","1":"post","2":"type-post","3":"status-publish","4":"format-standard","6":"category-brasil","7":"entry","8":"gs-1","9":"gs-odd","10":"gs-even","11":"gs-featured-content-entry"},"jetpack_featured_media_url":"","jetpack_sharing_enabled":true,"jetpack_likes_enabled":true,"_links":{"self":[{"href":"https:\/\/www.redenoticia.com.br\/noticia\/wp-json\/wp\/v2\/posts\/31621","targetHints":{"allow":["GET"]}}],"collection":[{"href":"https:\/\/www.redenoticia.com.br\/noticia\/wp-json\/wp\/v2\/posts"}],"about":[{"href":"https:\/\/www.redenoticia.com.br\/noticia\/wp-json\/wp\/v2\/types\/post"}],"author":[{"embeddable":true,"href":"https:\/\/www.redenoticia.com.br\/noticia\/wp-json\/wp\/v2\/users\/2"}],"replies":[{"embeddable":true,"href":"https:\/\/www.redenoticia.com.br\/noticia\/wp-json\/wp\/v2\/comments?post=31621"}],"version-history":[{"count":0,"href":"https:\/\/www.redenoticia.com.br\/noticia\/wp-json\/wp\/v2\/posts\/31621\/revisions"}],"wp:attachment":[{"href":"https:\/\/www.redenoticia.com.br\/noticia\/wp-json\/wp\/v2\/media?parent=31621"}],"wp:term":[{"taxonomy":"category","embeddable":true,"href":"https:\/\/www.redenoticia.com.br\/noticia\/wp-json\/wp\/v2\/categories?post=31621"},{"taxonomy":"post_tag","embeddable":true,"href":"https:\/\/www.redenoticia.com.br\/noticia\/wp-json\/wp\/v2\/tags?post=31621"}],"curies":[{"name":"wp","href":"https:\/\/api.w.org\/{rel}","templated":true}]}}