{"id":31597,"date":"2010-09-23T11:23:07","date_gmt":"2010-09-23T15:23:07","guid":{"rendered":"http:\/\/www.redenoticia.com.br\/noticia\/?p=31597"},"modified":"2010-09-23T11:23:07","modified_gmt":"2010-09-23T15:23:07","slug":"sao-paulo-oferece-servicos-de-concierge","status":"publish","type":"post","link":"https:\/\/www.redenoticia.com.br\/noticia\/2010\/sao-paulo-oferece-servicos-de-concierge\/31597","title":{"rendered":"S\u00e3o Paulo oferece servi\u00e7os de Conci\u00e8rge"},"content":{"rendered":"<p>Os turistas que visitam a cidade de <strong><em>S\u00e3o Paulo <\/em><\/strong>acabam de ganhar mais um balc\u00e3o  de <strong><em>Conci\u00e8rge<\/em><\/strong>. O espa\u00e7o, instalado no Shopping Frei Caneca, oferece atendimento  aos visitantes por meio de profissionais bil\u00edng\u00fce, que informam os principais  servi\u00e7os da cidade, facilitando os passeios ou viagens a neg\u00f3cios. No balc\u00e3o s\u00e3o  fornecidas dicas sobre loca\u00e7\u00e3o de ve\u00edculos, venda de ingressos para teatro e  cinema, city-tour, transfer, fretamento, loca\u00e7\u00e3o de vans, informa\u00e7\u00f5es sobre as  lojas do shopping (localiza\u00e7\u00e3o, telefone e mix de produtos) e outros dados  tur\u00edsticos em geral.<\/p>\n<p>O Conci\u00e8rge da Circuito S\u00e3o Paulo tamb\u00e9m \u00e9 ponto de encontro e partida para  grandes eventos e shows na capital. O visitante ou paulistano tem a comodidade  de deixar seu carro no Shopping Frei Caneca e ir a um show com ve\u00edculos da  pr\u00f3pria central, por meio de um pacote com transfer, ingresso e receptivo.<\/p>\n<p>De acordo com Simone Castelli, gerente de marketing do Shopping Frei Caneca,  a localiza\u00e7\u00e3o do empreendimento \u00e9 um fator muito importante na recep\u00e7\u00e3o de  milhares de turistas, provenientes de diversas regi\u00f5es do Brasil e do mundo.  \u201cQuem ganha com a nossa Central \u00e9 a cidade de S\u00e3o Paulo. Estamos situados  pr\u00f3ximo \u00e0 Avenida Paulista, uma das regi\u00f5es com maior concentra\u00e7\u00e3o econ\u00f4mica,  cultural e tur\u00edstica do pa\u00eds\u201d.<\/p>\n<p>O balc\u00e3o de informa\u00e7\u00f5es funciona diariamente. De segunda a s\u00e1bado, das 10h00  \u00e0s 22h00. Domingos e feriados, das 14H00 \u00e0s 20h00. O Shopping Frei Caneca fica  na Rua Frei Caneca, 569 \u2013 Cerqueira C\u00e9sar.<\/p>\n","protected":false},"excerpt":{"rendered":"<p>Os turistas que visitam a cidade de S\u00e3o Paulo acabam de ganhar mais um balc\u00e3o de Conci\u00e8rge. O espa\u00e7o, instalado no Shopping Frei Caneca, oferece atendimento aos visitantes por meio de profissionais bil\u00edng\u00fce, que informam os principais servi\u00e7os da cidade, facilitando os passeios ou viagens a neg\u00f3cios. No balc\u00e3o s\u00e3o fornecidas dicas sobre loca\u00e7\u00e3o de [&hellip;]<\/p>\n","protected":false},"author":3,"featured_media":0,"comment_status":"open","ping_status":"open","sticky":false,"template":"","format":"standard","meta":{"_genesis_hide_title":false,"_genesis_hide_breadcrumbs":false,"_genesis_hide_singular_image":false,"_genesis_hide_footer_widgets":false,"_genesis_custom_body_class":"","_genesis_custom_post_class":"","_genesis_layout":"","_jetpack_memberships_contains_paid_content":false,"footnotes":""},"categories":[22],"tags":[],"class_list":{"0":"post-31597","1":"post","2":"type-post","3":"status-publish","4":"format-standard","6":"category-brasil","7":"entry","8":"gs-1","9":"gs-odd","10":"gs-even","11":"gs-featured-content-entry"},"jetpack_featured_media_url":"","jetpack_sharing_enabled":true,"jetpack_likes_enabled":true,"_links":{"self":[{"href":"https:\/\/www.redenoticia.com.br\/noticia\/wp-json\/wp\/v2\/posts\/31597","targetHints":{"allow":["GET"]}}],"collection":[{"href":"https:\/\/www.redenoticia.com.br\/noticia\/wp-json\/wp\/v2\/posts"}],"about":[{"href":"https:\/\/www.redenoticia.com.br\/noticia\/wp-json\/wp\/v2\/types\/post"}],"author":[{"embeddable":true,"href":"https:\/\/www.redenoticia.com.br\/noticia\/wp-json\/wp\/v2\/users\/3"}],"replies":[{"embeddable":true,"href":"https:\/\/www.redenoticia.com.br\/noticia\/wp-json\/wp\/v2\/comments?post=31597"}],"version-history":[{"count":0,"href":"https:\/\/www.redenoticia.com.br\/noticia\/wp-json\/wp\/v2\/posts\/31597\/revisions"}],"wp:attachment":[{"href":"https:\/\/www.redenoticia.com.br\/noticia\/wp-json\/wp\/v2\/media?parent=31597"}],"wp:term":[{"taxonomy":"category","embeddable":true,"href":"https:\/\/www.redenoticia.com.br\/noticia\/wp-json\/wp\/v2\/categories?post=31597"},{"taxonomy":"post_tag","embeddable":true,"href":"https:\/\/www.redenoticia.com.br\/noticia\/wp-json\/wp\/v2\/tags?post=31597"}],"curies":[{"name":"wp","href":"https:\/\/api.w.org\/{rel}","templated":true}]}}