{"id":31596,"date":"2010-09-23T11:17:13","date_gmt":"2010-09-23T15:17:13","guid":{"rendered":"http:\/\/www.redenoticia.com.br\/noticia\/?p=31596"},"modified":"2010-09-23T11:17:13","modified_gmt":"2010-09-23T15:17:13","slug":"contagem-regressiva-do-rock","status":"publish","type":"post","link":"https:\/\/www.redenoticia.com.br\/noticia\/2010\/contagem-regressiva-do-rock\/31596","title":{"rendered":"Contagem regressiva do Rock"},"content":{"rendered":"<p>Come\u00e7a hoje a contagem regressiva oficial do <strong><em>Rock in Rio<\/em><\/strong>. Faltam 365 dias  para o maior festival de m\u00fasica do mundo abrir suas portas na nova Cidade do  Rock, na Barra da Tijuca, e a produ\u00e7\u00e3o j\u00e1 trabalha a todo vapor. Hoje s\u00e3o mais  de 50 pessoas na equipe e este n\u00famero ultrapassa 400 pr\u00f3ximo ao evento. Para  Roberto Medina, este c\u00e1lculo \u00e9 impressionante visto que, em 1985, apenas tr\u00eas  pessoas atuavam na produ\u00e7\u00e3o. No total, o Rock in Rio gera mais de 3 mil empregos  diretos. Ap\u00f3s 10 anos longe do pa\u00eds, no dia 23 de setembro de 2011, o p\u00fablico  ter\u00e1 uma nova experi\u00eancia, que alia m\u00fasica ao entretenimento de um parque de  divers\u00f5es.<\/p>\n<p>Sobre o Rock in Rio<\/p>\n<p>O Rock in Rio \u00e9 o maior evento de m\u00fasica e entretenimento de todos os tempos,  contando com nove edi\u00e7\u00f5es realizadas no Brasil, Portugal e Espanha. O festival  reuniu mais de 5 milh\u00f5es de pessoas, que aplaudiram ao vivo 656 bandas. Foram  mais de 780 horas de m\u00fasica com transmiss\u00e3o para mais de 1 bilh\u00e3o de  telespectadores em 80 pa\u00edses. Utilizando a m\u00fasica como linguagem universal que  une as pessoas em todo o mundo, o Rock in Rio \u00e9 um ve\u00edculo de comunica\u00e7\u00e3o de  emo\u00e7\u00f5es.<\/p>\n<p>Um dos seus pilares \u00e9 o Projeto Social. Lan\u00e7ado em 2001, no Rio de Janeiro, o  projeto POR UM MUNDO MELHOR nasceu para, por meio da m\u00fasica, mostrar que  pequenas mudan\u00e7as de atitude do dia a dia t\u00eam um grande impacto sobre o futuro  do planeta. Em sete edi\u00e7\u00f5es, ao longo dos \u00faltimos 10 anos, milhares de pessoas  no Brasil, em Portugal, na Espanha e em diversos outros pa\u00edses, foram  beneficiadas pelas doa\u00e7\u00f5es provenientes das vendas de bilhetes do evento e das  a\u00e7\u00f5es promovidas pelos parceiros, que hoje somam mais de quase cinco milh\u00f5es de  euros. Em 2008 e 2010, por exemplo, o Rock in Rio Madri investiu cerca de 1.3  milh\u00f5es de euros no plantio de \u00e1rvores, no Projeto Carbono Zero, em a\u00e7\u00f5es de  conscientiza\u00e7\u00e3o sobre as altera\u00e7\u00f5es clim\u00e1ticas e na oferta gratuita de  transporte p\u00fablico para todos os assistentes do evento \u2014 garantindo a redu\u00e7\u00e3o de  toneladas de CO2 para a atmosfera.<\/p>\n<p>O festival acontece nos dias 23, 24, 25 e 30 de Setembro e 01 e 02 de  Outubro de 2011 no Parque Ol\u00edmpico Cidade do Rock, na Barra da Tijuca, Rio de  Janeiro.<\/p>\n","protected":false},"excerpt":{"rendered":"<p>Come\u00e7a hoje a contagem regressiva oficial do Rock in Rio. Faltam 365 dias para o maior festival de m\u00fasica do mundo abrir suas portas na nova Cidade do Rock, na Barra da Tijuca, e a produ\u00e7\u00e3o j\u00e1 trabalha a todo vapor. Hoje s\u00e3o mais de 50 pessoas na equipe e este n\u00famero ultrapassa 400 pr\u00f3ximo [&hellip;]<\/p>\n","protected":false},"author":3,"featured_media":0,"comment_status":"open","ping_status":"open","sticky":false,"template":"","format":"standard","meta":{"_genesis_hide_title":false,"_genesis_hide_breadcrumbs":false,"_genesis_hide_singular_image":false,"_genesis_hide_footer_widgets":false,"_genesis_custom_body_class":"","_genesis_custom_post_class":"","_genesis_layout":"","_jetpack_memberships_contains_paid_content":false,"footnotes":""},"categories":[22],"tags":[],"class_list":{"0":"post-31596","1":"post","2":"type-post","3":"status-publish","4":"format-standard","6":"category-brasil","7":"entry","8":"gs-1","9":"gs-odd","10":"gs-even","11":"gs-featured-content-entry"},"jetpack_featured_media_url":"","jetpack_sharing_enabled":true,"jetpack_likes_enabled":true,"_links":{"self":[{"href":"https:\/\/www.redenoticia.com.br\/noticia\/wp-json\/wp\/v2\/posts\/31596","targetHints":{"allow":["GET"]}}],"collection":[{"href":"https:\/\/www.redenoticia.com.br\/noticia\/wp-json\/wp\/v2\/posts"}],"about":[{"href":"https:\/\/www.redenoticia.com.br\/noticia\/wp-json\/wp\/v2\/types\/post"}],"author":[{"embeddable":true,"href":"https:\/\/www.redenoticia.com.br\/noticia\/wp-json\/wp\/v2\/users\/3"}],"replies":[{"embeddable":true,"href":"https:\/\/www.redenoticia.com.br\/noticia\/wp-json\/wp\/v2\/comments?post=31596"}],"version-history":[{"count":0,"href":"https:\/\/www.redenoticia.com.br\/noticia\/wp-json\/wp\/v2\/posts\/31596\/revisions"}],"wp:attachment":[{"href":"https:\/\/www.redenoticia.com.br\/noticia\/wp-json\/wp\/v2\/media?parent=31596"}],"wp:term":[{"taxonomy":"category","embeddable":true,"href":"https:\/\/www.redenoticia.com.br\/noticia\/wp-json\/wp\/v2\/categories?post=31596"},{"taxonomy":"post_tag","embeddable":true,"href":"https:\/\/www.redenoticia.com.br\/noticia\/wp-json\/wp\/v2\/tags?post=31596"}],"curies":[{"name":"wp","href":"https:\/\/api.w.org\/{rel}","templated":true}]}}