{"id":31589,"date":"2010-09-22T18:03:21","date_gmt":"2010-09-22T22:03:21","guid":{"rendered":"http:\/\/www.redenoticia.com.br\/noticia\/?p=31589"},"modified":"2010-09-22T18:03:21","modified_gmt":"2010-09-22T22:03:21","slug":"agenda-do-oscar-fashion-days-2010","status":"publish","type":"post","link":"https:\/\/www.redenoticia.com.br\/noticia\/2010\/agenda-do-oscar-fashion-days-2010\/31589","title":{"rendered":"Agenda do Oscar Fashion Days 2010"},"content":{"rendered":"<p>Inova\u00e7\u00e3o \u2013 \u00e9 com esta proposta que desde o ano 2000 o <strong><em>Oscar  Fashion Days<\/em><\/strong> \u00e9 realizado e celebra entre os dias 22 a 25 de setembro 10 anos de  evento. Durante toda a d\u00e9cada, colocar o consumidor final diretamente em contato  com os principais formadores de opini\u00e3o em moda e comportamento sempre foi  prioridade. \u201cNosso desafio sempre foi levar informa\u00e7\u00e3o de moda ao consumidor  final, por meio de desfiles e a\u00e7\u00f5es de encantamento. Democratizar a moda e  reduzir a dist\u00e2ncia que existe entre ela o quem realmente consome moda\u201d, conta  Oscar Constantino, idealizador do Oscar Fashion Days e diretor do Grupo Oscar  Cal\u00e7ados, realizador do evento.<\/p>\n<p>Compartilhando o mesmo conceito, as principais marcas de cal\u00e7ados e  acess\u00f3rios investem sua participa\u00e7\u00e3o no Oscar Fashion Days, constatando durante  os desfiles e nos lounges interativos o impacto que \u00e9 levar informa\u00e7\u00e3o de moda  ao consumidor final. \u201cEste evento \u00e9 incr\u00edvel para encantar o p\u00fablico e levar  nossa mensagem a ele, participamos desde as primeiras edi\u00e7\u00f5es\u201d conta Teddy Paez,  diretor de marketing da Victor Hugo.<\/p>\n<p>Nos bastidores do evento, Max Blum assina a dire\u00e7\u00e3o musical, Zuel Ferreira e  Juliano Pessoa o styling, equipe Carlos Carrasco o make up, Ivan Almeida a  dire\u00e7\u00e3o art\u00edstica e Alvaro Mirapalheta a coordena\u00e7\u00e3o geral. \u201cEm nenhum outro  evento de moda brasileiro voc\u00ea tem a oportunidade de vivenciar um desfile de  Adidas, Nike, Umbro, Olympikus, Havaianas e outras marcas que integram nosso  line up\u201d, conta Alvaro.<\/p>\n<p>Nesta 10\u00aa edi\u00e7\u00e3o, trinta marcas de cal\u00e7ados, roupas e acess\u00f3rios apresentar\u00e3o  seus lan\u00e7amentos para o Ver\u00e3o 2011 \u2013 algumas delas em desfiles exclusivos, nunca  vistos em passarelas brasileiras. S\u00e3o elas: Mormaii, Via Uno, Umbro, Bottero,  Havaianas, Damyller, Victor Hugo, Naturezza, Everlast, Azal\u00e9ia, Nike, Arezzo,  Sckechers, Via Marte, Olympikus, Ramarim, Ferracini, Adidas, Pernambucanas,  Grendha Ivete Sangalo, Grendha Carolina Dieckman, Werner, Fila, Essencial,  Cavalera, DTA, Pliss\u00ea, C2, Vizzano, Constantino, Moleca e Reebok.<\/p>\n<p>Chilli Beans, Tryon, Umbro, Adidas, Reebok, Olympikus, Fila, Skechers,  Pernambucanas, Vult Cosm\u00e9ticos, entre outros, ter\u00e3o lounges interativos abertos  ao p\u00fablico com diferentes a\u00e7\u00f5es preparadas especialmente para os esperados 20  mil visitantes. \u201cNossos desfiles tem capacidade para dois mil convidados, mas os  visitantes poder\u00e3o conferir tamb\u00e9m os lan\u00e7amentos para o Ver\u00e3o 2011 em lounges  assinados pelas marcas participantes e nos tel\u00f5es externos\u201d, conta Alvaro  Mirapalheta.<\/p>\n<p>Uma das a\u00e7\u00f5es interativas dirigidas aos visitantes ser\u00e1 a palestra da  figurinista Mar\u00edlia Carneiro, que assina o figurino da novela global TiTiTi.  Mar\u00edlia falar\u00e1 a 400 pessoas no dia 25 de setembro sobre a identifica\u00e7\u00e3o das  tend\u00eancias de moda entre os personagens das novelas, indicando na pr\u00e1tica a  adapta\u00e7\u00e3o do uso de looks de acordo com o estilo de cada um.<\/p>\n<p>Patrocinam o evento Redecard, Hotel Faro e Uniodonto. S\u00e3o apoiadores do Oscar  Fashion Days 2010 Amazonas, Chilli Beans, Colinas Ve\u00edculos, Eclatt, GPM,  Houston, Jacare\u00ed Shopping Center, Leandro Peinado, NA, OnFit, Vera Parodi, Vult  Cosm\u00e9tica, Rossi, Unimed, Minalba, Night Power, Rochinha, Leve N\u00e9ctar e IPod  Solu\u00e7\u00f5es para Eventos.<\/p>\n<p>35 Estrelas<\/p>\n<p>Um time de 35 famosos ir\u00e1 real\u00e7ar o brilho da 10\u00aa edi\u00e7\u00e3o do Oscar Fashion.  Durante uma d\u00e9cada mais de 180 famosos j\u00e1 desfilaram no Oscar Fashion Days \u2013 e  voltaram \u2013 declarando carinho ao evento e a quem est\u00e1 sentado nas cadeiras,  durante o desfile. \u00c9 o caso de Malvino Salvador, que pelo 4\u00ba ano estar\u00e1 na  passarela do OFD e no ano passado declarou na ultima edi\u00e7\u00e3o \u201c&#8230; ser uma  experi\u00eancia \u00fanica e intensa de troca entre eu e quem est\u00e1 do outro lado das  telinhas\u201d. Reynaldo Gianechini, Sabrina Sato, Aline Moraes, Dado Dolabela e  tantos outros j\u00e1 levaram sua simpatia e energia ao Oscar Fashion Days. Confira  abaixo as estrelas desta 10\u00aa edi\u00e7\u00e3o:<\/p>\n<p>23 DE SETEMBRO<\/p>\n<p>* 20 horas<\/p>\n<p>* Mormaii &#8211; Caco Ricci<\/p>\n<p>* Via Uno \u2013 Sophie Charlotte<\/p>\n<p>* Umbro \u2013 Ricardo Ciciliano<\/p>\n<p>* Bottero \u2013 Adriane Biroli<\/p>\n<p>* Havaianas \u2013 Daniel Oliveira<\/p>\n<p>22 horas<\/p>\n<p>* Damyller \u2013 Rodrigo Hilbert<\/p>\n<p>* Victor Hugo \u2013 Gianne Albertoni<\/p>\n<p>* Naturezza \u2013 Sheron Menezes<\/p>\n<p>* Everlast \u2013 Malvino Salvador<\/p>\n<p>* Azal\u00e9ia \u2013 Grazzi Massafera<\/p>\n<p>24 DE SETEMBRO<\/p>\n<p>20 horas<\/p>\n<p>* Essencial\/ DTA<\/p>\n<p>* Nike \u2013 Rafael Cardoso<\/p>\n<p>* Arezzo \u2013 Fernanda BBB<\/p>\n<p>* Sckechers \u2013 S\u00e9rgio Martone<\/p>\n<p>* Via Marte \u2013 Caio Castro<\/p>\n<p>22 horas<\/p>\n<p>* Pliss\u00ea\/ C2 \u2013 Iris Stefaneli<\/p>\n<p>* Olympikus \u2013 Cau\u00e3 Reymond<\/p>\n<p>* Ramarim \u2013 Fernanda Paes Leme<\/p>\n<p>* Ferracini \u2013 Helen Roche<\/p>\n<p>* Adidas \u2013 C\u00e1ssio Reis<\/p>\n<p>25 DE SETEMBRO<\/p>\n<p>20 horas<\/p>\n<p>* Pernambucanas \u2013 Carol Oliveira, Humberto Carr\u00e3o e Marcos Pigossi<\/p>\n<p>* Grendha Ivete Sangalo e<\/p>\n<p>* Grendha Carolina Dieckman \u2013 Guilhermina Guinle<\/p>\n<p>* Werner \u2013 Anamara BBB<\/p>\n<p>* Fila \u2013 Julio Rocha<\/p>\n<p>22 horas<\/p>\n<p>* Essencial\/ Cavalera \u2013 Kayky Brito<\/p>\n<p>* Vizzano \u2013 Mariana Weickert<\/p>\n<p>* Constantino \u2013 Marcelo Antony<\/p>\n<p>* Moleca \u2013 Juliana Paiva<\/p>\n<p>* Reebok &#8211; Jonatha Faro<\/p>\n<p>Oscar Fashion Days em Festa!<\/p>\n<p>Festa 10 anos Oscar Fashion Days &#8211; 22 de setembro, para convidados<\/p>\n<p>No dia 22 de setembro uma festa para convidados ir\u00e1 celebrar os 10 anos de  Oscar Fashion Days. Na ocasi\u00e3o, a comediante Maria Clara Gueiros comandar\u00e1 a  noite apresentando tamb\u00e9m o desfile do Projeto Costurando o Futuro, assinado  pelo Fundo Social de Solidariedade de S\u00e3o Jos\u00e9 dos Campos; que levar\u00e1 Fernanda,  vencedora do Big Brother 2010, a passarela do evento. A atriz Mayana Moura  desfilar\u00e1 o lan\u00e7amento da marca de cal\u00e7ados femininos Oscar Woman.<\/p>\n<p>Festa encerramento Oscar Fashion Days 2010 &#8211; 25 de setembro, para  convidados<\/p>\n<p>Ap\u00f3s os desfiles, celebridades, modelos e convidados participar\u00e3o da Festa de  Encerramento Oscar Fashion Days 2010. Onde havia passarela, tel\u00f5es, pick ups e  djs oferecer\u00e3o divers\u00e3o com espet\u00e1culo 3D, in\u00e9dito na regi\u00e3o.<\/p>\n<p>Responsabilidade Social e Cultural<\/p>\n<p>Arrecada\u00e7\u00e3o de leite em p\u00f3<\/p>\n<p>Objeto de desejo da popula\u00e7\u00e3o do Vale do Para\u00edba e Mogi das Cruzes, os  convites para os desfiles podem ser trocados por uma lata de leite em p\u00f3, que d\u00e1  direito a um par. Todo o leite em p\u00f3 arrecadado ser\u00e1 distribu\u00eddo entre  diferentes entidades de toda a regi\u00e3o, beneficiando desta forma mais de 400  fam\u00edlias. A a\u00e7\u00e3o acontece em todas as lojas Oscar Cal\u00e7ados e credenciadas,  participantes do evento.<\/p>\n<p>Desfile de Abertura \u201cCosturando o Futuro\u201d<\/p>\n<p>Pela primeira vez o \u201cCosturando o Futuro\u201d participa do Oscar Fashion Days e  ir\u00e1 inaugurar a passarela do evento durante a Festa de 10 anos (22\/09, para  convidados), onde apresentar\u00e3o 30 looks confeccionados pelas costureiras do  projeto de gera\u00e7\u00e3o de renda idealizado pela FUSSESP \u2013 Fundo Social de  Solidariedade do Estado de S\u00e3o Paulo, que beneficia duas comunidades carentes de  S\u00e3o Jos\u00e9 dos Campos: Alto da Ponte e Jardim S\u00e3o Jos\u00e9 II. \u201cMetade das pe\u00e7as foi  desenhada por alunas do curso de moda da Univap. A outra metade foi desenvolvida  pelas pr\u00f3prias participantes do \u201cCosturando o Futuro\u201d, com orienta\u00e7\u00e3o de seus  coordenadores\u201d, afirma Ana Lucia Veneziane, coordenadora do Fundo Social de S\u00e3o  Jos\u00e9 dos Campos.<\/p>\n<p>Orquestra Pop<\/p>\n<p>Durante os desfiles realizados durante a Festa de 10 anos Oscar Fashion Days  (22\/09, para convidados), a Orquestra Sinf\u00f4nica de S\u00e3o Jos\u00e9 dos Campos ser\u00e1 a  grande respons\u00e1vel pela trilha sonora que ir\u00e1 ditar o ritmo e a performance das  modelos na passarela. Uma iniciativa inovadora de levar m\u00fasica cl\u00e1ssica num  contexto 100% pop. \u201cVisualizamos esta oportunidade para aproximar a popula\u00e7\u00e3o da  m\u00fasica cl\u00e1ssica\u201d, conta Alvaro Mirapalheta, coordenados do Oscar Fashion  Days.<\/p>\n<p>Concurso Cultural OFD 10 anos \u2013 Fotos e V\u00eddeos<\/p>\n<p>\u201cEu Sou 10 como o Oscar Fashion Days\u201d \u2013 www.ofd.com.br\/10anos<\/p>\n<p>At\u00e9 o dia 20 de setembro a organiza\u00e7\u00e3o do Oscar Fashion Days receber\u00e1 fotos e  v\u00eddeos com imagens que fazem men\u00e7\u00e3o aos 10 anos do evento, utilizando algarismo  \u201c10\u201d ou \u201cX\u201d em algarismo romano. Os seis melhores v\u00eddeos e fotos ser\u00e3o premiados  com uma visita ao camarim de um famoso, a ser escolhido pelos ganhadores. \u201cO  Oscar Fashion Days pretende tamb\u00e9m incentivar a pesquisa e produ\u00e7\u00e3o cultural de  quem participa do evento e este concurso cultural vem de encontro com este  est\u00edmulo\u201d, conta Rosana Molina, respons\u00e1vel pelo marketing do Grupo Oscar  Cal\u00e7ados.<\/p>\n<p>Gera\u00e7\u00e3o de empregos e crescimento regional<\/p>\n<p>Oscar Fashion Days \u00e9 respons\u00e1vel por movimentar diferentes setores da regi\u00e3o,  como o turismo e hotelaria, gastronomia, transporte e lazer. Nas ultimas edi\u00e7\u00f5es  foram gerados mil empregos entre contrata\u00e7\u00f5es diretas e indiretas, que v\u00e3o desde  a equipe da montadora de estandes e limpeza, que come\u00e7a o trabalho dias antes do  evento, at\u00e9 a equipe de produtores de moda, passadeiras, camarim, cabeleireiros,  transporte e hospedagem respons\u00e1veis pelo Oscar Fashion Days. \u201c\u00c9 com alegria que  podemos contribuir para o crescimento de nossa regi\u00e3o por meio do incentivo a  novos empregos e a\u00e7\u00f5es\u201d, declara Oscar Constantino, idealizador do evento e  diretor da Oscar Cal\u00e7ados, realizadora do Oscar Fashion Days;<\/p>\n<p>Sobre o Grupo Oscar Cal\u00e7ados \u2013 www.oscarcalcados.com.br<\/p>\n<p>O Grupo Oscar Cal\u00e7ados est\u00e1 ha 27 anos no mercado e possui 42 lojas, sendo  respons\u00e1vel por gerar 1.200 empregos e possui 300 mil clientes fidelizados. Tem  como principal diferencial o atendimento ao cliente: investe fortemente em  informa\u00e7\u00e3o para seus colaboradores, que tornam-se consultores de moda para cada  cliente Oscar Cal\u00e7ados.<\/p>\n<p>As lojas Oscar Cal\u00e7ados oferecem canais exclusivos de comunica\u00e7\u00e3o, como R\u00e1dio  Oscar e a TV Oscar, al\u00e9m de redes sociais no Twitter e Facebook, com conte\u00fados  que apresentam lan\u00e7amentos, novidades e informa\u00e7\u00f5es de moda. Oscar Cal\u00e7ados \u00e9  patrocinadora de a\u00e7\u00f5es esportivas e art\u00edsticas como Oscar Fashion Days, Oscar  Fashion Running e shows musicais realizados no Vale do Para\u00edba. A empresa  conquistou o selo Empresa Cidad\u00e3o do Senac, que reconhece o trabalho de empresas  que exercitam e difundem a responsabilidade social como miss\u00e3o.<\/p>\n","protected":false},"excerpt":{"rendered":"<p>Inova\u00e7\u00e3o \u2013 \u00e9 com esta proposta que desde o ano 2000 o Oscar Fashion Days \u00e9 realizado e celebra entre os dias 22 a 25 de setembro 10 anos de evento. Durante toda a d\u00e9cada, colocar o consumidor final diretamente em contato com os principais formadores de opini\u00e3o em moda e comportamento sempre foi prioridade. [&hellip;]<\/p>\n","protected":false},"author":3,"featured_media":0,"comment_status":"open","ping_status":"open","sticky":false,"template":"","format":"standard","meta":{"_genesis_hide_title":false,"_genesis_hide_breadcrumbs":false,"_genesis_hide_singular_image":false,"_genesis_hide_footer_widgets":false,"_genesis_custom_body_class":"","_genesis_custom_post_class":"","_genesis_layout":"","_jetpack_memberships_contains_paid_content":false,"footnotes":""},"categories":[22],"tags":[],"class_list":{"0":"post-31589","1":"post","2":"type-post","3":"status-publish","4":"format-standard","6":"category-brasil","7":"entry","8":"gs-1","9":"gs-odd","10":"gs-even","11":"gs-featured-content-entry"},"jetpack_featured_media_url":"","jetpack_sharing_enabled":true,"jetpack_likes_enabled":true,"_links":{"self":[{"href":"https:\/\/www.redenoticia.com.br\/noticia\/wp-json\/wp\/v2\/posts\/31589","targetHints":{"allow":["GET"]}}],"collection":[{"href":"https:\/\/www.redenoticia.com.br\/noticia\/wp-json\/wp\/v2\/posts"}],"about":[{"href":"https:\/\/www.redenoticia.com.br\/noticia\/wp-json\/wp\/v2\/types\/post"}],"author":[{"embeddable":true,"href":"https:\/\/www.redenoticia.com.br\/noticia\/wp-json\/wp\/v2\/users\/3"}],"replies":[{"embeddable":true,"href":"https:\/\/www.redenoticia.com.br\/noticia\/wp-json\/wp\/v2\/comments?post=31589"}],"version-history":[{"count":0,"href":"https:\/\/www.redenoticia.com.br\/noticia\/wp-json\/wp\/v2\/posts\/31589\/revisions"}],"wp:attachment":[{"href":"https:\/\/www.redenoticia.com.br\/noticia\/wp-json\/wp\/v2\/media?parent=31589"}],"wp:term":[{"taxonomy":"category","embeddable":true,"href":"https:\/\/www.redenoticia.com.br\/noticia\/wp-json\/wp\/v2\/categories?post=31589"},{"taxonomy":"post_tag","embeddable":true,"href":"https:\/\/www.redenoticia.com.br\/noticia\/wp-json\/wp\/v2\/tags?post=31589"}],"curies":[{"name":"wp","href":"https:\/\/api.w.org\/{rel}","templated":true}]}}