{"id":31577,"date":"2010-09-21T19:13:16","date_gmt":"2010-09-21T23:13:16","guid":{"rendered":"http:\/\/www.redenoticia.com.br\/noticia\/?p=31577"},"modified":"2010-09-22T16:34:29","modified_gmt":"2010-09-22T20:34:29","slug":"meteorologia-%e2%80%93-previsao-do-tempo-para-esta-quarta-feira-2209","status":"publish","type":"post","link":"https:\/\/www.redenoticia.com.br\/noticia\/2010\/meteorologia-%e2%80%93-previsao-do-tempo-para-esta-quarta-feira-2209\/31577","title":{"rendered":"Meteorologia \u2013 previs\u00e3o do tempo para esta quarta-feira 22\/09"},"content":{"rendered":"<p><img loading=\"lazy\" decoding=\"async\" class=\"alignleft size-full wp-image-28409\" title=\"previsao do tempo e temperatura\" src=\"https:\/\/www.redenoticia.com.br\/noticia\/imagens\/previsao-do-tempo-e-temperatura.jpg\" alt=\"\" width=\"300\" height=\"193\" srcset=\"https:\/\/www.redenoticia.com.br\/noticia\/imagens\/previsao-do-tempo-e-temperatura.jpg 300w, https:\/\/www.redenoticia.com.br\/noticia\/imagens\/previsao-do-tempo-e-temperatura-250x160.jpg 250w, https:\/\/www.redenoticia.com.br\/noticia\/imagens\/previsao-do-tempo-e-temperatura-150x96.jpg 150w\" sizes=\"auto, (max-width: 300px) 100vw, 300px\" \/>Previs\u00e3o do tempo \u2013 a <strong><em>meteorologia<\/em><\/strong> divulgou a <strong><em>previs\u00e3o do tempo<\/em><\/strong> e <strong><em>temperatura<\/em><\/strong> e informa que \u00e1reas de instabilidade provocam pancadas de chuva em \u00e1reas do RS e de SC nesta quarta-feira (22\/09). Em algumas cidades, a chuva ser\u00e1 forte e poder\u00e1 vir acompanhada de muitos raios e rajadas de vento superiores a 80 km\/h. A intensa instabilidade faz com que n\u00e3o se descarte a ocorr\u00eancia de tempo ainda mais severo entre a madrugada e manh\u00e3 deste mesmo dia. Segundo a previs\u00e3o do tempo\u00a0no AM, em RR, no AC e em RO a chuva ser\u00e1 provocada pelo calor e pela alta umidade do ar. De forma localizada. Chove forte, principalmente sobre o AM e RR. Sobre o AP, oeste, norte e nordeste do PA e noroeste do MA h\u00e1 uma pequena chance de chuva r\u00e1pida e localizada no final do dia. Dados da previs\u00e3o do tempo indicam que no litoral leste da Regi\u00e3o Nordeste, entre o Rec\u00f4ncavo Baiano e AL, os ventos \u00famidos que chegam do mar deixam o tempo com muitas nuvens e com pequena vchance de chuva fraca e localizada. Na faixa leste da Regi\u00e3o Nordeste haver\u00e1 muitas nuvens e curtos per\u00edodos de sol. Nas demais \u00e1reas do pa\u00eds permanece o tempo com predom\u00ednio de sol e temperaturas elevadas durante o dia. A previs\u00e3o do tempo destaca que no MT, MS, GO, DF e TO a umidade do ar no per\u00edodo da tarde fica abaixo dos 30%.<\/p>\n<p>Vale do Para\u00edba \u2013 previs\u00e3o do tempo em 22\/09 persiste esta condi\u00e7\u00e3o de tempo: predom\u00ednio de sol e calor na regi\u00e3o.<\/p>\n<p>Regi\u00e3o Centro-Oeste \u2013 previs\u00e3o do tempo em 22\/09\/2010: No noroeste do MT: sol com varia\u00e7\u00e3o de nuvens e uma pequena possibilidade de pancadas de chuva. No sudoeste e norte de MT: sol e poucas nuvens. Nas demais \u00e1reas da Regi\u00e3o: predom\u00ednio de sol com umidade relativa do ar baixa \u00e0 tarde. Temperaturas est\u00e1veis. Temperatura m\u00e1xima de 40C no noroeste do MS e sul do MT. Temperatura m\u00ednima de 14C no leste de GO.<\/p>\n<p>Regi\u00e3o Nordeste \u2013 previs\u00e3o do tempo em 22\/09\/2010: No Rec\u00f4ncavo Baiano: tempo inst\u00e1vel com sol entre nebulosidade vari\u00e1vel e chuva a qualquer hora. No litoral entre SE e AL e no norte do MA: sol entre poucas nuvens e com possibilidade de pancadas de chuva. No MA chove principalmente \u00e0 tarde. No centro-leste da BA: dia nublado. No oeste da BA e no sul do PI e do MA: predom\u00ednio de sol. Nas demais \u00e1reas de SE e de AL e no centro-leste de PE e da PB: sol com varia\u00e7\u00e3o de nuvens. Nas demais \u00e1reas da Regi\u00e3o: sol entre poucas nuvens. Temperaturas est\u00e1veis. Temperatura m\u00e1xima de 38C no norte do PI. Temperatura m\u00ednima de 15C no sudoeste da BA.<\/p>\n<p>Regi\u00e3o Norte \u2013 previs\u00e3o do tempo em 22\/09\/2010: No noroeste do PA, na maior parte do AM, RR, AC e RO: sol com varia\u00e7\u00e3o de nuvens e pancadas de chuva isoladas. No extremo sudeste do AM, no norte e oeste do PA e no AP: sol entre nebulosidade vari\u00e1vel e com possibilidade de pancadas de chuva a tarde. Nas demais \u00e1reas da Regi\u00e3o: sol e poucas nuvens. Temperaturas est\u00e1veis. Temperatura m\u00e1xima: 39C no sul do AM. Temperatura m\u00ednima: 18C no sudeste do TO.<\/p>\n<p>Regi\u00e3o Sudeste \u2013 previs\u00e3o do tempo em 22\/09\/2010: No norte e leste de MG, no ES e no centro-norte do RJ: dia nublado. No extremo oeste de MG e no noroeste de SP: predom\u00ednio de sol. No sul de SP: sol entre poucas nuvens e com possibilidade de pancadas de chuva \u00e0 tarde. Nas demais \u00e1reas da Regi\u00e3o: sol e poucas nuvens. Temperaturas est\u00e1veis. Temperatura m\u00e1xima de 36C no noroeste de SP. Temperatura m\u00ednima de 10C no Serra da Mantiqueira.<\/p>\n<p>Regi\u00e3o Sul \u2013 previs\u00e3o do tempo em 22\/09\/2010: No sul e leste do PR: sol com varia\u00e7\u00e3o de nuvens e possibilidade de pancada de chuva \u00e0 tarde. Nas demais \u00e1reas do PR: sol e poucas nuvens. No centro-sul do RS: sol com nebulosidade vari\u00e1vel e fortes pancadas de chuva a qualquer hora. Nas demais \u00e1reas da Regi\u00e3o: nublado com pancadas de chuva localmente forte. Temperaturas amenas no RS. Temperatura m\u00e1xima de 32C no noroeste do PR. Temperatura m\u00ednima de 14C nas serras do RS e de SC.<\/p>\n<p>Previs\u00e3o do tempo e temperatura CPTEC<\/p>\n","protected":false},"excerpt":{"rendered":"<p>Previs\u00e3o do tempo \u2013 a meteorologia divulgou a previs\u00e3o do tempo e temperatura e informa que \u00e1reas de instabilidade provocam pancadas de chuva em \u00e1reas do RS e de SC nesta quarta-feira (22\/09). Em algumas cidades, a chuva ser\u00e1 forte e poder\u00e1 vir acompanhada de muitos raios e rajadas de vento superiores a 80 km\/h. [&hellip;]<\/p>\n","protected":false},"author":3,"featured_media":28409,"comment_status":"open","ping_status":"open","sticky":false,"template":"","format":"standard","meta":{"_genesis_hide_title":false,"_genesis_hide_breadcrumbs":false,"_genesis_hide_singular_image":false,"_genesis_hide_footer_widgets":false,"_genesis_custom_body_class":"","_genesis_custom_post_class":"","_genesis_layout":"","_jetpack_memberships_contains_paid_content":false,"footnotes":""},"categories":[22],"tags":[],"class_list":{"0":"post-31577","1":"post","2":"type-post","3":"status-publish","4":"format-standard","5":"has-post-thumbnail","7":"category-brasil","8":"entry","9":"gs-1","10":"gs-odd","11":"gs-even","12":"gs-featured-content-entry"},"jetpack_featured_media_url":"https:\/\/www.redenoticia.com.br\/noticia\/imagens\/previsao-do-tempo-e-temperatura.jpg","jetpack_sharing_enabled":true,"jetpack_likes_enabled":true,"_links":{"self":[{"href":"https:\/\/www.redenoticia.com.br\/noticia\/wp-json\/wp\/v2\/posts\/31577","targetHints":{"allow":["GET"]}}],"collection":[{"href":"https:\/\/www.redenoticia.com.br\/noticia\/wp-json\/wp\/v2\/posts"}],"about":[{"href":"https:\/\/www.redenoticia.com.br\/noticia\/wp-json\/wp\/v2\/types\/post"}],"author":[{"embeddable":true,"href":"https:\/\/www.redenoticia.com.br\/noticia\/wp-json\/wp\/v2\/users\/3"}],"replies":[{"embeddable":true,"href":"https:\/\/www.redenoticia.com.br\/noticia\/wp-json\/wp\/v2\/comments?post=31577"}],"version-history":[{"count":0,"href":"https:\/\/www.redenoticia.com.br\/noticia\/wp-json\/wp\/v2\/posts\/31577\/revisions"}],"wp:featuredmedia":[{"embeddable":true,"href":"https:\/\/www.redenoticia.com.br\/noticia\/wp-json\/wp\/v2\/media\/28409"}],"wp:attachment":[{"href":"https:\/\/www.redenoticia.com.br\/noticia\/wp-json\/wp\/v2\/media?parent=31577"}],"wp:term":[{"taxonomy":"category","embeddable":true,"href":"https:\/\/www.redenoticia.com.br\/noticia\/wp-json\/wp\/v2\/categories?post=31577"},{"taxonomy":"post_tag","embeddable":true,"href":"https:\/\/www.redenoticia.com.br\/noticia\/wp-json\/wp\/v2\/tags?post=31577"}],"curies":[{"name":"wp","href":"https:\/\/api.w.org\/{rel}","templated":true}]}}