{"id":31565,"date":"2010-09-21T12:23:16","date_gmt":"2010-09-21T16:23:16","guid":{"rendered":"http:\/\/www.redenoticia.com.br\/noticia\/?p=31565"},"modified":"2010-09-21T12:23:16","modified_gmt":"2010-09-21T16:23:16","slug":"poliusp-inaugura-laboratorio-de-sustentabilidade","status":"publish","type":"post","link":"https:\/\/www.redenoticia.com.br\/noticia\/2010\/poliusp-inaugura-laboratorio-de-sustentabilidade\/31565","title":{"rendered":"Poli\/USP inaugura laborat\u00f3rio de sustentabilidade"},"content":{"rendered":"<div>\n<h3><span style=\"font-weight: normal; font-size: 13px;\">A Escola Polit\u00e9cnica (Poli) da  Universidade de S\u00e3o Paulo (USP) inaugurou o <\/span><span style=\"font-size: 13px;\"><em>Laborat\u00f3rio de Sustentabilidade<\/em><\/span><span style=\"font-weight: normal; font-size: 13px;\"> em  Tecnologia de Informa\u00e7\u00e3o e Comunica\u00e7\u00e3o (Lassu), abrigado no Departamento de  Engenharia, Computa\u00e7\u00e3o e Sistemas Digitais.<\/span><\/h3>\n<\/div>\n<div>\n<p>O laborat\u00f3rio atuar\u00e1 nas \u00e1reas de ensino, pesquisa, cultura e extens\u00e3o em  engenharia de computa\u00e7\u00e3o, visando ao desenvolvimento social, \u00e0 prote\u00e7\u00e3o  ambiental e ao crescimento econ\u00f4mico sustent\u00e1vel.<\/p>\n<p>De acordo com Tereza Cristina Carvalho, professora de Engenharia de  Computa\u00e7\u00e3o e Sistemas Digitais da Poli e diretora do laborat\u00f3rio, a proposta \u00e9  promover pesquisas ligadas \u00e0 reciclagem de eletroeletr\u00f4nicos e incentivar a  iniciativa privada na elabora\u00e7\u00e3o de projetos sustent\u00e1veis.<\/p>\n<p>\u201cO principal objetivo \u00e9 desenvolver pesquisas tendo como meta a  sustentabilidade em tecnologias da informa\u00e7\u00e3o e comunica\u00e7\u00e3o, com foco no ensino  e na extens\u00e3o universit\u00e1ria\u201d, disse \u00e0 Ag\u00eancia FAPESP.<\/p>\n<p>Segundo a diretora, o laborat\u00f3rio tratar\u00e1 de assuntos como o uso racional de  recursos de tecnologias da informa\u00e7\u00e3o, o tratamento de lixo eletr\u00f4nico, a  inclus\u00e3o digital no mercado de reciclagem, eco-design e tecnologias para  popula\u00e7\u00e3o de baixa renda.<\/p>\n<p>\u201cQueremos desenvolver, por exemplo, um computador que seja mais facilmente  recicl\u00e1vel, projeto que envolver\u00e1 n\u00e3o apenas os alunos da Poli, mas tamb\u00e9m da  \u00e1rea de design de outras faculdades da USP, como a Faculdade de Arquitetura e  Urbanismo, al\u00e9m de parcerias com a comunidade\u201d, disse, ao salientar que a  iniciativa envolver\u00e1 parcerias com o setor privado.<\/p>\n<p>O Lassu foi criado a partir da atua\u00e7\u00e3o do Centro de Descarte e Reuso de  Res\u00edduos de Inform\u00e1tica (Cedir), inaugurado em dezembro de 2009, que recebe  equipamentos de pessoas f\u00edsicas para reciclagem.<\/p>\n<p>\u201cA ind\u00fastria de reciclagem pode gerar empregos, abrindo caminho para projetos  sociais como o treinamento de pessoas para ingressar nesta nova ind\u00fastria\u201d,  disse Tereza.<\/p>\n<p>Segundo ela, a Poli j\u00e1 tem um programa nessa \u00e1rea, Poli Cidad\u00e3, que s\u00e3o  projetos de responsabilidade social. \u201cO objetivo \u00e9 que os alunos desenvolvam  tecnologias apropriadas para comunidades carentes\u201d, diz.<\/p>\n<p>O Lassu est\u00e1 localizado na Av. Professor L\u00facio Martins Rodrigues, travessa 5,  n\u00ba 97 (ao lado do Cedir), na Cidade Universit\u00e1ria, em S\u00e3o Paulo.<\/p>\n<h3><span style=\"font-weight: normal;\">Ag\u00eancia FAPESP<\/span><\/h3>\n<\/div>\n","protected":false},"excerpt":{"rendered":"<p>A Escola Polit\u00e9cnica (Poli) da Universidade de S\u00e3o Paulo (USP) inaugurou o Laborat\u00f3rio de Sustentabilidade em Tecnologia de Informa\u00e7\u00e3o e Comunica\u00e7\u00e3o (Lassu), abrigado no Departamento de Engenharia, Computa\u00e7\u00e3o e Sistemas Digitais. O laborat\u00f3rio atuar\u00e1 nas \u00e1reas de ensino, pesquisa, cultura e extens\u00e3o em engenharia de computa\u00e7\u00e3o, visando ao desenvolvimento social, \u00e0 prote\u00e7\u00e3o ambiental e ao [&hellip;]<\/p>\n","protected":false},"author":3,"featured_media":0,"comment_status":"open","ping_status":"open","sticky":false,"template":"","format":"standard","meta":{"_genesis_hide_title":false,"_genesis_hide_breadcrumbs":false,"_genesis_hide_singular_image":false,"_genesis_hide_footer_widgets":false,"_genesis_custom_body_class":"","_genesis_custom_post_class":"","_genesis_layout":"","_jetpack_memberships_contains_paid_content":false,"footnotes":""},"categories":[22],"tags":[],"class_list":{"0":"post-31565","1":"post","2":"type-post","3":"status-publish","4":"format-standard","6":"category-brasil","7":"entry","8":"gs-1","9":"gs-odd","10":"gs-even","11":"gs-featured-content-entry"},"jetpack_featured_media_url":"","jetpack_sharing_enabled":true,"jetpack_likes_enabled":true,"_links":{"self":[{"href":"https:\/\/www.redenoticia.com.br\/noticia\/wp-json\/wp\/v2\/posts\/31565","targetHints":{"allow":["GET"]}}],"collection":[{"href":"https:\/\/www.redenoticia.com.br\/noticia\/wp-json\/wp\/v2\/posts"}],"about":[{"href":"https:\/\/www.redenoticia.com.br\/noticia\/wp-json\/wp\/v2\/types\/post"}],"author":[{"embeddable":true,"href":"https:\/\/www.redenoticia.com.br\/noticia\/wp-json\/wp\/v2\/users\/3"}],"replies":[{"embeddable":true,"href":"https:\/\/www.redenoticia.com.br\/noticia\/wp-json\/wp\/v2\/comments?post=31565"}],"version-history":[{"count":0,"href":"https:\/\/www.redenoticia.com.br\/noticia\/wp-json\/wp\/v2\/posts\/31565\/revisions"}],"wp:attachment":[{"href":"https:\/\/www.redenoticia.com.br\/noticia\/wp-json\/wp\/v2\/media?parent=31565"}],"wp:term":[{"taxonomy":"category","embeddable":true,"href":"https:\/\/www.redenoticia.com.br\/noticia\/wp-json\/wp\/v2\/categories?post=31565"},{"taxonomy":"post_tag","embeddable":true,"href":"https:\/\/www.redenoticia.com.br\/noticia\/wp-json\/wp\/v2\/tags?post=31565"}],"curies":[{"name":"wp","href":"https:\/\/api.w.org\/{rel}","templated":true}]}}