{"id":31519,"date":"2010-09-17T12:42:26","date_gmt":"2010-09-17T16:42:26","guid":{"rendered":"http:\/\/www.redenoticia.com.br\/noticia\/?p=31519"},"modified":"2010-09-17T12:42:26","modified_gmt":"2010-09-17T16:42:26","slug":"henkel-oferece-vagas-em-programa-de-estagio","status":"publish","type":"post","link":"https:\/\/www.redenoticia.com.br\/noticia\/2010\/henkel-oferece-vagas-em-programa-de-estagio\/31519","title":{"rendered":"Henkel oferece vagas em Programa de Est\u00e1gio"},"content":{"rendered":"<p>Henkel, fabricante das marcas Super Bonder, Pritt, Cascola, Loctite e  Schwarzkopf, anuncia vagas em seu <strong><em>programa de est\u00e1gio<\/em><\/strong>. Os estudantes  interessados podem realizar suas inscri\u00e7\u00f5es no site www.henkel.com.br ou  http:\/\/<a href=\"http:\/\/www.focotalentos.com.br\/henkel2011\" target=\"_blank\">www.focotalentos.com.br\/henkel2011<\/a> at\u00e9 o dia 17 de outubro.<\/p>\n<p>A empresa disponibiliza 31 vagas para estudantes do pen\u00faltimo e \u00faltimo  ano dos cursos de Administra\u00e7\u00e3o, Ci\u00eancias Cont\u00e1beis, Com\u00e9rcio Exterior, Direito,  Economia, Engenharias, Letras, Marketing, Publicidade e Propaganda, Qu\u00edmica,  Rela\u00e7\u00f5es Internacionais e Secretariado.<\/p>\n<p>A Henkel busca talentos que tenham alto n\u00edvel de energia; iniciativa;  pensamento anal\u00edtico e conceitual; capacidade de trabalho em equipe e  coopera\u00e7\u00e3o; autodesenvolvimento e capacidade de aprendizagem.<\/p>\n<p>O programa de est\u00e1gio da Henkel possui uma bolsa-aux\u00edlio atrativa, 13\u00ba  sal\u00e1rio, f\u00e9rias, al\u00e9m de oferecer um pacote de benef\u00edcios diferenciado com  seguro de vida, seguro sa\u00fade, assist\u00eancia odontol\u00f3gica, refei\u00e7\u00e3o, vale  transporte, \u00f4nibus fretado e participa\u00e7\u00e3o nos treinamentos da Universidade  Corporativa.<\/p>\n<p>A carga hor\u00e1ria \u00e9 de 6 horas di\u00e1rias e 30 horas semanais. As vagas s\u00e3o  para as cidades de S\u00e3o Paulo, Itapevi (SP), Diadema(SP), Jundia\u00ed(SP), S\u00e3o Jos\u00e9  dos Campos (SP),Caxias do Sul (RS), Curitiba (PR) e Belo Horizonte (MG).<\/p>\n<p>Sobre a Henkel<br \/>\nA Henkel opera em todo mundo com marcas e tecnologias  l\u00edderes em tr\u00eas \u00e1reas de neg\u00f3cios: Detergentes e Cuidados Dom\u00e9sticos,  Cosm\u00e9ticos\/ Higiene Pessoal, e Tecnologias em Adesivos. Fundada em 1876, a  Henkel mant\u00e9m posi\u00e7\u00f5es de destaque no mercado global, tanto nos neg\u00f3cios ao  consumidor quanto nos neg\u00f3cios industriais, com marcas de sucesso como Persil,  Schwarzkopf e Loctite. A Henkel emprega cerca de 50 mil pessoas e obteve um  faturamento de 13,573 bilh\u00f5es de euros e lucro operacional ajustado de 1,364  bilh\u00e3o de euros no ano fiscal de 2009. As a\u00e7\u00f5es preferenciais da Henkel s\u00e3o  negociadas na bolsa de valores alem\u00e3 DAX e a empresa faz parte do ranking  Fortune Global 500.<\/p>\n","protected":false},"excerpt":{"rendered":"<p>Henkel, fabricante das marcas Super Bonder, Pritt, Cascola, Loctite e Schwarzkopf, anuncia vagas em seu programa de est\u00e1gio. Os estudantes interessados podem realizar suas inscri\u00e7\u00f5es no site www.henkel.com.br ou http:\/\/www.focotalentos.com.br\/henkel2011 at\u00e9 o dia 17 de outubro. A empresa disponibiliza 31 vagas para estudantes do pen\u00faltimo e \u00faltimo ano dos cursos de Administra\u00e7\u00e3o, Ci\u00eancias Cont\u00e1beis, Com\u00e9rcio [&hellip;]<\/p>\n","protected":false},"author":3,"featured_media":0,"comment_status":"open","ping_status":"open","sticky":false,"template":"","format":"standard","meta":{"_genesis_hide_title":false,"_genesis_hide_breadcrumbs":false,"_genesis_hide_singular_image":false,"_genesis_hide_footer_widgets":false,"_genesis_custom_body_class":"","_genesis_custom_post_class":"","_genesis_layout":"","_jetpack_memberships_contains_paid_content":false,"footnotes":""},"categories":[22,370,353],"tags":[],"class_list":{"0":"post-31519","1":"post","2":"type-post","3":"status-publish","4":"format-standard","6":"category-brasil","7":"category-inscricao","8":"category-oportunidades","9":"entry","10":"gs-1","11":"gs-odd","12":"gs-even","13":"gs-featured-content-entry"},"jetpack_featured_media_url":"","jetpack_sharing_enabled":true,"jetpack_likes_enabled":true,"_links":{"self":[{"href":"https:\/\/www.redenoticia.com.br\/noticia\/wp-json\/wp\/v2\/posts\/31519","targetHints":{"allow":["GET"]}}],"collection":[{"href":"https:\/\/www.redenoticia.com.br\/noticia\/wp-json\/wp\/v2\/posts"}],"about":[{"href":"https:\/\/www.redenoticia.com.br\/noticia\/wp-json\/wp\/v2\/types\/post"}],"author":[{"embeddable":true,"href":"https:\/\/www.redenoticia.com.br\/noticia\/wp-json\/wp\/v2\/users\/3"}],"replies":[{"embeddable":true,"href":"https:\/\/www.redenoticia.com.br\/noticia\/wp-json\/wp\/v2\/comments?post=31519"}],"version-history":[{"count":0,"href":"https:\/\/www.redenoticia.com.br\/noticia\/wp-json\/wp\/v2\/posts\/31519\/revisions"}],"wp:attachment":[{"href":"https:\/\/www.redenoticia.com.br\/noticia\/wp-json\/wp\/v2\/media?parent=31519"}],"wp:term":[{"taxonomy":"category","embeddable":true,"href":"https:\/\/www.redenoticia.com.br\/noticia\/wp-json\/wp\/v2\/categories?post=31519"},{"taxonomy":"post_tag","embeddable":true,"href":"https:\/\/www.redenoticia.com.br\/noticia\/wp-json\/wp\/v2\/tags?post=31519"}],"curies":[{"name":"wp","href":"https:\/\/api.w.org\/{rel}","templated":true}]}}