{"id":31514,"date":"2010-09-17T12:22:55","date_gmt":"2010-09-17T16:22:55","guid":{"rendered":"http:\/\/www.redenoticia.com.br\/noticia\/?p=31514"},"modified":"2010-09-17T12:22:55","modified_gmt":"2010-09-17T16:22:55","slug":"moda-balada-e-tema-da-temporada-de-moda-capricho","status":"publish","type":"post","link":"https:\/\/www.redenoticia.com.br\/noticia\/2010\/moda-balada-e-tema-da-temporada-de-moda-capricho\/31514","title":{"rendered":"Moda balada \u00e9 tema da &#8220;Temporada de Moda Capricho&#8221;"},"content":{"rendered":"<p>Dada a largada da batalha de looks, o clima vai esquentando e, no terceiro  epis\u00f3dio da 2\u00aa TEMPORADA DE MODA CAPRICHO, os participantes \u2013 que agora s\u00e3o  apenas 14 &#8211; ter\u00e3o o tema balada como inspira\u00e7\u00e3o para criar alguns modelos. Em  duplas, os estudantes ter\u00e3o um budget de 99 reais em uma prova de rua, orientada  pela stylist Lara Gerin, e ao final do epis\u00f3dio ser\u00e3o avaliados pelo j\u00fari  formado por Tatiana Schibuola, redatora chefe da Capricho, pela personal stylist  Lara Gerin e pela estilista Thais Losso &#8211; que aumentaram a exig\u00eancia nesse  epis\u00f3dio e guardam uma surpresa na elimina\u00e7\u00e3o.<\/p>\n<p><img loading=\"lazy\" decoding=\"async\" class=\"alignleft size-full wp-image-18057\" title=\"capricho\" src=\"https:\/\/www.redenoticia.com.br\/noticia\/imagens\/capricho3.jpg\" alt=\"\" width=\"300\" height=\"193\" srcset=\"https:\/\/www.redenoticia.com.br\/noticia\/imagens\/capricho3.jpg 300w, https:\/\/www.redenoticia.com.br\/noticia\/imagens\/capricho3-250x160.jpg 250w, https:\/\/www.redenoticia.com.br\/noticia\/imagens\/capricho3-150x96.jpg 150w\" sizes=\"auto, (max-width: 300px) 100vw, 300px\" \/>O terceiro epis\u00f3dio do programa <strong><em>Temporada de Moda Capricho<\/em><\/strong> vai ao ar na  quarta-feira, dia 22 de setembro, \u00e0s 21h. Para quem perdeu as emo\u00e7\u00f5es dos  cap\u00edtulos anteriores, o Boomerang exibe novamente o epis\u00f3dio de n\u00famero 2 no  s\u00e1bado, \u00e0s 20h e ainda disponibiliza a \u00edntegra no site oficial:  <a href=\"http:\/\/www.temporadademoda.com.br\" target=\"_blank\">www.temporadademoda.com.br<\/a><\/p>\n<p>CAPRICHO \u00e9 a marca multiplataforma que fala com as adolescentes em todo o  Brasil. Publica quinzenalmente a revista CAPRICHO, l\u00edder do segmento feminino  teen, focada em entretenimento, moda, beleza e comportamento. Online, o portal  capricho.com.br det\u00e9m o posto de maior site teen do mundo, segundo o medidor  Comscore. Na \u00e1rea de licenciamento, a marca \u00e9 respons\u00e1vel por mais de 8 milh\u00f5es  de produtos licenciados por ano. CAPRICHO possui ainda NoCapricho, o \u00fanico  evento regular voltado ao p\u00fablico teen no Brasil. Mais recentemente, sua \u00faltima  investida foi na plataforma de televis\u00e3o, com o programa Temporada de Moda  Capricho co-produzido em parceria com o canal Boomerang.<\/p>\n<p>Boomerang, canal por assinatura da Turner Broadcasting System, Inc. (TBS,  Inc.), traz 24 horas de programa\u00e7\u00e3o dedicada a adolescentes com as melhores  s\u00e9ries, novelas, filmes, videoclipes e desenhos animados para teens e tweens.  Atualmente, entre as s\u00e9ries do canal se destacam Split, A Vida Secreta de uma  Adolescente Americana, Gilmore Girls e a novela Rebelde. Al\u00e9m disso, o canal  estreou em 2009 sua primeira produ\u00e7\u00e3o original, Temporada de Moda Capricho, que  est\u00e1 em sua segunda edi\u00e7\u00e3o este ano. A programa\u00e7\u00e3o musical do Boomerang inclui  BoomBox e BoomBox in Concert, al\u00e9m das produ\u00e7\u00f5es originais BoomBox no Est\u00fadio,  com bandas como NX Zero, Fresno, Strike e Pitty, e BoomBox All Access com astros  pop como Justin Bieber, Coldplay e Nelly Furtado. O Boomerang est\u00e1 dispon\u00edvel em  22,9 milh\u00f5es de domic\u00edlios em toda a Am\u00e9rica Latina, com transmiss\u00e3o em  portugu\u00eas, espanhol e ingl\u00eas.<\/p>\n<p>www.BoomerangLA.com<\/p>\n","protected":false},"excerpt":{"rendered":"<p>Dada a largada da batalha de looks, o clima vai esquentando e, no terceiro epis\u00f3dio da 2\u00aa TEMPORADA DE MODA CAPRICHO, os participantes \u2013 que agora s\u00e3o apenas 14 &#8211; ter\u00e3o o tema balada como inspira\u00e7\u00e3o para criar alguns modelos. Em duplas, os estudantes ter\u00e3o um budget de 99 reais em uma prova de rua, [&hellip;]<\/p>\n","protected":false},"author":3,"featured_media":18057,"comment_status":"open","ping_status":"open","sticky":false,"template":"","format":"standard","meta":{"_genesis_hide_title":false,"_genesis_hide_breadcrumbs":false,"_genesis_hide_singular_image":false,"_genesis_hide_footer_widgets":false,"_genesis_custom_body_class":"","_genesis_custom_post_class":"","_genesis_layout":"","_jetpack_memberships_contains_paid_content":false,"footnotes":""},"categories":[22,343],"tags":[],"class_list":{"0":"post-31514","1":"post","2":"type-post","3":"status-publish","4":"format-standard","5":"has-post-thumbnail","7":"category-brasil","8":"category-televisao","9":"entry","10":"gs-1","11":"gs-odd","12":"gs-even","13":"gs-featured-content-entry"},"jetpack_featured_media_url":"https:\/\/www.redenoticia.com.br\/noticia\/imagens\/capricho3.jpg","jetpack_sharing_enabled":true,"jetpack_likes_enabled":true,"_links":{"self":[{"href":"https:\/\/www.redenoticia.com.br\/noticia\/wp-json\/wp\/v2\/posts\/31514","targetHints":{"allow":["GET"]}}],"collection":[{"href":"https:\/\/www.redenoticia.com.br\/noticia\/wp-json\/wp\/v2\/posts"}],"about":[{"href":"https:\/\/www.redenoticia.com.br\/noticia\/wp-json\/wp\/v2\/types\/post"}],"author":[{"embeddable":true,"href":"https:\/\/www.redenoticia.com.br\/noticia\/wp-json\/wp\/v2\/users\/3"}],"replies":[{"embeddable":true,"href":"https:\/\/www.redenoticia.com.br\/noticia\/wp-json\/wp\/v2\/comments?post=31514"}],"version-history":[{"count":0,"href":"https:\/\/www.redenoticia.com.br\/noticia\/wp-json\/wp\/v2\/posts\/31514\/revisions"}],"wp:featuredmedia":[{"embeddable":true,"href":"https:\/\/www.redenoticia.com.br\/noticia\/wp-json\/wp\/v2\/media\/18057"}],"wp:attachment":[{"href":"https:\/\/www.redenoticia.com.br\/noticia\/wp-json\/wp\/v2\/media?parent=31514"}],"wp:term":[{"taxonomy":"category","embeddable":true,"href":"https:\/\/www.redenoticia.com.br\/noticia\/wp-json\/wp\/v2\/categories?post=31514"},{"taxonomy":"post_tag","embeddable":true,"href":"https:\/\/www.redenoticia.com.br\/noticia\/wp-json\/wp\/v2\/tags?post=31514"}],"curies":[{"name":"wp","href":"https:\/\/api.w.org\/{rel}","templated":true}]}}