{"id":31477,"date":"2010-09-15T19:22:54","date_gmt":"2010-09-15T23:22:54","guid":{"rendered":"http:\/\/www.redenoticia.com.br\/noticia\/?p=31477"},"modified":"2010-09-16T15:01:49","modified_gmt":"2010-09-16T19:01:49","slug":"meteorologia-%e2%80%93-previsao-do-tempo-para-esta-quinta-feira-1609","status":"publish","type":"post","link":"https:\/\/www.redenoticia.com.br\/noticia\/2010\/meteorologia-%e2%80%93-previsao-do-tempo-para-esta-quinta-feira-1609\/31477","title":{"rendered":"Meteorologia \u2013 previs\u00e3o do tempo para esta quinta-feira 16\/09"},"content":{"rendered":"<p><img loading=\"lazy\" decoding=\"async\" class=\"alignleft size-full wp-image-28409\" title=\"previsao do tempo e temperatura\" src=\"https:\/\/www.redenoticia.com.br\/noticia\/imagens\/previsao-do-tempo-e-temperatura.jpg\" alt=\"\" width=\"300\" height=\"193\" srcset=\"https:\/\/www.redenoticia.com.br\/noticia\/imagens\/previsao-do-tempo-e-temperatura.jpg 300w, https:\/\/www.redenoticia.com.br\/noticia\/imagens\/previsao-do-tempo-e-temperatura-250x160.jpg 250w, https:\/\/www.redenoticia.com.br\/noticia\/imagens\/previsao-do-tempo-e-temperatura-150x96.jpg 150w\" sizes=\"auto, (max-width: 300px) 100vw, 300px\" \/>Previs\u00e3o do tempo \u2013 a <strong><em>meteorologia<\/em><\/strong> divulgou a <strong><em>previs\u00e3o do tempo<\/em><\/strong> e <strong><em>temperatura<\/em><\/strong> para\u00a0quinta-feira 16\/09 e informa que\u00a0a frente fria se afasta do continente mas os ventos do oceano mant\u00e9m o tempo inst\u00e1vel entre o litoral do PR e RJ, com chuva fraca a qualquer hora do dia. Na capital paulista, no vale do Para\u00edba e na Serra da Mantiqueira h\u00e1 uma pequena chance de pancadas de chuva a tarde. Segundo a previs\u00e3o do tempo esta situa\u00e7\u00e3o ameniza os riscos causados pelo tempo seco. Na Regi\u00e3o Sul do pa\u00eds, o dia ser\u00e1 de o sol e as temperaturas estar\u00e3o em eleva\u00e7\u00e3o a tarde. Dados da previs\u00e3o do tempo indicam que o\u00a0calor e a alta umidade do ar provocar\u00e3o pancadas de chuva no Norte do pa\u00eds, exceto em TO e no leste e sudeste do PA, onde o tempo continuar\u00e1 seco. Do litoral sul da BA ao RN, o dia ter\u00e1 muitas nuvens e deve chover de forma fraca e localizada. A previs\u00e3o do tempo destaca que nas demais \u00e1reas do pa\u00eds o dia ser\u00e1 de sol, com baixa umidade do ar no interior do pa\u00eds.<\/p>\n<p>Vale do Para\u00edba \u2013 previs\u00e3o do tempo em 16\/09 o dia ficar\u00e1 nublado com r\u00e1pidas aberturas de sol. No Litoral Norte ocorrer\u00e3o chuvas fracas e isoladas, e nas demais \u00e1reas da Regi\u00e3o, haver\u00e1 chance de pancadas de chuva no per\u00edodo da tarde. As temperaturas estar\u00e3o est\u00e1veis.<\/p>\n<p>Regi\u00e3o Centro-Oeste \u2013 previs\u00e3o do tempo em 16\/09\/2010: No extremo nordeste do MT: possibilidade de pancadas de chuva \u00e0 tarde. Nas demais \u00e1reas da Regi\u00e3o: predom\u00ednio de sol. A umidade relativa do ar estar\u00e1 baixa \u00e0 tarde no norte de MS e em MT e GO. Temperatura m\u00e1xima elevada. Temperatura m\u00e1xima de 40C no norte de MT. Temperatura m\u00ednima de 15C no sul do MS.<\/p>\n<p>Regi\u00e3o Nordeste \u2013 previs\u00e3o do tempo em 16\/09\/2010: No litoral de AL e de SE e no leste da BA: nublado com chuva isolada. No litoral do MA, no leste entre PB e AL, nas demais \u00e1reas de SE e no nordeste da BA: varia\u00e7\u00e3o de nuvens e possibilidade de pancadas de chuva. Nas demais \u00e1reas da Regi\u00e3o: sol e poucas nuvens. A umidade relativa do ar estar\u00e1 baixa no interior da Regi\u00e3o. Temperaturas est\u00e1veis. Temperatura m\u00e1xima de 38C no norte do PI. Temperatura m\u00ednima de 15C no interior da BA.<\/p>\n<p>Regi\u00e3o Norte \u2013 previs\u00e3o do tempo em 16\/09\/2010: Em RR e no AM: varia\u00e7\u00e3o de nuvens e pancadas de chuva. No norte de RO, no leste do AM e no centro-oeste do PA: sol com varia\u00e7\u00e3o de nuvens e possibilidade de pancadas de chuva \u00e0 tarde. No AC: varia\u00e7\u00e3o de nuvens. No AP e no norte do PA: sol entre nebulosidade vari\u00e1vel e pancadas de chuva \u00e0 tarde. Nas demais \u00e1reas da Regi\u00e3o: sol e poucas nuvens. Temperaturas est\u00e1veis. Temperatura m\u00e1xima de 43C no sul do RO. Temperatura m\u00ednima de 20C no leste do TO.<\/p>\n<p>Regi\u00e3o Sudeste \u2013 previs\u00e3o do tempo em 16\/09\/2010: No litoral de SP: tempo inst\u00e1vel, com aberturas de sol e chuva a qualquer hora. Na faixa leste de SP e no extremo sul de MG: sol entre nebulosidade vari\u00e1vel com possibilidade de pancadas de chuva \u00e0 tarde. No sul e nordeste de SP, centro-sul do RJ e no sudeste de MG: sol e varia\u00e7\u00e3o de nuvens. No oeste de SP e de MG: predom\u00ednio de sol. Nas demais \u00e1reas da Regi\u00e3o: sol com poucas nuvens. A umidade relativa estar\u00e1 baixa \u00e0 tarde. Temperatura m\u00e1xima elevadas no oeste da Regi\u00e3o. Temperatura m\u00e1xima de 38C no Tri\u00e2ngulo Mineiro. Temperatura m\u00ednima de 8C na serra da Mantiqueira.<\/p>\n<p>Regi\u00e3o Sul \u2013 previs\u00e3o do tempo em 16\/09\/2010: No extremo sudeste do RS e no centro-leste do PR e de SC: sol com varia\u00e7\u00e3o de nuvens. No litoral do PR: tempo inst\u00e1vel, com aberturas de sol e chuva a qualquer hora. No oeste do RS e de SC e no centro-oeste e norte do PR: predom\u00ednio de sol. A umidade relativa do ar estar\u00e1 baixa \u00e0 tarde no oeste da Regi\u00e3o. Nas demais \u00e1reas da Regi\u00e3o: sol e poucas nuvens. Temperaturas em pequena eleva\u00e7\u00e3o. Temperatura m\u00e1xima de 32C no norte do PR. Temperatura m\u00ednima de 6C na serra ga\u00facha.<\/p>\n<p>Previs\u00e3o do tempo e temperatura CPTEC<\/p>\n","protected":false},"excerpt":{"rendered":"<p>Previs\u00e3o do tempo \u2013 a meteorologia divulgou a previs\u00e3o do tempo e temperatura para\u00a0quinta-feira 16\/09 e informa que\u00a0a frente fria se afasta do continente mas os ventos do oceano mant\u00e9m o tempo inst\u00e1vel entre o litoral do PR e RJ, com chuva fraca a qualquer hora do dia. Na capital paulista, no vale do Para\u00edba [&hellip;]<\/p>\n","protected":false},"author":3,"featured_media":28409,"comment_status":"open","ping_status":"open","sticky":false,"template":"","format":"standard","meta":{"_genesis_hide_title":false,"_genesis_hide_breadcrumbs":false,"_genesis_hide_singular_image":false,"_genesis_hide_footer_widgets":false,"_genesis_custom_body_class":"","_genesis_custom_post_class":"","_genesis_layout":"","_jetpack_memberships_contains_paid_content":false,"footnotes":""},"categories":[22],"tags":[],"class_list":{"0":"post-31477","1":"post","2":"type-post","3":"status-publish","4":"format-standard","5":"has-post-thumbnail","7":"category-brasil","8":"entry","9":"gs-1","10":"gs-odd","11":"gs-even","12":"gs-featured-content-entry"},"jetpack_featured_media_url":"https:\/\/www.redenoticia.com.br\/noticia\/imagens\/previsao-do-tempo-e-temperatura.jpg","jetpack_sharing_enabled":true,"jetpack_likes_enabled":true,"_links":{"self":[{"href":"https:\/\/www.redenoticia.com.br\/noticia\/wp-json\/wp\/v2\/posts\/31477","targetHints":{"allow":["GET"]}}],"collection":[{"href":"https:\/\/www.redenoticia.com.br\/noticia\/wp-json\/wp\/v2\/posts"}],"about":[{"href":"https:\/\/www.redenoticia.com.br\/noticia\/wp-json\/wp\/v2\/types\/post"}],"author":[{"embeddable":true,"href":"https:\/\/www.redenoticia.com.br\/noticia\/wp-json\/wp\/v2\/users\/3"}],"replies":[{"embeddable":true,"href":"https:\/\/www.redenoticia.com.br\/noticia\/wp-json\/wp\/v2\/comments?post=31477"}],"version-history":[{"count":0,"href":"https:\/\/www.redenoticia.com.br\/noticia\/wp-json\/wp\/v2\/posts\/31477\/revisions"}],"wp:featuredmedia":[{"embeddable":true,"href":"https:\/\/www.redenoticia.com.br\/noticia\/wp-json\/wp\/v2\/media\/28409"}],"wp:attachment":[{"href":"https:\/\/www.redenoticia.com.br\/noticia\/wp-json\/wp\/v2\/media?parent=31477"}],"wp:term":[{"taxonomy":"category","embeddable":true,"href":"https:\/\/www.redenoticia.com.br\/noticia\/wp-json\/wp\/v2\/categories?post=31477"},{"taxonomy":"post_tag","embeddable":true,"href":"https:\/\/www.redenoticia.com.br\/noticia\/wp-json\/wp\/v2\/tags?post=31477"}],"curies":[{"name":"wp","href":"https:\/\/api.w.org\/{rel}","templated":true}]}}