{"id":31414,"date":"2010-09-13T12:08:09","date_gmt":"2010-09-13T16:08:09","guid":{"rendered":"http:\/\/www.redenoticia.com.br\/noticia\/?p=31414"},"modified":"2010-09-13T12:08:09","modified_gmt":"2010-09-13T16:08:09","slug":"programa-aborda-a-reeducacao-alimentar-para-a-juventude","status":"publish","type":"post","link":"https:\/\/www.redenoticia.com.br\/noticia\/2010\/programa-aborda-a-reeducacao-alimentar-para-a-juventude\/31414","title":{"rendered":"Programa aborda a reeduca\u00e7\u00e3o alimentar para a juventude"},"content":{"rendered":"<p><strong><em>Reeduca\u00e7\u00e3o alimentar<\/em><\/strong> &#8211; ter uma alimenta\u00e7\u00e3o perfeita \u00e9 um desafio para os jovens. No s\u00e9timo epis\u00f3dio do programa Gera\u00e7\u00e3o Sa\u00fade, da TV Escola, do Minist\u00e9rio da Educa\u00e7\u00e3o, \u00e9 revelado como uma m\u00e1 alimenta\u00e7\u00e3o pode causar danos \u00e0 sa\u00fade de uma pessoa. Para falar sobre o assunto, a estudante Isadora, que est\u00e1 sofrendo com a anorexia (doen\u00e7a alimentar caracterizada por baixo peso e estresse f\u00edsico), aprende em sala de aula a reconhecer e a montar uma boa alimenta\u00e7\u00e3o por meio de uma dieta mais nutritiva e equilibrada.<\/p>\n<p>No mesmo programa outros temas s\u00e3o tratados. A personagem Rita procura um novo emprego e surgem novas informa\u00e7\u00f5es sobre a suposta gravidez de F\u00e1tima.<\/p>\n<p>Ao final do epis\u00f3dio, o apresentador David Muniz comanda um debate para falar sobre os conflitos dos adolescentes, as quest\u00f5es de sa\u00fade, a reeduca\u00e7\u00e3o alimentar apresentados durante o cap\u00edtulo. Participam da discuss\u00e3o o ator Hytalo Luna, que vive o personagem Bira na s\u00e9rie, o nutricionista Edgar Tito Neto e o educador f\u00edsico Luciano Oliveira.<\/p>\n<p>Cada epis\u00f3dio do Gera\u00e7\u00e3o Sa\u00fade tem 30 minutos de dura\u00e7\u00e3o, e \u00e9 reprisado \u00e0s 14h do mesmo dia, na vers\u00e3o em libras (linguagem brasileira de sinais).<\/p>\n<p>Para acompanhar mais a s\u00e9rie, basta acessar a <a href=\"http:\/\/tvescola.mec.gov.br\/index.php?option=com_jumi&amp;fileid=4&amp;Itemid=231#13\" target=\"_blank\">p\u00e1gina<\/a> do programa. A TV Escola pode ser sintonizada via antena parab\u00f3lica (digital ou anal\u00f3gica) em todo o pa\u00eds e por meio da internet no <a href=\"http:\/\/portal.mec.gov.br\/index.php\" target=\"_blank\">Portal<\/a> do MEC. O sinal est\u00e1 dispon\u00edvel tamb\u00e9m nas tev\u00eas por assinatura Via Embratel (canal 123), Sky (canal 112) e Telef\u00f4nica (canal 694).<\/p>\n<p>Assessoria de Imprensa da Seed<\/p>\n","protected":false},"excerpt":{"rendered":"<p>Reeduca\u00e7\u00e3o alimentar &#8211; ter uma alimenta\u00e7\u00e3o perfeita \u00e9 um desafio para os jovens. No s\u00e9timo epis\u00f3dio do programa Gera\u00e7\u00e3o Sa\u00fade, da TV Escola, do Minist\u00e9rio da Educa\u00e7\u00e3o, \u00e9 revelado como uma m\u00e1 alimenta\u00e7\u00e3o pode causar danos \u00e0 sa\u00fade de uma pessoa. Para falar sobre o assunto, a estudante Isadora, que est\u00e1 sofrendo com a anorexia [&hellip;]<\/p>\n","protected":false},"author":3,"featured_media":0,"comment_status":"open","ping_status":"open","sticky":false,"template":"","format":"standard","meta":{"_genesis_hide_title":false,"_genesis_hide_breadcrumbs":false,"_genesis_hide_singular_image":false,"_genesis_hide_footer_widgets":false,"_genesis_custom_body_class":"","_genesis_custom_post_class":"","_genesis_layout":"","_jetpack_memberships_contains_paid_content":false,"footnotes":""},"categories":[22,5],"tags":[],"class_list":{"0":"post-31414","1":"post","2":"type-post","3":"status-publish","4":"format-standard","6":"category-brasil","7":"category-saude-e-vida","8":"entry","9":"gs-1","10":"gs-odd","11":"gs-even","12":"gs-featured-content-entry"},"jetpack_featured_media_url":"","jetpack_sharing_enabled":true,"jetpack_likes_enabled":true,"_links":{"self":[{"href":"https:\/\/www.redenoticia.com.br\/noticia\/wp-json\/wp\/v2\/posts\/31414","targetHints":{"allow":["GET"]}}],"collection":[{"href":"https:\/\/www.redenoticia.com.br\/noticia\/wp-json\/wp\/v2\/posts"}],"about":[{"href":"https:\/\/www.redenoticia.com.br\/noticia\/wp-json\/wp\/v2\/types\/post"}],"author":[{"embeddable":true,"href":"https:\/\/www.redenoticia.com.br\/noticia\/wp-json\/wp\/v2\/users\/3"}],"replies":[{"embeddable":true,"href":"https:\/\/www.redenoticia.com.br\/noticia\/wp-json\/wp\/v2\/comments?post=31414"}],"version-history":[{"count":0,"href":"https:\/\/www.redenoticia.com.br\/noticia\/wp-json\/wp\/v2\/posts\/31414\/revisions"}],"wp:attachment":[{"href":"https:\/\/www.redenoticia.com.br\/noticia\/wp-json\/wp\/v2\/media?parent=31414"}],"wp:term":[{"taxonomy":"category","embeddable":true,"href":"https:\/\/www.redenoticia.com.br\/noticia\/wp-json\/wp\/v2\/categories?post=31414"},{"taxonomy":"post_tag","embeddable":true,"href":"https:\/\/www.redenoticia.com.br\/noticia\/wp-json\/wp\/v2\/tags?post=31414"}],"curies":[{"name":"wp","href":"https:\/\/api.w.org\/{rel}","templated":true}]}}