{"id":31362,"date":"2010-09-10T15:48:52","date_gmt":"2010-09-10T19:48:52","guid":{"rendered":"http:\/\/www.redenoticia.com.br\/noticia\/?p=31362"},"modified":"2010-09-10T15:48:52","modified_gmt":"2010-09-10T19:48:52","slug":"novas-regras-para-os-consumidores-e-distribuidoras-de-energia-eletrica","status":"publish","type":"post","link":"https:\/\/www.redenoticia.com.br\/noticia\/2010\/novas-regras-para-os-consumidores-e-distribuidoras-de-energia-eletrica\/31362","title":{"rendered":"Novas regras para os consumidores e distribuidoras de energia el\u00e9trica"},"content":{"rendered":"<p>A Ag\u00eancia Nacional de Energia El\u00e9trica (Aneel) aprovou nesta quinta-feira,  09\/09\/2010, a resolu\u00e7\u00e3o 414, que substitui a 456 e estabelece <strong><em>novas condi\u00e7\u00f5es  gerais de fornecimento de energia el\u00e9trica para os consumidores e para as  distribuidoras<\/em><\/strong>. Entre as determina\u00e7\u00f5es a ag\u00eancia estabeleceu a obrigatoriedade  da instala\u00e7\u00e3o de, pelo menos, uma ag\u00eancia de atendimento para cada cidade da  \u00e1rea de concess\u00e3o, o prazo m\u00e1ximo de 90 dias para que um boleto n\u00e3o pago gere o  corte da luz, exceto se a inadimpl\u00eancia se mantiver em contas futuras, e a  transfer\u00eancia de titularidade dos ativos relacionados \u00e0 ilumina\u00e7\u00e3o p\u00fablica. A  ag\u00eancia mant\u00e9m a interrup\u00e7\u00e3o do fornecimento de energia ap\u00f3s 15 dias da  notifica\u00e7\u00e3o do atraso.<\/p>\n<p>\u201cEsta nova regulamenta\u00e7\u00e3o \u00e9 resultado de amplo e longo procedimento  normativo, incluindo as contribui\u00e7\u00f5es resultantes da consulta p\u00fablica n\u00ba 02\/09 e  da audi\u00eancia p\u00fablica n\u00ba 08\/08. A Aneel e os agentes de distribui\u00e7\u00e3o tiveram como  intuito principal a melhoria das condi\u00e7\u00f5es de fornecimento de energia el\u00e9trica  desde atendimento presencial ao consumidor at\u00e9 as perdas de energia\u201d, comenta  Camila Maluza, da \u00e1rea de Energia do escrit\u00f3rio L.O. Baptista Advogados.<\/p>\n<p>A nova regulamenta\u00e7\u00e3o entra em vigor a partir de 1\u00ba de dezembro para que as  distribuidoras possam se enquadrar a essas novas regras, com exce\u00e7\u00e3o dos prazos  j\u00e1 estabelecidos para a instala\u00e7\u00e3o das novas ag\u00eancias de atendimento. Foi  debatida durante dois anos e meio pelas distribuidoras de energia el\u00e9trica e  pela ag\u00eancia reguladora e cont\u00e9m 17 cap\u00edtulos, que incluem resolu\u00e7\u00f5es que tratam  de contratos de uso dos sistemas de distribui\u00e7\u00e3o (665\/2002), ressarcimento de  bens (061\/2004), baixa renda (407\/2010) e medi\u00e7\u00e3o externa (258\/2003), entre  outras resolu\u00e7\u00f5es.<\/p>\n","protected":false},"excerpt":{"rendered":"<p>A Ag\u00eancia Nacional de Energia El\u00e9trica (Aneel) aprovou nesta quinta-feira, 09\/09\/2010, a resolu\u00e7\u00e3o 414, que substitui a 456 e estabelece novas condi\u00e7\u00f5es gerais de fornecimento de energia el\u00e9trica para os consumidores e para as distribuidoras. Entre as determina\u00e7\u00f5es a ag\u00eancia estabeleceu a obrigatoriedade da instala\u00e7\u00e3o de, pelo menos, uma ag\u00eancia de atendimento para cada cidade [&hellip;]<\/p>\n","protected":false},"author":3,"featured_media":0,"comment_status":"open","ping_status":"open","sticky":false,"template":"","format":"standard","meta":{"_genesis_hide_title":false,"_genesis_hide_breadcrumbs":false,"_genesis_hide_singular_image":false,"_genesis_hide_footer_widgets":false,"_genesis_custom_body_class":"","_genesis_custom_post_class":"","_genesis_layout":"","_jetpack_memberships_contains_paid_content":false,"footnotes":""},"categories":[22],"tags":[],"class_list":{"0":"post-31362","1":"post","2":"type-post","3":"status-publish","4":"format-standard","6":"category-brasil","7":"entry","8":"gs-1","9":"gs-odd","10":"gs-even","11":"gs-featured-content-entry"},"jetpack_featured_media_url":"","jetpack_sharing_enabled":true,"jetpack_likes_enabled":true,"_links":{"self":[{"href":"https:\/\/www.redenoticia.com.br\/noticia\/wp-json\/wp\/v2\/posts\/31362","targetHints":{"allow":["GET"]}}],"collection":[{"href":"https:\/\/www.redenoticia.com.br\/noticia\/wp-json\/wp\/v2\/posts"}],"about":[{"href":"https:\/\/www.redenoticia.com.br\/noticia\/wp-json\/wp\/v2\/types\/post"}],"author":[{"embeddable":true,"href":"https:\/\/www.redenoticia.com.br\/noticia\/wp-json\/wp\/v2\/users\/3"}],"replies":[{"embeddable":true,"href":"https:\/\/www.redenoticia.com.br\/noticia\/wp-json\/wp\/v2\/comments?post=31362"}],"version-history":[{"count":0,"href":"https:\/\/www.redenoticia.com.br\/noticia\/wp-json\/wp\/v2\/posts\/31362\/revisions"}],"wp:attachment":[{"href":"https:\/\/www.redenoticia.com.br\/noticia\/wp-json\/wp\/v2\/media?parent=31362"}],"wp:term":[{"taxonomy":"category","embeddable":true,"href":"https:\/\/www.redenoticia.com.br\/noticia\/wp-json\/wp\/v2\/categories?post=31362"},{"taxonomy":"post_tag","embeddable":true,"href":"https:\/\/www.redenoticia.com.br\/noticia\/wp-json\/wp\/v2\/tags?post=31362"}],"curies":[{"name":"wp","href":"https:\/\/api.w.org\/{rel}","templated":true}]}}