{"id":31357,"date":"2010-09-10T16:23:29","date_gmt":"2010-09-10T20:23:29","guid":{"rendered":"http:\/\/www.redenoticia.com.br\/noticia\/?p=31357"},"modified":"2010-09-11T16:06:54","modified_gmt":"2010-09-11T20:06:54","slug":"meteorologia-%e2%80%93-previsao-do-tempo-para-este-sabado-1109","status":"publish","type":"post","link":"https:\/\/www.redenoticia.com.br\/noticia\/2010\/meteorologia-%e2%80%93-previsao-do-tempo-para-este-sabado-1109\/31357","title":{"rendered":"Meteorologia \u2013 previs\u00e3o do tempo para este s\u00e1bado 11\/09"},"content":{"rendered":"<p><img loading=\"lazy\" decoding=\"async\" class=\"alignleft size-full wp-image-28409\" title=\"previsao do tempo e temperatura\" src=\"https:\/\/www.redenoticia.com.br\/noticia\/imagens\/previsao-do-tempo-e-temperatura.jpg\" alt=\"\" width=\"300\" height=\"193\" srcset=\"https:\/\/www.redenoticia.com.br\/noticia\/imagens\/previsao-do-tempo-e-temperatura.jpg 300w, https:\/\/www.redenoticia.com.br\/noticia\/imagens\/previsao-do-tempo-e-temperatura-250x160.jpg 250w, https:\/\/www.redenoticia.com.br\/noticia\/imagens\/previsao-do-tempo-e-temperatura-150x96.jpg 150w\" sizes=\"auto, (max-width: 300px) 100vw, 300px\" \/><\/p>\n<p>Previs\u00e3o do tempo \u2013 a <strong><em>meteorologia<\/em><\/strong> divulgou a <strong><em>previs\u00e3o do tempo<\/em><\/strong> e <strong><em>temperatura<\/em><\/strong> para este s\u00e1bado (11\/09) e informa que o avan\u00e7o de uma frente fria pelo RS, provocar\u00e1 chuva no RS e em SC. Inclusive, poder\u00e1 ocorrer temporais em algumas localidades destes estados. Segundo a previs\u00e3o do tempo no nordeste da BA e em SE, os ventos de leste que trazem a umidade do oceano, deixar\u00e3o o dia inst\u00e1vel com chuva a qualquer hora. Dados da previs\u00e3o do tempo indicam que nuvens mais carregadas formadas pelo calor e alta umidade provocar\u00e3o pancadas de chuva no AM, RR, norte de RO e noroeste de PA. A previs\u00e3o do tempo destaca que nas demais \u00e1reas do pa\u00eds o sol predominar\u00e1 e os valores de umidade relativa do ar ficar\u00e3o baixos \u00e0 tarde no Centro-Oeste e no interior das Regi\u00f5es Nordeste e Sudeste. A temperatura estar\u00e1 em queda no Sul do pa\u00eds.<\/p>\n<p>Vale do Para\u00edba \u2013 previs\u00e3o do tempo em 11\/09 ter\u00e1 predom\u00ednio de sol em toda a regi\u00e3o. A temperatura m\u00e1xima estar\u00e1 em eleva\u00e7\u00e3o.<\/p>\n<p>Regi\u00e3o Centro-Oeste \u2013 previs\u00e3o do tempo em 11\/09\/2010: No extremo sul de MS: sol entre nuvens e com possibilidade de pancadas de chuva \u00e0 noite. No extremo noroeste de MT: sol entre nuvens e pancadas de chuva localizadas. No leste do MT: possibilidade de pancadas de chuva. No sudeste do MT e centro-sudeste do MS: sol entre nuvens. Nas demais \u00e1reas da Regi\u00e3o: dia ensolarado. A umidade relativa do ar estar\u00e1 baixa em grande parte da Regi\u00e3o. Temperaturas est\u00e1veis. Temperatura m\u00e1xima: 42C no noroeste de MS. Temperatura m\u00ednima: 14C no leste de GO.<\/p>\n<p>Regi\u00e3o Nordeste \u2013 previs\u00e3o do tempo em 11\/09\/2010: Na faixa litor\u00e2nea entre norte da PB e leste do RN: dia nublado com pequena chance de chuva. No nordeste da BA: muitas nuvens com chuva isolada. No litoral norte da BA e no SE: tempo inst\u00e1vel com curtos per\u00edodos de sol e chuva. Na faixa leste da Regi\u00e3o, entre o leste do RN e o leste da BA: dia nublado. No noroeste do MA: sol com varia\u00e7\u00e3o de nuvens e pequena chance de pancadas de chuva \u00e0 tarde. Nas demais \u00e1reas da Regi\u00e3o: predom\u00ednio de sol. A umidade relativa do ar estar\u00e1 baixa no centro-sul do PI, sul do MA e oeste da BA. Temperaturas est\u00e1veis. Temperatura m\u00e1xima: 37C no norte do PI. Temperatura m\u00ednima: 13C no interior da BA.<\/p>\n<p>Regi\u00e3o Norte \u2013 previs\u00e3o do tempo em 11\/09\/2010: No nordeste do PA e leste do AP: sol com varia\u00e7\u00e3o de nuvens e pancadas de chuva a tarde. No leste do PA: pequena chance de pancadas de chuva a tarde. No extremo sudeste do PA e no TO: predom\u00ednio de sol, com baixos valores de umidade relativa do ar. No oeste do AM: pequena chance de pancadas de chuva. No oeste do PA, centro-norte, norte de RO e demais \u00e1reas do AM, extremo nordeste do AC e em RR: sol com varia\u00e7\u00e3o de nuvens e pancadas de chuva. No sul de RO: possibilidade de pancadas de chuva. no AC: sol entre nuvens. A umidade relativa do ar estar\u00e1 baixa no TO. Temperaturas est\u00e1veis. Temperatura m\u00e1xima: 41C no AC. Temperatura m\u00ednima: 18C no sudoeste do PA.<\/p>\n<p>Regi\u00e3o Sudeste \u2013 previs\u00e3o do tempo em 11\/09\/2010: No litoral do ES e extremo nordeste de MG: dia nublado. No leste de MG, no ES, norte do RJ e extremo sul de SP: sol entre nuvens. Nas demais \u00e1reas da Regi\u00e3o: predom\u00ednio de sol, com baixos valores de umidade relativa do ar. As temperaturas estar\u00e3o em eleva\u00e7\u00e3o no sul de SP. Temperatura m\u00e1xima: 34C no noroeste de SP. Temperatura m\u00ednima: 4C na Serra da Mantiqueira &#8211; SP<\/p>\n<p>Regi\u00e3o Sul \u2013 previs\u00e3o do tempo em 11\/09\/2010: No norte do PR: sol entre nuvens. No extremo sul do PR e nordeste de SC: pequena chance de pancadas de chuva \u00e0 tarde. No extremo sudoeste do PR, demais \u00e1reas de SC e norte do RS: muitas nuvens com pancadas de chuva a qualquer hora, podendo ser localmente forte. Nas demais \u00e1reas do PR: pequena chance de pancada de chuva a noite. No extremo sul do RS: chuva pela manh\u00e3, melhorando ao longo do dia. No centro-oeste do RS: dia nublado com temporais e rajadas de vento. Nas demais \u00e1reas do RS: muitas nuvens com chuva a qualquer hora, podendo ser localmente forte. Temperaturas em eleva\u00e7\u00e3o no PR. Temperatura m\u00e1xima: 32C no norte do PR. Temperatura m\u00ednima: 10C nas \u00e1reas de Serra.<\/p>\n<p>Previs\u00e3o do tempo e temperatura CPTEC<\/p>\n","protected":false},"excerpt":{"rendered":"<p>Previs\u00e3o do tempo \u2013 a meteorologia divulgou a previs\u00e3o do tempo e temperatura para este s\u00e1bado (11\/09) e informa que o avan\u00e7o de uma frente fria pelo RS, provocar\u00e1 chuva no RS e em SC. Inclusive, poder\u00e1 ocorrer temporais em algumas localidades destes estados. Segundo a previs\u00e3o do tempo no nordeste da BA e em [&hellip;]<\/p>\n","protected":false},"author":3,"featured_media":28409,"comment_status":"open","ping_status":"open","sticky":false,"template":"","format":"standard","meta":{"_genesis_hide_title":false,"_genesis_hide_breadcrumbs":false,"_genesis_hide_singular_image":false,"_genesis_hide_footer_widgets":false,"_genesis_custom_body_class":"","_genesis_custom_post_class":"","_genesis_layout":"","_jetpack_memberships_contains_paid_content":false,"footnotes":""},"categories":[22],"tags":[],"class_list":{"0":"post-31357","1":"post","2":"type-post","3":"status-publish","4":"format-standard","5":"has-post-thumbnail","7":"category-brasil","8":"entry","9":"gs-1","10":"gs-odd","11":"gs-even","12":"gs-featured-content-entry"},"jetpack_featured_media_url":"https:\/\/www.redenoticia.com.br\/noticia\/imagens\/previsao-do-tempo-e-temperatura.jpg","jetpack_sharing_enabled":true,"jetpack_likes_enabled":true,"_links":{"self":[{"href":"https:\/\/www.redenoticia.com.br\/noticia\/wp-json\/wp\/v2\/posts\/31357","targetHints":{"allow":["GET"]}}],"collection":[{"href":"https:\/\/www.redenoticia.com.br\/noticia\/wp-json\/wp\/v2\/posts"}],"about":[{"href":"https:\/\/www.redenoticia.com.br\/noticia\/wp-json\/wp\/v2\/types\/post"}],"author":[{"embeddable":true,"href":"https:\/\/www.redenoticia.com.br\/noticia\/wp-json\/wp\/v2\/users\/3"}],"replies":[{"embeddable":true,"href":"https:\/\/www.redenoticia.com.br\/noticia\/wp-json\/wp\/v2\/comments?post=31357"}],"version-history":[{"count":0,"href":"https:\/\/www.redenoticia.com.br\/noticia\/wp-json\/wp\/v2\/posts\/31357\/revisions"}],"wp:featuredmedia":[{"embeddable":true,"href":"https:\/\/www.redenoticia.com.br\/noticia\/wp-json\/wp\/v2\/media\/28409"}],"wp:attachment":[{"href":"https:\/\/www.redenoticia.com.br\/noticia\/wp-json\/wp\/v2\/media?parent=31357"}],"wp:term":[{"taxonomy":"category","embeddable":true,"href":"https:\/\/www.redenoticia.com.br\/noticia\/wp-json\/wp\/v2\/categories?post=31357"},{"taxonomy":"post_tag","embeddable":true,"href":"https:\/\/www.redenoticia.com.br\/noticia\/wp-json\/wp\/v2\/tags?post=31357"}],"curies":[{"name":"wp","href":"https:\/\/api.w.org\/{rel}","templated":true}]}}