{"id":31314,"date":"2010-09-08T11:36:56","date_gmt":"2010-09-08T15:36:56","guid":{"rendered":"http:\/\/www.redenoticia.com.br\/noticia\/?p=31314"},"modified":"2010-09-08T11:36:56","modified_gmt":"2010-09-08T15:36:56","slug":"fiaflora-expogarden-oferece-oficinas-tecnicas-gratuitas","status":"publish","type":"post","link":"https:\/\/www.redenoticia.com.br\/noticia\/2010\/fiaflora-expogarden-oferece-oficinas-tecnicas-gratuitas\/31314","title":{"rendered":"Fiaflora Expogarden oferece oficinas t\u00e9cnicas gratuitas"},"content":{"rendered":"<p>Uma das novidades da 13\u00ba <strong><em>Fiaflora Expogarden<\/em><\/strong>&#8211; Feira Internacional de  Paisagismo, Jardinagem, Lazer e Floricultura, entre 23 e 26 de setembro, no  Pavilh\u00e3o de Exposi\u00e7\u00f5es do Anhembi, ser\u00e1 o ESPA\u00c7O \u201cNATUREZA-VIVA\u201d \u2013 Oficinas  T\u00e9cnicas para Viveiristas, Paisagistas e Jardineiros Profissionais, cujo tema  central \u00e9 \u201cBiodiversidade e Sustentabilidade em Projetos Paisag\u00edsticos e na  Explora\u00e7\u00e3o Econ\u00f4mica das Floras Regionais\u201d.<\/p>\n<p>O objetivo do evento \u00e9 promover a intera\u00e7\u00e3o, a capacita\u00e7\u00e3o, o treinamento e a  troca de informa\u00e7\u00f5es tecnol\u00f3gicas e comerciais entre paisagistas, produtores  profissionais de flores e plantas ornamentais, pesquisadores, empresas p\u00fablicas  prestadoras de servi\u00e7os de natureza ambiental, profissionais das \u00e1reas t\u00e9cnicas  afins, fabricantes industriais e artesanais de insumos para a ind\u00fastria do  paisagismo e da jardinagem e demais agentes atuantes na cadeia produtiva,  favorecendo o desenvolvimento harm\u00f4nico, sustentado e eficiente de todo o setor,  ressaltando as pr\u00e1ticas de sustentabilidade ecol\u00f3gica e ambiental e do  tratamento privilegiado das biodiversidades regionais.<\/p>\n<p>\u201cA ONU (Organiza\u00e7\u00e3o das Na\u00e7\u00f5es Unidas) reconhece oficialmente que 40% da  economia mundial dependem da biodiversidade por estar presente em in\u00fameros  setores produtivos. Proteger e poupar os recursos naturais representam  instrumentos efetivos para a cria\u00e7\u00e3o das potencialidades para o desenvolvimento  e o crescimento cont\u00ednuos rumo ao futuro\u201d, afirma Teodoro Henrique da Silva,  diretor da 13\u00aa FIAFLORA EXPOGARDEN. \u201cAl\u00e9m da economia, a biodiversidade est\u00e1  diretamente relacionada com as atividades do paisagismo, da jardinagem, do  cultivo das flores e plantas ornamentais e da explora\u00e7\u00e3o econ\u00f4mica das floras  regionais\u201d, acrescenta.<\/p>\n<p>Ser\u00e3o dez oficinas t\u00e9cnicas, realizadas em uma arena pr\u00f3pria na feira, com  demonstra\u00e7\u00f5es e intera\u00e7\u00f5es pr\u00e1ticas entre o instrutor e o participante, que  enfatizam os procedimentos de reprodu\u00e7\u00e3o, cultivo, condu\u00e7\u00e3o, enxertia, poda,  acondicionamento, embalagem, transporte, manuseio e conserva\u00e7\u00e3o de flores e  plantas ornamentais para o correto atendimento das novas demandas da ind\u00fastria  da jardinagem e do paisagismo contempor\u00e2neos e da explora\u00e7\u00e3o econ\u00f4mica das  floras regionais, dentro da vis\u00e3o integrada da sustentabilidade e da prote\u00e7\u00e3o da  biodiversidade. As oficinas s\u00e3o gratuitas e as vagas s\u00e3o limitadas. Para fazer  as inscri\u00e7\u00f5es antecipadas, basta entrar em contato pelo telefone (11) 3845-0828  ou pelos e-mails: thsfeiras@uol.com.br ou hortica@uol.com.br<\/p>\n<p>De acordo com Silva, o espa\u00e7o tamb\u00e9m conseguir\u00e1 identificar as tend\u00eancias em  rela\u00e7\u00e3o ao consumo de esp\u00e9cies vegetais, insumos, produtos e servi\u00e7os e  caracterizar as formas de apresenta\u00e7\u00e3o, dimensionamento e adequa\u00e7\u00e3o \u00e0 cadeia de  suprimento e, no caso das plantas ornamentais, insumos e acess\u00f3rios, suas formas  de acondicionamento, manuseio e transporte nas opera\u00e7\u00f5es log\u00edsticas, desde a  \u00e1rea de produ\u00e7\u00e3o at\u00e9 a sua utiliza\u00e7\u00e3o final nos projetos paisag\u00edsticos. \u201cSer\u00e1,  ainda, uma \u00f3tima oportunidade para divulgar e promover o segmento de  floricultura, plantas ornamentais, paisagismo e jardinagem, cujos processos de  produ\u00e7\u00e3o, colheita, p\u00f3s-colheita, distribui\u00e7\u00e3o e consumo sejam reconhecidamente  sustent\u00e1veis e protetores das biodiversidades regionais\u201d, explica.<\/p>\n<p>O ESPA\u00c7O \u201cNATUREZA-VIVA\u201d conta com o patroc\u00ednio do Sebrae \u2013 Servi\u00e7o  Brasileiro de Apoio \u00e0s Micro e Pequenas Empresas e com a coordena\u00e7\u00e3o t\u00e9cnica da  H\u00f3rtica Consultoria e Treinamento<\/p>\n<p>Organizada e promovida pela THS Associados Feiras e Exposi\u00e7\u00f5es, juntamente  com a Reed Exhibitions Alcantara Machado, a 13\u00ba FIAFLORA EXPOGARDEN \u00e9 parte  integrante da Semana Imobili\u00e1ria S\u00e3o Paulo 2010. Al\u00e9m do ESPA\u00c7O \u201cNATUREZA-VIVA\u201d,  a feira ainda contar\u00e1 com mais tr\u00eas eventos paralelos: o 13\u00ba CONGRESSO  BRASILEIRO DE PAISAGISMO, a 13\u00aa MOSTRA PAISAGISMO e o ESPA\u00c7O DESIGN FLORAL.<\/p>\n<p>Para visitar a feira, o interessado pode realizar seu pr\u00e9-credenciamento no  site oficial www.expogarden.com.br. O procedimento \u00e9 r\u00e1pido, f\u00e1cil e gratuito.  Ao acessar o site, \u00e9 s\u00f3 responder as quest\u00f5es solicitadas e, em poucos segundos,  o sistema ir\u00e1 gerar um c\u00f3digo de registro para ser impresso ao final da  opera\u00e7\u00e3o. Quando chegar \u00e0 Feira, o visitante se dirige a um posto de  autoatendimento, similar aos utilizados por companhias a\u00e9reas em aeroportos,  digita o c\u00f3digo gerado e, instantaneamente, ter\u00e1 sua credencial impressa.<\/p>\n<p>Sobre a Semana Imobili\u00e1ria S\u00e3o Paulo 2010<\/p>\n<p>A SEMANA IMOBILI\u00c1RIA S\u00c3O PAULO agrega quatro feiras simult\u00e2neas: SISP (5\u00ba  Sal\u00e3o Imobili\u00e1rio S\u00e3o Paulo), EXPO S\u00cdNDICO SECOVI CONDOM\u00cdNIO (16\u00aa Feira de  Novidades e Solu\u00e7\u00f5es para Condom\u00ednios, Resid\u00eancias e Empresas), FIAFLORA  EXPOGARDEN (13\u00aa Feira Internacional de Neg\u00f3cios de Paisagismo, Jardinagem, Lazer  e Floricultura) e CASA &amp; DECORA\u00c7\u00c3O SHOW (Feira de M\u00f3veis, Produtos para  Decora\u00e7\u00e3o e Complementos para o Lar), al\u00e9m de tr\u00eas eventos integrados: Pr\u00eamio  Master, Ciclo De Palestras Para S\u00edndicos e Conven\u00e7\u00e3o Secovi. A expectativa \u00e9  receber mais de 85 mil visitantes, em 40 mil m\u00b2 de exposi\u00e7\u00e3o.<\/p>\n<p>13\u00aa FIAFLORA EXPOGARDEN &#8211; Feira internacional de neg\u00f3cios de paisagismo,  jardinagem, lazer e floricultura<br \/>\nData: 23 a 26 de setembro de  2010<br \/>\nHor\u00e1rio: Quinta e Sexta (23 e 24\/9): das 12h \u00e0s 21h<br \/>\nHor\u00e1rio: S\u00e1bado e  Domingo (25 e 26\/9) das 10 \u00e0s 21h<br \/>\nLocal: Pavilh\u00e3o de Exposi\u00e7\u00f5es do Anhembi.  Av. Olavo Fountora, 1209, Santana, S\u00e3o Paulo-SP.<br \/>\nSite: www.expogarden.com.br<br \/>\nCentral de atendimento: (11) 3845-0828 \/ thsfeiras@uol.com.br<br \/>\nOBS: N\u00e3o \u00e9  permitida a entrada para menores de 16 anos, mesmo que acompanhados.<\/p>\n","protected":false},"excerpt":{"rendered":"<p>Uma das novidades da 13\u00ba Fiaflora Expogarden&#8211; Feira Internacional de Paisagismo, Jardinagem, Lazer e Floricultura, entre 23 e 26 de setembro, no Pavilh\u00e3o de Exposi\u00e7\u00f5es do Anhembi, ser\u00e1 o ESPA\u00c7O \u201cNATUREZA-VIVA\u201d \u2013 Oficinas T\u00e9cnicas para Viveiristas, Paisagistas e Jardineiros Profissionais, cujo tema central \u00e9 \u201cBiodiversidade e Sustentabilidade em Projetos Paisag\u00edsticos e na Explora\u00e7\u00e3o Econ\u00f4mica das [&hellip;]<\/p>\n","protected":false},"author":3,"featured_media":0,"comment_status":"open","ping_status":"open","sticky":false,"template":"","format":"standard","meta":{"_genesis_hide_title":false,"_genesis_hide_breadcrumbs":false,"_genesis_hide_singular_image":false,"_genesis_hide_footer_widgets":false,"_genesis_custom_body_class":"","_genesis_custom_post_class":"","_genesis_layout":"","_jetpack_memberships_contains_paid_content":false,"footnotes":""},"categories":[22,351,370],"tags":[],"class_list":{"0":"post-31314","1":"post","2":"type-post","3":"status-publish","4":"format-standard","6":"category-brasil","7":"category-cursos","8":"category-inscricao","9":"entry","10":"gs-1","11":"gs-odd","12":"gs-even","13":"gs-featured-content-entry"},"jetpack_featured_media_url":"","jetpack_sharing_enabled":true,"jetpack_likes_enabled":true,"_links":{"self":[{"href":"https:\/\/www.redenoticia.com.br\/noticia\/wp-json\/wp\/v2\/posts\/31314","targetHints":{"allow":["GET"]}}],"collection":[{"href":"https:\/\/www.redenoticia.com.br\/noticia\/wp-json\/wp\/v2\/posts"}],"about":[{"href":"https:\/\/www.redenoticia.com.br\/noticia\/wp-json\/wp\/v2\/types\/post"}],"author":[{"embeddable":true,"href":"https:\/\/www.redenoticia.com.br\/noticia\/wp-json\/wp\/v2\/users\/3"}],"replies":[{"embeddable":true,"href":"https:\/\/www.redenoticia.com.br\/noticia\/wp-json\/wp\/v2\/comments?post=31314"}],"version-history":[{"count":0,"href":"https:\/\/www.redenoticia.com.br\/noticia\/wp-json\/wp\/v2\/posts\/31314\/revisions"}],"wp:attachment":[{"href":"https:\/\/www.redenoticia.com.br\/noticia\/wp-json\/wp\/v2\/media?parent=31314"}],"wp:term":[{"taxonomy":"category","embeddable":true,"href":"https:\/\/www.redenoticia.com.br\/noticia\/wp-json\/wp\/v2\/categories?post=31314"},{"taxonomy":"post_tag","embeddable":true,"href":"https:\/\/www.redenoticia.com.br\/noticia\/wp-json\/wp\/v2\/tags?post=31314"}],"curies":[{"name":"wp","href":"https:\/\/api.w.org\/{rel}","templated":true}]}}