{"id":31292,"date":"2010-09-06T16:59:43","date_gmt":"2010-09-06T20:59:43","guid":{"rendered":"http:\/\/www.redenoticia.com.br\/noticia\/?p=31292"},"modified":"2010-09-06T16:59:43","modified_gmt":"2010-09-06T20:59:43","slug":"falencias-decretadas-crescem-em-agosto","status":"publish","type":"post","link":"https:\/\/www.redenoticia.com.br\/noticia\/2010\/falencias-decretadas-crescem-em-agosto\/31292","title":{"rendered":"Fal\u00eancias decretadas crescem em agosto"},"content":{"rendered":"<p>O n\u00famero de empresas que tiveram <strong><em>fal\u00eancia <\/em><\/strong>decretada cresceu 18,9% em agosto,  na rela\u00e7\u00e3o com julho, conforme revela o Indicador Serasa Experian de Fal\u00eancias e  Recupera\u00e7\u00f5es. Ao todo, houve 63 decretos no oitavo m\u00eas do ano, sendo 55 de micro  e pequenas empresas, 5 de m\u00e9dias e 3 de grandes.<br \/>\nQuanto \u00e0s fal\u00eancias  requeridas, o indicador tamb\u00e9m verificou eleva\u00e7\u00e3o. Em agosto, foram 186 pedidos  de fal\u00eancia, 5,1% a mais que em julho \u00faltimo. Destes, 119 foram requeridos por  micro e pequenas empresas, 46 por m\u00e9dias, e 21 por grandes.<\/p>\n<p>As eleva\u00e7\u00f5es  verificadas na rela\u00e7\u00e3o mensal \u2013 tanto nas fal\u00eancias decretadas como nos pedidos  de fal\u00eancia \u2013, se devem \u00e0 desacelera\u00e7\u00e3o econ\u00f4mica no segundo trimestre e ao  impacto da eleva\u00e7\u00e3o dos juros no capital de giro, segundo an\u00e1lise dos  economistas da Serasa Experian.<\/p>\n<p>J\u00e1 na rela\u00e7\u00e3o agosto de 2010 sobre agosto de 2009, as fal\u00eancias  decretadas e requeridas apresentaram queda. Houve uma diminui\u00e7\u00e3o de 4,5% no  n\u00famero de decretos, e de 11,4% no de requerimentos. Em agosto de 2009, apesar do  pa\u00eds j\u00e1 ter sa\u00eddo da crise econ\u00f4mica internacional, os indicadores de  insolv\u00eancia ainda eram elevados, o que justifica a queda verificada, apontam os  economistas.<\/p>\n<p>A perspectiva \u00e9 de que as fal\u00eancias oscilem mensalmente,  refletindo o ritmo da atividade econ\u00f4mica. Os economistas da Serasa Experian  acreditam, ainda, que em se confirmando a expectativa de um bom final de ano  para o com\u00e9rcio e a ind\u00fastria, deve haver uma maior redu\u00e7\u00e3o na insolv\u00eancia dos  neg\u00f3cios.<\/p>\n<p>*Confira abaixo tabela completa com os n\u00fameros de fal\u00eancias e  recupera\u00e7\u00f5es:<\/p>\n<p>Metodologia<br \/>\nO Indicador Serasa Experian de Fal\u00eancias e  Recupera\u00e7\u00f5es \u00e9 constru\u00eddo a partir do levantamento mensal das estat\u00edsticas de  fal\u00eancias (requeridas e decretadas) e das recupera\u00e7\u00f5es judiciais e  extrajudiciais registradas mensalmente na base de dados da Serasa Experian,  provenientes dos f\u00f3runs, varas de fal\u00eancias e dos Di\u00e1rios Oficiais e da Justi\u00e7a  dos estados. O indicador \u00e9 segmentado por porte.<\/p>\n<p>Serasa Experian<\/p>\n<p>A Serasa Experian \u00e9 l\u00edder na Am\u00e9rica Latina em servi\u00e7os de informa\u00e7\u00f5es para  apoio na tomada de decis\u00f5es das empresas. No Brasil, \u00e9 sin\u00f4nimo de solu\u00e7\u00e3o para  todas as etapas do ciclo de neg\u00f3cios, desde a prospec\u00e7\u00e3o at\u00e9 a cobran\u00e7a,  oferecendo \u00e0s organiza\u00e7\u00f5es as melhores ferramentas. Com profundo conhecimento do  mercado brasileiro, conjuga a for\u00e7a e a tradi\u00e7\u00e3o do nome Serasa com a lideran\u00e7a  mundial da Experian. Criada em 1968, uniu-se \u00e0 Experian Company em 2007.  Responde on-line\/real-time a 4 milh\u00f5es de consultas por dia, auxiliando 400 mil  clientes diretos e indiretos a tomar a melhor decis\u00e3o em qualquer etapa de  neg\u00f3cio. \u00c9 a maior Autoridade Certificadora do Brasil, provendo todos os tipos  de certificados digitais e solu\u00e7\u00f5es customizadas para utiliza\u00e7\u00e3o da tecnologia  de certifica\u00e7\u00e3o digital e de Notas Fiscais Eletr\u00f4nicas (NF-e), tornando os  neg\u00f3cios mais seguros, \u00e1geis e rent\u00e1veis.<br \/>\nConstantemente orientada para  solu\u00e7\u00f5es inovadoras em informa\u00e7\u00f5es para cr\u00e9dito, marketing e neg\u00f3cios, a Serasa  Experian vem contribuindo para a transforma\u00e7\u00e3o do mercado de solu\u00e7\u00f5es de  informa\u00e7\u00e3o, com a incorpora\u00e7\u00e3o cont\u00ednua dos mais avan\u00e7ados recursos de  intelig\u00eancia e tecnologia.<br \/>\nwww.serasaexperian.com.br<\/p>\n<p>Experian<\/p>\n<p>A Serasa Experian \u00e9 parte do grupo Experian, l\u00edder mundial em servi\u00e7os de  informa\u00e7\u00e3o, fornecendo dados e ferramentas de an\u00e1lise a clientes em mais de 90  pa\u00edses. A empresa auxilia os clientes no gerenciamento do risco de cr\u00e9dito,  preven\u00e7\u00e3o a fraudes, direcionamento de campanhas de marketing e na automatiza\u00e7\u00e3o  o processo de tomada de decis\u00e3o. A Experian plc tamb\u00e9m ap\u00f3ia pessoas f\u00edsicas no  gerenciamento de seus relat\u00f3rios e scores de cr\u00e9dito e na prote\u00e7\u00e3o a fraudes de  identidade.<br \/>\nA Experian plc est\u00e1 registrada na Bolsa de Valores de Londres  (EXPN) e comp\u00f5e o \u00edndice FTSE 100, que \u00e9 o principal indicador do desempenho  m\u00e9dio das cota\u00e7\u00f5es da Bolsa de Londres. A receita total para o ano fiscal  encerrado em 31 de mar\u00e7o de 2010 foi de US$ 3,9 bilh\u00f5es. A empresa emprega cerca  de 15.000 pessoas em 40 pa\u00edses e possui sede corporativa em Dublin, na Irlanda e  sedes operacionais em Nottingham, no Reino Unido; em Costa Mesa, na Calif\u00f3rnia e  em S\u00e3o Paulo, Brasil.<br \/>\nPara mais informa\u00e7\u00f5es, visite  http:\/\/www.experianplc.com<\/p>\n","protected":false},"excerpt":{"rendered":"<p>O n\u00famero de empresas que tiveram fal\u00eancia decretada cresceu 18,9% em agosto, na rela\u00e7\u00e3o com julho, conforme revela o Indicador Serasa Experian de Fal\u00eancias e Recupera\u00e7\u00f5es. Ao todo, houve 63 decretos no oitavo m\u00eas do ano, sendo 55 de micro e pequenas empresas, 5 de m\u00e9dias e 3 de grandes. Quanto \u00e0s fal\u00eancias requeridas, o [&hellip;]<\/p>\n","protected":false},"author":3,"featured_media":0,"comment_status":"open","ping_status":"open","sticky":false,"template":"","format":"standard","meta":{"_genesis_hide_title":false,"_genesis_hide_breadcrumbs":false,"_genesis_hide_singular_image":false,"_genesis_hide_footer_widgets":false,"_genesis_custom_body_class":"","_genesis_custom_post_class":"","_genesis_layout":"","_jetpack_memberships_contains_paid_content":false,"footnotes":""},"categories":[22,7],"tags":[],"class_list":{"0":"post-31292","1":"post","2":"type-post","3":"status-publish","4":"format-standard","6":"category-brasil","7":"category-economia","8":"entry","9":"gs-1","10":"gs-odd","11":"gs-even","12":"gs-featured-content-entry"},"jetpack_featured_media_url":"","jetpack_sharing_enabled":true,"jetpack_likes_enabled":true,"_links":{"self":[{"href":"https:\/\/www.redenoticia.com.br\/noticia\/wp-json\/wp\/v2\/posts\/31292","targetHints":{"allow":["GET"]}}],"collection":[{"href":"https:\/\/www.redenoticia.com.br\/noticia\/wp-json\/wp\/v2\/posts"}],"about":[{"href":"https:\/\/www.redenoticia.com.br\/noticia\/wp-json\/wp\/v2\/types\/post"}],"author":[{"embeddable":true,"href":"https:\/\/www.redenoticia.com.br\/noticia\/wp-json\/wp\/v2\/users\/3"}],"replies":[{"embeddable":true,"href":"https:\/\/www.redenoticia.com.br\/noticia\/wp-json\/wp\/v2\/comments?post=31292"}],"version-history":[{"count":0,"href":"https:\/\/www.redenoticia.com.br\/noticia\/wp-json\/wp\/v2\/posts\/31292\/revisions"}],"wp:attachment":[{"href":"https:\/\/www.redenoticia.com.br\/noticia\/wp-json\/wp\/v2\/media?parent=31292"}],"wp:term":[{"taxonomy":"category","embeddable":true,"href":"https:\/\/www.redenoticia.com.br\/noticia\/wp-json\/wp\/v2\/categories?post=31292"},{"taxonomy":"post_tag","embeddable":true,"href":"https:\/\/www.redenoticia.com.br\/noticia\/wp-json\/wp\/v2\/tags?post=31292"}],"curies":[{"name":"wp","href":"https:\/\/api.w.org\/{rel}","templated":true}]}}