{"id":31289,"date":"2010-09-06T16:53:23","date_gmt":"2010-09-06T20:53:23","guid":{"rendered":"http:\/\/www.redenoticia.com.br\/noticia\/?p=31289"},"modified":"2010-09-06T16:53:23","modified_gmt":"2010-09-06T20:53:23","slug":"tecnologia-ajuda-a-evitar-uso-do-fogo-na-agricultura","status":"publish","type":"post","link":"https:\/\/www.redenoticia.com.br\/noticia\/2010\/tecnologia-ajuda-a-evitar-uso-do-fogo-na-agricultura\/31289","title":{"rendered":"Tecnologia ajuda a evitar uso do fogo na agricultura"},"content":{"rendered":"<p>A \u00e9poca de maior estiagem em algumas regi\u00f5es do Brasil acontece entre os meses  de agosto e setembro. Este per\u00edodo \u00e9 marcado pela intensifica\u00e7\u00e3o das queimadas e  pela espessa nuvem de fuma\u00e7a que cobre as cidades. Al\u00e9m dos danos causados \u00e0  natureza, as queimadas prejudicam a sa\u00fade porque afetam a qualidade do ar e  provocam doen\u00e7as respirat\u00f3rias. No in\u00edcio de agosto, o governo do Acre decretou  estado de alerta ambiental, devido ao elevado n\u00famero de queimadas no stado.  Encontrar alternativas ao uso do fogo na agropecu\u00e1ria tem sido um desafio para  institui\u00e7\u00f5es de pesquisa e fomento do Pa\u00eds. Com esta preocupa\u00e7\u00e3o, h\u00e1 v\u00e1rios anos  a Embrapa atua no desenvolvimento de solu\u00e7\u00f5es tecnol\u00f3gicas acess\u00edveis ao pequeno  produtor, para <strong><em>evitar o fogo nas atividades agr\u00edcolas<\/em><\/strong> e pecu\u00e1rias da  regi\u00e3o.<br \/>\nO fogo \u00e9 uma das mais antigas pr\u00e1ticas incorporadas aos sistemas de  produ\u00e7\u00e3o, por facilitar a limpeza de \u00e1rea e porque, acredita-se, a pr\u00e1tica torna  a terra mais f\u00e9rtil, incorporando nutrientes da vegeta\u00e7\u00e3o ao solo.<\/p>\n<p>Apesar dessa  cren\u00e7a ser verdadeira, parte dos nutrientes incorporados com a queimada como  c\u00e1lcio, pot\u00e1ssio e magn\u00e9sio &#8211; promotores do ef\u00eamero fen\u00f4meno de fertiliza\u00e7\u00e3o do  solo &#8211; se perde na atmosfera, fazendo com que o efeito dessa \u201cfertiliza\u00e7\u00e3o\u201d seja  de r\u00e1pida a\u00e7\u00e3o. Pesquisas comprovam que a queima provoca a perda de 98% de  carbono, 96% de nitrog\u00eanio, 76% de enxofre, 48% de pot\u00e1ssio, 47% de f\u00f3sforo, 40%  de magn\u00e9sio e 30% de s\u00f3dio, provocando o empobrecimento do solo.<\/p>\n<p>Em 2005,  quando o Acre vivia uma das maiores secas de sua hist\u00f3ria, foram registrados  22.948 focos de calor e um recorde de inc\u00eandios florestais, com preju\u00edzos para a  biodiversidade, fertilidade dos solos, produtores, governo e a popula\u00e7\u00e3o em  geral. Segundo dados do Instituto Nacional de Pesquisas Espaciais (Inpe), este  ano os sat\u00e9lites registram, em um \u00fanico dia de agosto, 12.629 focos de queimadas  em todo o Pa\u00eds, a maioria nas regi\u00f5es Norte e Centro-Oeste. Dados da  fiscaliza\u00e7\u00e3o estadual revelam que a quantidade de focos de inc\u00eandio no Acre  cresceu 123% em compara\u00e7\u00e3o a 2008 e 587% em rela\u00e7\u00e3o ao ano  passado.<\/p>\n<p>Alternativas<br \/>\nTecnologias simples e acess\u00edveis, como o uso de  leguminosas, podem substituir o sistema de derruba e queima. A mucuna preta est\u00e1  entre as alternativas utilizadas por agricultores de diversos munic\u00edpios  acrianos para evitar o uso do fogo na agricultura, ajudando na recupera\u00e7\u00e3o de  \u00e1reas degradadas. De f\u00e1cil cultivo, a planta proporciona benef\u00edcios ao solo e  pode melhorar a produtividade agr\u00edcola.<\/p>\n<p>Segundo o pesquisador da Embrapa  Acre, Falberni Costa, o cultivo de plantas de cobertura de solo, como as  leguminosas, ajuda na prote\u00e7\u00e3o contra os processos erosivos, causados pela a\u00e7\u00e3o  da chuva, adiciona nitrog\u00eanio org\u00e2nico ao solo, para cultivos sucessores \u00e0s  leguminosas, auxilia no combate \u00e0s ervas daninhas, com reflexos na limpeza das  \u00e1reas para cultivo, e incorpora mat\u00e9ria org\u00e2nica ao solo, servindo de adubo  natural.<br \/>\n\u201cO uso destas plantas, por\u00e9m, deve ser associado a outras pr\u00e1ticas  agron\u00f4micas para garantir a recupera\u00e7\u00e3o e o aumento da fertilidade de solos  empobrecidos com o sistema de derruba e queima. Para maior efici\u00eancia desta  t\u00e9cnica \u00e9 necess\u00e1rio, por exemplo, a associa\u00e7\u00e3o a programas de corre\u00e7\u00e3o e  fertiliza\u00e7\u00e3o de solos, al\u00e9m da diversifica\u00e7\u00e3o da produ\u00e7\u00e3o e dos sistemas  agr\u00edcolas que revolvam minimamente o solo, como \u00e9 o caso do plantio direto\u201d,  explica Costa.<\/p>\n<p>Outra alternativa para uma agricultura sem fogo \u00e9 a tritura\u00e7\u00e3o  da capoeira, que serve de cobertura e adubo natural para o solo. Esta pr\u00e1tica \u00e9  poss\u00edvel com o equipamento conhecido como Tritucap, um trator de grande porte  equipado com triturador de capoeira. A tecnologia desenvolvida pela Embrapa  Amaz\u00f4nia Oriental (Bel\u00e9m, PA), em parceria com duas Universidades alem\u00e3s, j\u00e1 \u00e9  adotada em alguns estados da Amaz\u00f4nia e, em breve, ser\u00e1 realidade tamb\u00e9m para  produtores familiares do Acre.<\/p>\n<p>Por meio de um programa de transfer\u00eancia de  tecnologias voltado para o fortalecimento da agricultura familiar, a Embrapa  Acre adquiriu dois destes equipamentos para uso em atividades de pesquisa em  propriedades rurais nas regi\u00f5es do Alto Acre, Baixo Acre e Purus, e para  atendimento de demandas tecnol\u00f3gicas de comunidades rurais do Vale do Juru\u00e1.  Segundo Francisco de Assis Silva, chefe adjunto de Comunica\u00e7\u00e3o e Neg\u00f3cios da  Unidade, os tratores v\u00e3o estimular a utiliza\u00e7\u00e3o de m\u00e9todos de recupera\u00e7\u00e3o e  conserva\u00e7\u00e3o da fertilidade do solo, evitando a abertura de novas \u00e1reas de  produ\u00e7\u00e3o e a pr\u00e1tica das queimadas.<\/p>\n<p>As tecnologias alternativas ao uso do  fogo, desenvolvidas pela Embrapa Acre, tamb\u00e9m contemplam a pecu\u00e1ria. Entre elas  est\u00e1 o amendoim forrageiro, leguminosa bastante utilizada em cons\u00f3rcio com  gram\u00edneas.<br \/>\nSuas folhas e talos secos servem para adubar o solo, aumentando a  fertilidade e a capacidade produtiva, resultando em melhoria na qualidade das  pastagens e aumento da longevidade dos capins e evitando a queima para renova\u00e7\u00e3o  de pastagens.<\/p>\n","protected":false},"excerpt":{"rendered":"<p>A \u00e9poca de maior estiagem em algumas regi\u00f5es do Brasil acontece entre os meses de agosto e setembro. Este per\u00edodo \u00e9 marcado pela intensifica\u00e7\u00e3o das queimadas e pela espessa nuvem de fuma\u00e7a que cobre as cidades. Al\u00e9m dos danos causados \u00e0 natureza, as queimadas prejudicam a sa\u00fade porque afetam a qualidade do ar e provocam [&hellip;]<\/p>\n","protected":false},"author":3,"featured_media":0,"comment_status":"open","ping_status":"open","sticky":false,"template":"","format":"standard","meta":{"_genesis_hide_title":false,"_genesis_hide_breadcrumbs":false,"_genesis_hide_singular_image":false,"_genesis_hide_footer_widgets":false,"_genesis_custom_body_class":"","_genesis_custom_post_class":"","_genesis_layout":"","_jetpack_memberships_contains_paid_content":false,"footnotes":""},"categories":[22],"tags":[],"class_list":{"0":"post-31289","1":"post","2":"type-post","3":"status-publish","4":"format-standard","6":"category-brasil","7":"entry","8":"gs-1","9":"gs-odd","10":"gs-even","11":"gs-featured-content-entry"},"jetpack_featured_media_url":"","jetpack_sharing_enabled":true,"jetpack_likes_enabled":true,"_links":{"self":[{"href":"https:\/\/www.redenoticia.com.br\/noticia\/wp-json\/wp\/v2\/posts\/31289","targetHints":{"allow":["GET"]}}],"collection":[{"href":"https:\/\/www.redenoticia.com.br\/noticia\/wp-json\/wp\/v2\/posts"}],"about":[{"href":"https:\/\/www.redenoticia.com.br\/noticia\/wp-json\/wp\/v2\/types\/post"}],"author":[{"embeddable":true,"href":"https:\/\/www.redenoticia.com.br\/noticia\/wp-json\/wp\/v2\/users\/3"}],"replies":[{"embeddable":true,"href":"https:\/\/www.redenoticia.com.br\/noticia\/wp-json\/wp\/v2\/comments?post=31289"}],"version-history":[{"count":0,"href":"https:\/\/www.redenoticia.com.br\/noticia\/wp-json\/wp\/v2\/posts\/31289\/revisions"}],"wp:attachment":[{"href":"https:\/\/www.redenoticia.com.br\/noticia\/wp-json\/wp\/v2\/media?parent=31289"}],"wp:term":[{"taxonomy":"category","embeddable":true,"href":"https:\/\/www.redenoticia.com.br\/noticia\/wp-json\/wp\/v2\/categories?post=31289"},{"taxonomy":"post_tag","embeddable":true,"href":"https:\/\/www.redenoticia.com.br\/noticia\/wp-json\/wp\/v2\/tags?post=31289"}],"curies":[{"name":"wp","href":"https:\/\/api.w.org\/{rel}","templated":true}]}}