{"id":31167,"date":"2010-08-31T11:51:33","date_gmt":"2010-08-31T15:51:33","guid":{"rendered":"http:\/\/www.redenoticia.com.br\/noticia\/?p=31167"},"modified":"2010-08-31T11:51:33","modified_gmt":"2010-08-31T15:51:33","slug":"inadimplencia-segue-tendencia-de-queda","status":"publish","type":"post","link":"https:\/\/www.redenoticia.com.br\/noticia\/2010\/inadimplencia-segue-tendencia-de-queda\/31167","title":{"rendered":"Inadimpl\u00eancia segue tend\u00eancia de queda"},"content":{"rendered":"<p>Levantamento da Anef (Associa\u00e7\u00e3o Nacional das Empresas Financeiras das  Montadoras), referente ao m\u00eas de julho de 2010, confirma a tend\u00eancia de queda na<strong><em> inadimpl\u00eancia<\/em><\/strong> acima de 90 dias na carteira de CDC (Cr\u00e9dito Direto ao Consumidor)  para aquisi\u00e7\u00e3o de ve\u00edculos por pessoas f\u00edsicas. O estudo aponta que o \u00edndice de  inadimpl\u00eancia foi de 3,4% em julho de 2010, contra 5,3% no mesmo per\u00edodo no ano  passado. Isso representa um recuo de 35,8% em 12 meses e de 22,7% no acumulado  do ano. \u201cO mercado encontra-se em n\u00edvel de estabilidade, com as atividades  econ\u00f4micas restabelecidas, as vendas financiadas de autom\u00f3veis seguindo em sua  total normalidade e o consumidor demonstra mais maturidade, pois vem assumindo  compromissos dentro de sua capacidade de pagamento. Prova disso \u00e9 que o atual  \u00edndice de inadimpl\u00eancia, de 3,4%, \u00e9 inferior ao de agosto de 2008, quando estava  em 3,74%, per\u00edodo referente \u00e0 pr\u00e9-crise financeira internacional\u201d, avalia D\u00e9cio  Carbonari de Almeida, presidente da Anef.<\/p>\n<p>O saldo das carteiras de CDC e Leasing atingiu R$ 170,4 bilh\u00f5es em julho de  2010, valor 14% superior ao registrado em julho de 2009 (R$ 149,3 bilh\u00f5es).  Desse total, R$ 115,2 bilh\u00f5es correspondem ao CDC, que teve um incremento de  36,7% em doze meses (R$ 84,2 bilh\u00f5es) e R$ 55,2 bilh\u00f5es equivalem \u00e0 carteira de  Leasing, que apresentou uma retra\u00e7\u00e3o de 15,3% em doze meses (R$ 65,1  bilh\u00f5es).<\/p>\n<p>A taxa m\u00e9dia de juros praticada pelas associadas \u00e0 Anef em julho ficou em  1,45% ao m\u00eas, enquanto no mesmo per\u00edodo de 2009 essa taxa era de 1,49% ao m\u00eas.  J\u00e1 comparando os meses de junho e julho de 2010, houve uma eleva\u00e7\u00e3o, por\u00e9m, foi  inferior a varia\u00e7\u00e3o da Selic no per\u00edodo. Enquanto a Selic cresceu 0,03 ponto  percentual, passando de 0,82% ao m\u00eas (junho) para 0,85% ao m\u00eas (julho), a taxa  m\u00e9dia de juros dos associados da Anef aumentou 0,02 ponto percentual, de 1,43%  ao m\u00eas (junho) para 1,45% ao m\u00eas (julho). \u201cMesmo com essa altera\u00e7\u00e3o na taxa de  juros, o saldo das carteiras de CDC e Leasing segue em eleva\u00e7\u00e3o, o que reflete a  confian\u00e7a do consumidor na economia brasileira para as compras a prazo de  autom\u00f3veis\u201d, afirma Almeida.<\/p>\n<p>Sobre os planos m\u00e9dios de financiamento, em julho, ficaram em 41 meses ante  42 meses no mesmo per\u00edodo do ano passado.<\/p>\n<p>Fundada em 1993, a ANEF representa as suas marcas associadas junto aos \u00f3rg\u00e3os  do governo, de entidades de classe e associa\u00e7\u00f5es cong\u00eaneres, divulga, esclarece  e presta informa\u00e7\u00f5es tanto \u00e0 imprensa quanto aos consumidores em geral sobre as  modalidades de financiamentos \u2013 CDC (Cr\u00e9dito Diretor ao Consumidor), Finame,  Leasing e Cons\u00f3rcio \u2013, nos segmentos autom\u00f3veis, \u00f4nibus, caminh\u00f5es e  motocicletas. A entidade representa, hoje, 14 marcas e suas respectivas  estruturas de servi\u00e7os de financiamento, incluindo bancos, empresas de  arrendamento mercantil e administradoras de cons\u00f3rcios vinculados \u00e0 ind\u00fastria  automotiva.<\/p>\n","protected":false},"excerpt":{"rendered":"<p>Levantamento da Anef (Associa\u00e7\u00e3o Nacional das Empresas Financeiras das Montadoras), referente ao m\u00eas de julho de 2010, confirma a tend\u00eancia de queda na inadimpl\u00eancia acima de 90 dias na carteira de CDC (Cr\u00e9dito Direto ao Consumidor) para aquisi\u00e7\u00e3o de ve\u00edculos por pessoas f\u00edsicas. O estudo aponta que o \u00edndice de inadimpl\u00eancia foi de 3,4% em [&hellip;]<\/p>\n","protected":false},"author":3,"featured_media":0,"comment_status":"open","ping_status":"open","sticky":false,"template":"","format":"standard","meta":{"_genesis_hide_title":false,"_genesis_hide_breadcrumbs":false,"_genesis_hide_singular_image":false,"_genesis_hide_footer_widgets":false,"_genesis_custom_body_class":"","_genesis_custom_post_class":"","_genesis_layout":"","_jetpack_memberships_contains_paid_content":false,"footnotes":""},"categories":[22,7],"tags":[],"class_list":{"0":"post-31167","1":"post","2":"type-post","3":"status-publish","4":"format-standard","6":"category-brasil","7":"category-economia","8":"entry","9":"gs-1","10":"gs-odd","11":"gs-even","12":"gs-featured-content-entry"},"jetpack_featured_media_url":"","jetpack_sharing_enabled":true,"jetpack_likes_enabled":true,"_links":{"self":[{"href":"https:\/\/www.redenoticia.com.br\/noticia\/wp-json\/wp\/v2\/posts\/31167","targetHints":{"allow":["GET"]}}],"collection":[{"href":"https:\/\/www.redenoticia.com.br\/noticia\/wp-json\/wp\/v2\/posts"}],"about":[{"href":"https:\/\/www.redenoticia.com.br\/noticia\/wp-json\/wp\/v2\/types\/post"}],"author":[{"embeddable":true,"href":"https:\/\/www.redenoticia.com.br\/noticia\/wp-json\/wp\/v2\/users\/3"}],"replies":[{"embeddable":true,"href":"https:\/\/www.redenoticia.com.br\/noticia\/wp-json\/wp\/v2\/comments?post=31167"}],"version-history":[{"count":0,"href":"https:\/\/www.redenoticia.com.br\/noticia\/wp-json\/wp\/v2\/posts\/31167\/revisions"}],"wp:attachment":[{"href":"https:\/\/www.redenoticia.com.br\/noticia\/wp-json\/wp\/v2\/media?parent=31167"}],"wp:term":[{"taxonomy":"category","embeddable":true,"href":"https:\/\/www.redenoticia.com.br\/noticia\/wp-json\/wp\/v2\/categories?post=31167"},{"taxonomy":"post_tag","embeddable":true,"href":"https:\/\/www.redenoticia.com.br\/noticia\/wp-json\/wp\/v2\/tags?post=31167"}],"curies":[{"name":"wp","href":"https:\/\/api.w.org\/{rel}","templated":true}]}}