{"id":31165,"date":"2010-08-31T11:45:37","date_gmt":"2010-08-31T15:45:37","guid":{"rendered":"http:\/\/www.redenoticia.com.br\/noticia\/?p=31165"},"modified":"2010-08-31T12:04:30","modified_gmt":"2010-08-31T16:04:30","slug":"caravana-da-leitura-em-sorocaba-e-regiao","status":"publish","type":"post","link":"https:\/\/www.redenoticia.com.br\/noticia\/2010\/caravana-da-leitura-em-sorocaba-e-regiao\/31165","title":{"rendered":"Caravana da Leitura em Sorocaba e Regi\u00e3o"},"content":{"rendered":"<p>O projeto \u201c<strong><em>Caravana da Leitura<\/em><\/strong>\u201d que passar\u00e1 por Sorocaba vendendo as obras de  La\u00e9 de Souza pelo valor simb\u00f3lico de R$1,00 convida os escritores de Sorocaba e  Regi\u00e3o para fazerem parte do evento.\u00a0A proposta \u00e9 que o escritor  interessado entregue ao grupo \u201cProjetos de Leitura\u201d cinco exemplares de suas  obras, que dever\u00e3o ser liter\u00e1rias, para comercializa\u00e7\u00e3o pelo mesmo pre\u00e7o das que  estar\u00e3o expostas na tenda da Caravana da Leitura. Ao entregar as obras, o  escritor receber\u00e1 o valor correspondente ao valor de venda e os livros que n\u00e3o  forem adquiridos pela popula\u00e7\u00e3o ficar\u00e3o com o grupo para exposi\u00e7\u00e3o em outras  caravanas ou doa\u00e7\u00e3o para bibliotecas.<\/p>\n<p>A Caravana da Leitura, realizada em pra\u00e7a p\u00fablica, percorre cerca de quarenta  cidades por ano e \u00e9 a primeira vez que o autor convida outros autores a exporem  as suas obras. Segundo La\u00e9, dependendo do resultado, a experi\u00eancia poder\u00e1  continuar em outros eventos.<\/p>\n<p>A caravana que passar\u00e1 por v\u00e1rias cidades da regi\u00e3o, entre elas Ara\u00e7ariguama  e S\u00e3o Roque, estar\u00e1 em Sorocaba nos dias 8 e 9 de outubro.<\/p>\n<p>Escritores interessados dever\u00e3o encaminhar e-mail pelo contato do site  www.projetosdeleitura.com.br<\/p>\n<p>Como funciona o projeto<br \/>\nPara realiza\u00e7\u00e3o das atividades uma tenda \u00e9 montada  em pra\u00e7a p\u00fablica, com a exposi\u00e7\u00e3o de muitos livros. Como numa feira livre, al\u00e9m  de estudantes convidados para o evento, as pessoas podem circular, pegar os  livros, ler, comprar e obter orienta\u00e7\u00f5es de uma equipe multidisplinar que  auxilia aos leitores na escolha das obras. A ideia da tenda \u00e9 aproximar as  pessoas de forma livre e sem compromisso, permitindo que elas sintam-se parte  integrante desse grande movimento em prol da leitura.<\/p>\n<p>Sobre o Grupo Projetos de Leitura<br \/>\nO Grupo Projetos de Leitura iniciou seu  trabalho em 1998 e tem seus projetos aprovados pelo Minist\u00e9rio da Cultura, al\u00e9m  de contar com o apoio de patrocinadores, parceiros e envolvimento dos  professores. Com Sede em S\u00e3o Paulo, o grupo atua em todo territ\u00f3rio nacional  desenvolvendo projetos sem fins lucrativos, com objetivo de vencer um dos  maiores desafios encontrados pelos professores e amantes da literatura: o h\u00e1bito  da leitura.<\/p>\n","protected":false},"excerpt":{"rendered":"<p>O projeto \u201cCaravana da Leitura\u201d que passar\u00e1 por Sorocaba vendendo as obras de La\u00e9 de Souza pelo valor simb\u00f3lico de R$1,00 convida os escritores de Sorocaba e Regi\u00e3o para fazerem parte do evento.\u00a0A proposta \u00e9 que o escritor interessado entregue ao grupo \u201cProjetos de Leitura\u201d cinco exemplares de suas obras, que dever\u00e3o ser liter\u00e1rias, para [&hellip;]<\/p>\n","protected":false},"author":3,"featured_media":0,"comment_status":"open","ping_status":"open","sticky":false,"template":"","format":"standard","meta":{"_genesis_hide_title":false,"_genesis_hide_breadcrumbs":false,"_genesis_hide_singular_image":false,"_genesis_hide_footer_widgets":false,"_genesis_custom_body_class":"","_genesis_custom_post_class":"","_genesis_layout":"","_jetpack_memberships_contains_paid_content":false,"footnotes":""},"categories":[22],"tags":[],"class_list":{"0":"post-31165","1":"post","2":"type-post","3":"status-publish","4":"format-standard","6":"category-brasil","7":"entry","8":"gs-1","9":"gs-odd","10":"gs-even","11":"gs-featured-content-entry"},"jetpack_featured_media_url":"","jetpack_sharing_enabled":true,"jetpack_likes_enabled":true,"_links":{"self":[{"href":"https:\/\/www.redenoticia.com.br\/noticia\/wp-json\/wp\/v2\/posts\/31165","targetHints":{"allow":["GET"]}}],"collection":[{"href":"https:\/\/www.redenoticia.com.br\/noticia\/wp-json\/wp\/v2\/posts"}],"about":[{"href":"https:\/\/www.redenoticia.com.br\/noticia\/wp-json\/wp\/v2\/types\/post"}],"author":[{"embeddable":true,"href":"https:\/\/www.redenoticia.com.br\/noticia\/wp-json\/wp\/v2\/users\/3"}],"replies":[{"embeddable":true,"href":"https:\/\/www.redenoticia.com.br\/noticia\/wp-json\/wp\/v2\/comments?post=31165"}],"version-history":[{"count":0,"href":"https:\/\/www.redenoticia.com.br\/noticia\/wp-json\/wp\/v2\/posts\/31165\/revisions"}],"wp:attachment":[{"href":"https:\/\/www.redenoticia.com.br\/noticia\/wp-json\/wp\/v2\/media?parent=31165"}],"wp:term":[{"taxonomy":"category","embeddable":true,"href":"https:\/\/www.redenoticia.com.br\/noticia\/wp-json\/wp\/v2\/categories?post=31165"},{"taxonomy":"post_tag","embeddable":true,"href":"https:\/\/www.redenoticia.com.br\/noticia\/wp-json\/wp\/v2\/tags?post=31165"}],"curies":[{"name":"wp","href":"https:\/\/api.w.org\/{rel}","templated":true}]}}